{"id":11150,"date":"2025-07-22T12:34:24","date_gmt":"2025-07-22T10:34:24","guid":{"rendered":"https:\/\/semmelweis.hu\/bioinformatika\/?p=11150"},"modified":"2025-07-28T10:59:46","modified_gmt":"2025-07-28T08:59:46","slug":"dr-munkacsy-gyongyi-uj-cikke-jelent-meg-rangos-nemzetkozi-folyoiratban","status":"publish","type":"post","link":"https:\/\/semmelweis.hu\/bioinformatika\/dr-munkacsy-gyongyi-uj-cikke-jelent-meg-rangos-nemzetkozi-folyoiratban\/","title":{"rendered":"Dr. Munk\u00e1csy Gy\u00f6ngyi \u00faj cikke jelent meg rangos nemzetk\u00f6zi foly\u00f3iratban"},"content":{"rendered":"<p style=\"font-weight: 400\"><img loading=\"lazy\" decoding=\"async\" class=\" wp-image-11049 alignleft\" src=\"https:\/\/semmelweis.hu\/bioinformatika\/files\/2025\/06\/gyongyi-javitotot-267x400.jpg\" alt=\"\" width=\"226\" height=\"338\" srcset=\"https:\/\/semmelweis.hu\/bioinformatika\/files\/2025\/06\/gyongyi-javitotot-267x400.jpg 267w, https:\/\/semmelweis.hu\/bioinformatika\/files\/2025\/06\/gyongyi-javitotot.jpg 600w\" sizes=\"auto, (max-width: 226px) 100vw, 226px\" \/>A The Oncologist 2025. j\u00faniusi sz\u00e1m\u00e1ban jelent meg\u00a0<strong>Dr. Munk\u00e1csy Gy\u00f6ngyi, Dr. Libero Santarpia \u00e9s Prof. Dr. Gy\u0151rffy Bal\u00e1zs<\/strong>\u00a0k\u00f6z\u00f6s tanulm\u00e1nya, amely a HER2-low \u00e9s HER2-ultralow eml\u0151daganatok immunaktiv\u00e1ci\u00f3s mint\u00e1zatait vizsg\u00e1lta. A kutat\u00e1s t\u00f6bb mint 8000 beteg adat\u00e1n alapul, \u00e9s kimutatta, hogy ezek az alcsoportok \u00f6n\u00e1ll\u00f3 biol\u00f3giai entit\u00e1sk\u00e9nt viselkednek, elt\u00e9r\u0151 progn\u00f3zissal \u00e9s immunol\u00f3giai profillal. Kiemelked\u0151 eredm\u00e9ny, hogy a HER2-low\/hormonreceptor-pozit\u00edv daganatok kedvez\u0151bb t\u00fal\u00e9l\u00e9ssel t\u00e1rsultak, m\u00edg a HER2-ultralow\/hormonreceptor-negat\u00edv csoport fokozott immunv\u00e1laszt mutatott. A tanulm\u00e1ny \u00faj ir\u00e1nyokat nyithat a szem\u00e9lyre szabott, c\u00e9lzott ter\u00e1pi\u00e1k fejleszt\u00e9s\u00e9ben.<\/p>\n<p style=\"font-weight: 400\">A cikk let\u00f6lthet\u0151 az al\u00e1bbi linken: <a href=\"https:\/\/pmc.ncbi.nlm.nih.gov\/articles\/PMC12205994\/\">https:\/\/pmc.ncbi.nlm.nih.gov\/articles\/PMC12205994\/<\/a><\/p>\n","protected":false},"excerpt":{"rendered":"<p>A The Oncologist 2025. j\u00faniusi sz\u00e1m\u00e1ban jelent meg\u00a0Dr. Munk\u00e1csy Gy\u00f6ngyi, Dr. Libero Santarpia \u00e9s Prof. Dr. Gy\u0151rffy Bal\u00e1zs\u00a0k\u00f6z\u00f6s tanulm\u00e1nya, amely a HER2-low \u00e9s HER2-ultralow eml\u0151daganatok immunaktiv\u00e1ci\u00f3s mint\u00e1zatait vizsg\u00e1lta. A kutat\u00e1s t\u00f6bb mint 8000 beteg adat\u00e1n alapul, \u00e9s kimutatta, hogy ezek az alcsoportok \u00f6n\u00e1ll\u00f3 biol\u00f3giai entit\u00e1sk\u00e9nt viselkednek, elt\u00e9r\u0151 progn\u00f3zissal \u00e9s immunol\u00f3giai profillal. Kiemelked\u0151 eredm\u00e9ny, hogy a &hellip;<\/p>\n","protected":false},"author":102440,"featured_media":11161,"comment_status":"closed","ping_status":"closed","sticky":false,"template":"","format":"standard","meta":{"_acf_changed":false,"footnotes":""},"categories":[2],"tags":[],"class_list":["post-11150","post","type-post","status-publish","format-standard","has-post-thumbnail","hentry","category-hirek"],"acf":[],"_links":{"self":[{"href":"https:\/\/semmelweis.hu\/bioinformatika\/wp-json\/wp\/v2\/posts\/11150","targetHints":{"allow":["GET"]}}],"collection":[{"href":"https:\/\/semmelweis.hu\/bioinformatika\/wp-json\/wp\/v2\/posts"}],"about":[{"href":"https:\/\/semmelweis.hu\/bioinformatika\/wp-json\/wp\/v2\/types\/post"}],"author":[{"embeddable":true,"href":"https:\/\/semmelweis.hu\/bioinformatika\/wp-json\/wp\/v2\/users\/102440"}],"replies":[{"embeddable":true,"href":"https:\/\/semmelweis.hu\/bioinformatika\/wp-json\/wp\/v2\/comments?post=11150"}],"version-history":[{"count":6,"href":"https:\/\/semmelweis.hu\/bioinformatika\/wp-json\/wp\/v2\/posts\/11150\/revisions"}],"predecessor-version":[{"id":11157,"href":"https:\/\/semmelweis.hu\/bioinformatika\/wp-json\/wp\/v2\/posts\/11150\/revisions\/11157"}],"wp:featuredmedia":[{"embeddable":true,"href":"https:\/\/semmelweis.hu\/bioinformatika\/wp-json\/wp\/v2\/media\/11161"}],"wp:attachment":[{"href":"https:\/\/semmelweis.hu\/bioinformatika\/wp-json\/wp\/v2\/media?parent=11150"}],"wp:term":[{"taxonomy":"category","embeddable":true,"href":"https:\/\/semmelweis.hu\/bioinformatika\/wp-json\/wp\/v2\/categories?post=11150"},{"taxonomy":"post_tag","embeddable":true,"href":"https:\/\/semmelweis.hu\/bioinformatika\/wp-json\/wp\/v2\/tags?post=11150"}],"curies":[{"name":"wp","href":"https:\/\/api.w.org\/{rel}","templated":true}]}}