{"id":11128,"date":"2025-07-14T09:00:15","date_gmt":"2025-07-14T07:00:15","guid":{"rendered":"https:\/\/semmelweis.hu\/bioinformatika\/?p=11128"},"modified":"2025-09-09T15:30:03","modified_gmt":"2025-09-09T13:30:03","slug":"dr-menyhart-otilia-uj-cikke-jelent-meg-d1-es-besorolasu-rangos-nemzetkozi-folyoiratban","status":"publish","type":"post","link":"https:\/\/semmelweis.hu\/bioinformatika\/dr-menyhart-otilia-uj-cikke-jelent-meg-d1-es-besorolasu-rangos-nemzetkozi-folyoiratban\/","title":{"rendered":"Dr. Menyh\u00e1rt Ot\u00edlia \u00daj cikke jelent meg D1-es besorol\u00e1s\u00fa, rangos nemzetk\u00f6zi foly\u00f3iratban"},"content":{"rendered":"<p style=\"text-align: justify\"><b><img loading=\"lazy\" decoding=\"async\" class=\"wp-image-11044 alignleft\" src=\"https:\/\/semmelweis.hu\/bioinformatika\/files\/2025\/06\/Menyhart-Oti-267x400.jpg\" alt=\"\" width=\"295\" height=\"443\" srcset=\"https:\/\/semmelweis.hu\/bioinformatika\/files\/2025\/06\/Menyhart-Oti-267x400.jpg 267w, https:\/\/semmelweis.hu\/bioinformatika\/files\/2025\/06\/Menyhart-Oti.jpg 600w\" sizes=\"auto, (max-width: 295px) 100vw, 295px\" \/>Dr. Menyhart Otilia \u00e9s Prof. Dr. Gy\u0151rffy Bal\u00e1zs<\/b>\u00a0vezet\u0151 szerz\u0151s\u00e9g\u00e9vel 2025 j\u00fanius\u00e1ban jelent meg egy k\u00f6zlem\u00e9ny az\u00a0<em>International Journal of Epidemiology<\/em>\u00a0c\u00edm\u0171 D1-es besorol\u00e1s\u00fa, rangos nemzetk\u00f6zi foly\u00f3iratban. A tanulm\u00e1ny az \u00e9lettudom\u00e1nyi kutat\u00e1sokban el\u0151fordul\u00f3 statisztikai multiplicit\u00e1s probl\u00e9m\u00e1ira h\u00edvja fel a figyelmet.<u><\/u><u><\/u><\/p>\n<p style=\"text-align: justify\">A multiplicit\u00e1s figyelmen k\u00edv\u00fcl hagy\u00e1sa jelent\u0151sen n\u00f6veli a hamis pozit\u00edv eredm\u00e9nyek ar\u00e1ny\u00e1t, ami torz\u00edthatja a k\u00f6vetkeztet\u00e9seket \u00e9s a klinikai d\u00f6nt\u00e9seket. A szerz\u0151k bemutatj\u00e1k a leggyakoribb helyzeteket (pl. t\u00f6bb v\u00e9gpont, alcsoport-elemz\u00e9sek), \u00e1ttekintik a korrekci\u00f3s m\u00f3dszerek (pl. Bonferroni, Holm, Benjamini\u2013Hochberg) alkalmaz\u00e1s\u00e1t, \u00e9s hangs\u00falyozz\u00e1k a prespecifik\u00e1lt statisztikai tervek fontoss\u00e1g\u00e1t.<u><\/u><u><\/u><\/p>\n<p style=\"text-align: justify\">A kutat\u00f3k \u00e1ltal fejlesztett, ny\u00edlt hozz\u00e1f\u00e9r\u00e9s\u0171\u00a0<a href=\"http:\/\/multipletesting.com\/\" target=\"_blank\" rel=\"noopener\">multipletesting.com<\/a>\u00a0eszk\u00f6z seg\u00edti a megfelel\u0151 korrekci\u00f3k alkalmaz\u00e1s\u00e1t programoz\u00e1si ismeretek n\u00e9lk\u00fcl. A cikk k\u00fcl\u00f6n kiemeli a bioinformatikai elemz\u00e9sek magas multiplicit\u00e1si kock\u00e1zat\u00e1t, \u00e9s gyakorlati aj\u00e1nl\u00e1sokat ad a helyes kezel\u00e9s\u00fckre.<u><\/u><u><\/u><\/p>\n<p style=\"text-align: justify\">A teljes cikk <a href=\"https:\/\/academic.oup.com\/ije\/article\/54\/4\/dyaf098\/8176915\">ezen<\/a> a linken el\u00e9rhet\u0151.<\/p>\n","protected":false},"excerpt":{"rendered":"<p>Dr. Menyhart Otilia \u00e9s Prof. Dr. Gy\u0151rffy Bal\u00e1zs\u00a0vezet\u0151 szerz\u0151s\u00e9g\u00e9vel 2025 j\u00fanius\u00e1ban jelent meg egy k\u00f6zlem\u00e9ny az\u00a0International Journal of Epidemiology\u00a0c\u00edm\u0171 D1-es besorol\u00e1s\u00fa, rangos nemzetk\u00f6zi foly\u00f3iratban. A tanulm\u00e1ny az \u00e9lettudom\u00e1nyi kutat\u00e1sokban el\u0151fordul\u00f3 statisztikai multiplicit\u00e1s probl\u00e9m\u00e1ira h\u00edvja fel a figyelmet. A multiplicit\u00e1s figyelmen k\u00edv\u00fcl hagy\u00e1sa jelent\u0151sen n\u00f6veli a hamis pozit\u00edv eredm\u00e9nyek ar\u00e1ny\u00e1t, ami torz\u00edthatja a k\u00f6vetkeztet\u00e9seket \u00e9s a &hellip;<\/p>\n","protected":false},"author":102440,"featured_media":8107,"comment_status":"closed","ping_status":"closed","sticky":false,"template":"","format":"standard","meta":{"_acf_changed":false,"footnotes":""},"categories":[2],"tags":[],"class_list":["post-11128","post","type-post","status-publish","format-standard","has-post-thumbnail","hentry","category-hirek"],"acf":[],"_links":{"self":[{"href":"https:\/\/semmelweis.hu\/bioinformatika\/wp-json\/wp\/v2\/posts\/11128","targetHints":{"allow":["GET"]}}],"collection":[{"href":"https:\/\/semmelweis.hu\/bioinformatika\/wp-json\/wp\/v2\/posts"}],"about":[{"href":"https:\/\/semmelweis.hu\/bioinformatika\/wp-json\/wp\/v2\/types\/post"}],"author":[{"embeddable":true,"href":"https:\/\/semmelweis.hu\/bioinformatika\/wp-json\/wp\/v2\/users\/102440"}],"replies":[{"embeddable":true,"href":"https:\/\/semmelweis.hu\/bioinformatika\/wp-json\/wp\/v2\/comments?post=11128"}],"version-history":[{"count":3,"href":"https:\/\/semmelweis.hu\/bioinformatika\/wp-json\/wp\/v2\/posts\/11128\/revisions"}],"predecessor-version":[{"id":11132,"href":"https:\/\/semmelweis.hu\/bioinformatika\/wp-json\/wp\/v2\/posts\/11128\/revisions\/11132"}],"wp:featuredmedia":[{"embeddable":true,"href":"https:\/\/semmelweis.hu\/bioinformatika\/wp-json\/wp\/v2\/media\/8107"}],"wp:attachment":[{"href":"https:\/\/semmelweis.hu\/bioinformatika\/wp-json\/wp\/v2\/media?parent=11128"}],"wp:term":[{"taxonomy":"category","embeddable":true,"href":"https:\/\/semmelweis.hu\/bioinformatika\/wp-json\/wp\/v2\/categories?post=11128"},{"taxonomy":"post_tag","embeddable":true,"href":"https:\/\/semmelweis.hu\/bioinformatika\/wp-json\/wp\/v2\/tags?post=11128"}],"curies":[{"name":"wp","href":"https:\/\/api.w.org\/{rel}","templated":true}]}}