{"id":11121,"date":"2025-07-04T08:27:46","date_gmt":"2025-07-04T06:27:46","guid":{"rendered":"https:\/\/semmelweis.hu\/bioinformatika\/?p=11121"},"modified":"2025-07-04T08:47:44","modified_gmt":"2025-07-04T06:47:44","slug":"elkeszult-a-tanszekunkon-a-mesterseges-intelligencia-alapu-szakmai-elemzofelulet","status":"publish","type":"post","link":"https:\/\/semmelweis.hu\/bioinformatika\/elkeszult-a-tanszekunkon-a-mesterseges-intelligencia-alapu-szakmai-elemzofelulet\/","title":{"rendered":"Elk\u00e9sz\u00fclt a Tansz\u00e9k\u00fcnk\u00f6n a mesters\u00e9ges intelligencia-alap\u00fa szakmai elemz\u0151fel\u00fclet"},"content":{"rendered":"<p><img loading=\"lazy\" decoding=\"async\" class=\"size-medium wp-image-11039 alignleft\" src=\"https:\/\/semmelweis.hu\/bioinformatika\/files\/2025\/06\/Posta-Mate-267x400.jpg\" alt=\"\" width=\"267\" height=\"400\" srcset=\"https:\/\/semmelweis.hu\/bioinformatika\/files\/2025\/06\/Posta-Mate-267x400.jpg 267w, https:\/\/semmelweis.hu\/bioinformatika\/files\/2025\/06\/Posta-Mate.jpg 600w\" sizes=\"auto, (max-width: 267px) 100vw, 267px\" \/>Elk\u00e9sz\u00fclt a tansz\u00e9ken, <strong>dr.<\/strong> <b>Posta M\u00e1t\u00e9<\/b> munk\u00e1ja nyom\u00e1n egy helyben fut\u00f3 mesters\u00e9ges intelligencia-alap\u00fa elemz\u0151fel\u00fclet, amely k\u00e9pes tudom\u00e1nyos publik\u00e1ci\u00f3k \u00e9s dokumentumok alapj\u00e1n v\u00e1laszt adni szakmai k\u00e9rd\u00e9sekre. A rendszer z\u00e1rt k\u00f6rnyezetben m\u0171k\u00f6dik, \u00edgy az \u00e9rz\u00e9keny adatok sem ker\u00fclnek ki k\u00fcls\u0151 szerverekre. A felhaszn\u00e1l\u00f3k PDF form\u00e1tum\u00fa tudom\u00e1nyos cikkeket vagy dokumentumokat t\u00f6lthetnek fel, majd term\u00e9szetes nyelven k\u00e9rd\u00e9seket tehetnek fel a tartalmukkal kapcsolatban. A rendszer \u00f6sszefoglalja a dokumentumokat, v\u00e1laszol a feltett k\u00e9rd\u00e9sekre, \u00e9s kiemeli a sz\u00fcks\u00e9ges inform\u00e1ci\u00f3kat.<\/p>\n<p>Link:\u00a0<a href=\"https:\/\/llm.gyorffylab.com\/\" target=\"_blank\" rel=\"noopener\">https:\/\/llm.gyorffylab.com\/<\/a><\/p>\n","protected":false},"excerpt":{"rendered":"<p>Elk\u00e9sz\u00fclt a tansz\u00e9ken, dr. Posta M\u00e1t\u00e9 munk\u00e1ja nyom\u00e1n egy helyben fut\u00f3 mesters\u00e9ges intelligencia-alap\u00fa elemz\u0151fel\u00fclet, amely k\u00e9pes tudom\u00e1nyos publik\u00e1ci\u00f3k \u00e9s dokumentumok alapj\u00e1n v\u00e1laszt adni szakmai k\u00e9rd\u00e9sekre. A rendszer z\u00e1rt k\u00f6rnyezetben m\u0171k\u00f6dik, \u00edgy az \u00e9rz\u00e9keny adatok sem ker\u00fclnek ki k\u00fcls\u0151 szerverekre. A felhaszn\u00e1l\u00f3k PDF form\u00e1tum\u00fa tudom\u00e1nyos cikkeket vagy dokumentumokat t\u00f6lthetnek fel, majd term\u00e9szetes nyelven k\u00e9rd\u00e9seket tehetnek fel &hellip;<\/p>\n","protected":false},"author":102440,"featured_media":11124,"comment_status":"closed","ping_status":"closed","sticky":false,"template":"","format":"standard","meta":{"_acf_changed":false,"footnotes":""},"categories":[2],"tags":[],"class_list":["post-11121","post","type-post","status-publish","format-standard","has-post-thumbnail","hentry","category-hirek"],"acf":[],"_links":{"self":[{"href":"https:\/\/semmelweis.hu\/bioinformatika\/wp-json\/wp\/v2\/posts\/11121","targetHints":{"allow":["GET"]}}],"collection":[{"href":"https:\/\/semmelweis.hu\/bioinformatika\/wp-json\/wp\/v2\/posts"}],"about":[{"href":"https:\/\/semmelweis.hu\/bioinformatika\/wp-json\/wp\/v2\/types\/post"}],"author":[{"embeddable":true,"href":"https:\/\/semmelweis.hu\/bioinformatika\/wp-json\/wp\/v2\/users\/102440"}],"replies":[{"embeddable":true,"href":"https:\/\/semmelweis.hu\/bioinformatika\/wp-json\/wp\/v2\/comments?post=11121"}],"version-history":[{"count":5,"href":"https:\/\/semmelweis.hu\/bioinformatika\/wp-json\/wp\/v2\/posts\/11121\/revisions"}],"predecessor-version":[{"id":11127,"href":"https:\/\/semmelweis.hu\/bioinformatika\/wp-json\/wp\/v2\/posts\/11121\/revisions\/11127"}],"wp:featuredmedia":[{"embeddable":true,"href":"https:\/\/semmelweis.hu\/bioinformatika\/wp-json\/wp\/v2\/media\/11124"}],"wp:attachment":[{"href":"https:\/\/semmelweis.hu\/bioinformatika\/wp-json\/wp\/v2\/media?parent=11121"}],"wp:term":[{"taxonomy":"category","embeddable":true,"href":"https:\/\/semmelweis.hu\/bioinformatika\/wp-json\/wp\/v2\/categories?post=11121"},{"taxonomy":"post_tag","embeddable":true,"href":"https:\/\/semmelweis.hu\/bioinformatika\/wp-json\/wp\/v2\/tags?post=11121"}],"curies":[{"name":"wp","href":"https:\/\/api.w.org\/{rel}","templated":true}]}}