{"id":11101,"date":"2025-06-24T09:05:01","date_gmt":"2025-06-24T07:05:01","guid":{"rendered":"https:\/\/semmelweis.hu\/bioinformatika\/?p=11101"},"modified":"2025-06-25T09:32:07","modified_gmt":"2025-06-25T07:32:07","slug":"tanszekunk-munkatarsai-eacr-konferencian-vettek-reszt","status":"publish","type":"post","link":"https:\/\/semmelweis.hu\/bioinformatika\/tanszekunk-munkatarsai-eacr-konferencian-vettek-reszt\/","title":{"rendered":"Tansz\u00e9k\u00fcnk munkat\u00e1rsai EACR konferenci\u00e1n vettek r\u00e9szt."},"content":{"rendered":"<p style=\"text-align: justify\">Csoportunk kutat\u00f3i \u00e9s PhD hallgat\u00f3i (<b>Dr. Menyhart Ot\u00edlia, Dr. Fekete J\u00e1nos Tibor, M\u00fcller Dalma, Ankita Murmu \u00e9s Piercarlo Del Console<\/b>) k\u00e9pviselt\u00e9k a Semmelweis Egyetem Bioinformatika Tansz\u00e9k\u00e9t a lisszaboni European Association for Cancer Research \u00e1ltal szervezett rangos nemzetk\u00f6zi konferenci\u00e1n. A daganatos betegs\u00e9gek bioinformatikai elemz\u00e9s\u00e9nek leg\u00fajabb eredm\u00e9nyeit bemutat\u00f3 poszterek \u00e9l\u00e9nk \u00e9rdekl\u0151d\u00e9st v\u00e1ltottak ki a f\u0151k\u00e9nt eur\u00f3pai r\u00e9sztvev\u0151k k\u00f6z\u00f6tt.\u00a0<\/p>\n<p><img loading=\"lazy\" decoding=\"async\" class=\"alignnone  wp-image-11108\" src=\"https:\/\/semmelweis.hu\/bioinformatika\/files\/2025\/06\/IMG_3390-400x300.jpeg\" alt=\"\" width=\"787\" height=\"590\" srcset=\"https:\/\/semmelweis.hu\/bioinformatika\/files\/2025\/06\/IMG_3390-400x300.jpeg 400w, https:\/\/semmelweis.hu\/bioinformatika\/files\/2025\/06\/IMG_3390-1024x768.jpeg 1024w, https:\/\/semmelweis.hu\/bioinformatika\/files\/2025\/06\/IMG_3390-768x576.jpeg 768w, https:\/\/semmelweis.hu\/bioinformatika\/files\/2025\/06\/IMG_3390-1536x1152.jpeg 1536w, https:\/\/semmelweis.hu\/bioinformatika\/files\/2025\/06\/IMG_3390-2048x1536.jpeg 2048w, https:\/\/semmelweis.hu\/bioinformatika\/files\/2025\/06\/IMG_3390-753x565.jpeg 753w\" sizes=\"auto, (max-width: 787px) 100vw, 787px\" \/><\/p>\n","protected":false},"excerpt":{"rendered":"<p>Csoportunk kutat\u00f3i \u00e9s PhD hallgat\u00f3i (Dr. Menyhart Ot\u00edlia, Dr. Fekete J\u00e1nos Tibor, M\u00fcller Dalma, Ankita Murmu \u00e9s Piercarlo Del Console) k\u00e9pviselt\u00e9k a Semmelweis Egyetem Bioinformatika Tansz\u00e9k\u00e9t a lisszaboni European Association for Cancer Research \u00e1ltal szervezett rangos nemzetk\u00f6zi konferenci\u00e1n. A daganatos betegs\u00e9gek bioinformatikai elemz\u00e9s\u00e9nek leg\u00fajabb eredm\u00e9nyeit bemutat\u00f3 poszterek \u00e9l\u00e9nk \u00e9rdekl\u0151d\u00e9st v\u00e1ltottak ki a f\u0151k\u00e9nt eur\u00f3pai r\u00e9sztvev\u0151k &hellip;<\/p>\n","protected":false},"author":102440,"featured_media":11102,"comment_status":"closed","ping_status":"closed","sticky":false,"template":"","format":"standard","meta":{"_acf_changed":false,"footnotes":""},"categories":[2],"tags":[],"class_list":["post-11101","post","type-post","status-publish","format-standard","has-post-thumbnail","hentry","category-hirek"],"acf":[],"_links":{"self":[{"href":"https:\/\/semmelweis.hu\/bioinformatika\/wp-json\/wp\/v2\/posts\/11101","targetHints":{"allow":["GET"]}}],"collection":[{"href":"https:\/\/semmelweis.hu\/bioinformatika\/wp-json\/wp\/v2\/posts"}],"about":[{"href":"https:\/\/semmelweis.hu\/bioinformatika\/wp-json\/wp\/v2\/types\/post"}],"author":[{"embeddable":true,"href":"https:\/\/semmelweis.hu\/bioinformatika\/wp-json\/wp\/v2\/users\/102440"}],"replies":[{"embeddable":true,"href":"https:\/\/semmelweis.hu\/bioinformatika\/wp-json\/wp\/v2\/comments?post=11101"}],"version-history":[{"count":4,"href":"https:\/\/semmelweis.hu\/bioinformatika\/wp-json\/wp\/v2\/posts\/11101\/revisions"}],"predecessor-version":[{"id":11111,"href":"https:\/\/semmelweis.hu\/bioinformatika\/wp-json\/wp\/v2\/posts\/11101\/revisions\/11111"}],"wp:featuredmedia":[{"embeddable":true,"href":"https:\/\/semmelweis.hu\/bioinformatika\/wp-json\/wp\/v2\/media\/11102"}],"wp:attachment":[{"href":"https:\/\/semmelweis.hu\/bioinformatika\/wp-json\/wp\/v2\/media?parent=11101"}],"wp:term":[{"taxonomy":"category","embeddable":true,"href":"https:\/\/semmelweis.hu\/bioinformatika\/wp-json\/wp\/v2\/categories?post=11101"},{"taxonomy":"post_tag","embeddable":true,"href":"https:\/\/semmelweis.hu\/bioinformatika\/wp-json\/wp\/v2\/tags?post=11101"}],"curies":[{"name":"wp","href":"https:\/\/api.w.org\/{rel}","templated":true}]}}