{"id":11096,"date":"2025-06-23T08:36:26","date_gmt":"2025-06-23T06:36:26","guid":{"rendered":"https:\/\/semmelweis.hu\/bioinformatika\/?p=11096"},"modified":"2025-06-23T08:37:43","modified_gmt":"2025-06-23T06:37:43","slug":"megtartottuk-juniusi-kutatoi-szalonunkat","status":"publish","type":"post","link":"https:\/\/semmelweis.hu\/bioinformatika\/megtartottuk-juniusi-kutatoi-szalonunkat\/","title":{"rendered":"Megtartottuk j\u00faniusi kutat\u00f3i szalonunkat"},"content":{"rendered":"<p style=\"text-align: justify\">Kutat\u00f3i \u00e9rtekezlet\u00fcnket 2025.06.19-\u00e1n tartottuk meg, ahol 12 el\u0151ad\u00e1st hallhattunk k\u00fcl\u00f6nb\u00f6z\u0151 kutat\u00e1si ter\u00fcletekr\u0151l. Az el\u0151ad\u00e1sok sor\u00e1n sz\u00f3 esett t\u00f6bbek k\u00f6z\u00f6tt idegrendszeri folyamatok vizsg\u00e1lat\u00e1r\u00f3l, gy\u00f3gyszerhat\u00e1sok elemz\u00e9s\u00e9r\u0151l, matematikai \u00e9s statisztikai modellek alkalmaz\u00e1s\u00e1r\u00f3l, valamint molekul\u00e1ris biol\u00f3giai kutat\u00e1sokr\u00f3l. A program elej\u00e9n megbesz\u00e9lt\u00fck az aktu\u00e1lis feladatokat is, az el\u0151ad\u00e1sok k\u00f6z\u00f6tt pedig egy r\u00f6vid sz\u00fcnetet tartottunk, ami lehet\u0151s\u00e9get adott a k\u00f6tetlen eszmecser\u00e9re.<img loading=\"lazy\" decoding=\"async\" class=\"wp-image-11097 aligncenter\" src=\"https:\/\/semmelweis.hu\/bioinformatika\/files\/2025\/06\/jun-400x179.png\" alt=\"\" width=\"766\" height=\"343\" srcset=\"https:\/\/semmelweis.hu\/bioinformatika\/files\/2025\/06\/jun-400x179.png 400w, https:\/\/semmelweis.hu\/bioinformatika\/files\/2025\/06\/jun-768x343.png 768w, https:\/\/semmelweis.hu\/bioinformatika\/files\/2025\/06\/jun-753x336.png 753w, https:\/\/semmelweis.hu\/bioinformatika\/files\/2025\/06\/jun.png 987w\" sizes=\"auto, (max-width: 766px) 100vw, 766px\" \/><\/p>\n","protected":false},"excerpt":{"rendered":"<p>Kutat\u00f3i \u00e9rtekezlet\u00fcnket 2025.06.19-\u00e1n tartottuk meg, ahol 12 el\u0151ad\u00e1st hallhattunk k\u00fcl\u00f6nb\u00f6z\u0151 kutat\u00e1si ter\u00fcletekr\u0151l. Az el\u0151ad\u00e1sok sor\u00e1n sz\u00f3 esett t\u00f6bbek k\u00f6z\u00f6tt idegrendszeri folyamatok vizsg\u00e1lat\u00e1r\u00f3l, gy\u00f3gyszerhat\u00e1sok elemz\u00e9s\u00e9r\u0151l, matematikai \u00e9s statisztikai modellek alkalmaz\u00e1s\u00e1r\u00f3l, valamint molekul\u00e1ris biol\u00f3giai kutat\u00e1sokr\u00f3l. A program elej\u00e9n megbesz\u00e9lt\u00fck az aktu\u00e1lis feladatokat is, az el\u0151ad\u00e1sok k\u00f6z\u00f6tt pedig egy r\u00f6vid sz\u00fcnetet tartottunk, ami lehet\u0151s\u00e9get adott a k\u00f6tetlen eszmecser\u00e9re.<\/p>\n","protected":false},"author":102440,"featured_media":11100,"comment_status":"closed","ping_status":"closed","sticky":false,"template":"","format":"standard","meta":{"_acf_changed":false,"footnotes":""},"categories":[2],"tags":[],"class_list":["post-11096","post","type-post","status-publish","format-standard","has-post-thumbnail","hentry","category-hirek"],"acf":[],"_links":{"self":[{"href":"https:\/\/semmelweis.hu\/bioinformatika\/wp-json\/wp\/v2\/posts\/11096","targetHints":{"allow":["GET"]}}],"collection":[{"href":"https:\/\/semmelweis.hu\/bioinformatika\/wp-json\/wp\/v2\/posts"}],"about":[{"href":"https:\/\/semmelweis.hu\/bioinformatika\/wp-json\/wp\/v2\/types\/post"}],"author":[{"embeddable":true,"href":"https:\/\/semmelweis.hu\/bioinformatika\/wp-json\/wp\/v2\/users\/102440"}],"replies":[{"embeddable":true,"href":"https:\/\/semmelweis.hu\/bioinformatika\/wp-json\/wp\/v2\/comments?post=11096"}],"version-history":[{"count":2,"href":"https:\/\/semmelweis.hu\/bioinformatika\/wp-json\/wp\/v2\/posts\/11096\/revisions"}],"predecessor-version":[{"id":11099,"href":"https:\/\/semmelweis.hu\/bioinformatika\/wp-json\/wp\/v2\/posts\/11096\/revisions\/11099"}],"wp:featuredmedia":[{"embeddable":true,"href":"https:\/\/semmelweis.hu\/bioinformatika\/wp-json\/wp\/v2\/media\/11100"}],"wp:attachment":[{"href":"https:\/\/semmelweis.hu\/bioinformatika\/wp-json\/wp\/v2\/media?parent=11096"}],"wp:term":[{"taxonomy":"category","embeddable":true,"href":"https:\/\/semmelweis.hu\/bioinformatika\/wp-json\/wp\/v2\/categories?post=11096"},{"taxonomy":"post_tag","embeddable":true,"href":"https:\/\/semmelweis.hu\/bioinformatika\/wp-json\/wp\/v2\/tags?post=11096"}],"curies":[{"name":"wp","href":"https:\/\/api.w.org\/{rel}","templated":true}]}}