{"id":11028,"date":"2025-06-02T12:14:06","date_gmt":"2025-06-02T10:14:06","guid":{"rendered":"https:\/\/semmelweis.hu\/bioinformatika\/?p=11028"},"modified":"2025-06-02T12:14:06","modified_gmt":"2025-06-02T10:14:06","slug":"elixir-nyari-intenziv-bioinformatikai-kurzus","status":"publish","type":"post","link":"https:\/\/semmelweis.hu\/bioinformatika\/elixir-nyari-intenziv-bioinformatikai-kurzus\/","title":{"rendered":"ELIXIR \u2013 Ny\u00e1ri Intenz\u00edv Bioinformatikai Kurzus"},"content":{"rendered":"<p><img loading=\"lazy\" decoding=\"async\" class=\"size-medium wp-image-11030 alignleft\" src=\"https:\/\/semmelweis.hu\/bioinformatika\/files\/2025\/06\/albert_elixir-egyedul-400x300.jpg\" alt=\"\" width=\"400\" height=\"300\" srcset=\"https:\/\/semmelweis.hu\/bioinformatika\/files\/2025\/06\/albert_elixir-egyedul-400x300.jpg 400w, https:\/\/semmelweis.hu\/bioinformatika\/files\/2025\/06\/albert_elixir-egyedul-1024x768.jpg 1024w, https:\/\/semmelweis.hu\/bioinformatika\/files\/2025\/06\/albert_elixir-egyedul-768x576.jpg 768w, https:\/\/semmelweis.hu\/bioinformatika\/files\/2025\/06\/albert_elixir-egyedul-1536x1152.jpg 1536w, https:\/\/semmelweis.hu\/bioinformatika\/files\/2025\/06\/albert_elixir-egyedul-753x565.jpg 753w, https:\/\/semmelweis.hu\/bioinformatika\/files\/2025\/06\/albert_elixir-egyedul.jpg 2048w\" sizes=\"auto, (max-width: 400px) 100vw, 400px\" \/>2025.\u00a0 \u00a0j\u00fanius 2-\u00e1n nagy \u00e9rdekl\u0151d\u00e9s mellett elindult az ELIXIR \u2013 Ny\u00e1ri Intenz\u00edv Bioinformatikai Kurzus, amelyen <b>Prof. Dr.\u00a0Albert<\/b>\u00a0<b>Istv\u00e1n<\/b>, a Pennsylvaniai \u00c1llami Egyetem bioinformatika professzora tart oktat\u00e1st.\u00a0A kurzus lebonyol\u00edt\u00e1s\u00e1t\u00a0<b>Dr. Tusn\u00e1dy G\u00e1bor<\/b>\u00a0\u00e9s\u00a0<b>Dr. Munk\u00e1csy Gy\u00f6ngyi<\/b>\u00a0szervezt\u00e9k meg.\u00a0A kurzus c\u00e9lja, hogy a r\u00e9sztvev\u0151k gyakorlati p\u00e9ld\u00e1kon kereszt\u00fcl ismerkedjenek meg az alkalmazott bioinformatik\u00e1val \u00e9s a tudom\u00e1nyos publik\u00e1ci\u00f3k reprodukci\u00f3j\u00e1val<\/p>\n","protected":false},"excerpt":{"rendered":"<p>2025.\u00a0 \u00a0j\u00fanius 2-\u00e1n nagy \u00e9rdekl\u0151d\u00e9s mellett elindult az ELIXIR \u2013 Ny\u00e1ri Intenz\u00edv Bioinformatikai Kurzus, amelyen Prof. Dr.\u00a0Albert\u00a0Istv\u00e1n, a Pennsylvaniai \u00c1llami Egyetem bioinformatika professzora tart oktat\u00e1st.\u00a0A kurzus lebonyol\u00edt\u00e1s\u00e1t\u00a0Dr. Tusn\u00e1dy G\u00e1bor\u00a0\u00e9s\u00a0Dr. Munk\u00e1csy Gy\u00f6ngyi\u00a0szervezt\u00e9k meg.\u00a0A kurzus c\u00e9lja, hogy a r\u00e9sztvev\u0151k gyakorlati p\u00e9ld\u00e1kon kereszt\u00fcl ismerkedjenek meg az alkalmazott bioinformatik\u00e1val \u00e9s a tudom\u00e1nyos publik\u00e1ci\u00f3k reprodukci\u00f3j\u00e1val<\/p>\n","protected":false},"author":102440,"featured_media":11029,"comment_status":"closed","ping_status":"closed","sticky":false,"template":"","format":"standard","meta":{"_acf_changed":false,"footnotes":""},"categories":[2],"tags":[],"class_list":["post-11028","post","type-post","status-publish","format-standard","has-post-thumbnail","hentry","category-hirek"],"acf":[],"_links":{"self":[{"href":"https:\/\/semmelweis.hu\/bioinformatika\/wp-json\/wp\/v2\/posts\/11028","targetHints":{"allow":["GET"]}}],"collection":[{"href":"https:\/\/semmelweis.hu\/bioinformatika\/wp-json\/wp\/v2\/posts"}],"about":[{"href":"https:\/\/semmelweis.hu\/bioinformatika\/wp-json\/wp\/v2\/types\/post"}],"author":[{"embeddable":true,"href":"https:\/\/semmelweis.hu\/bioinformatika\/wp-json\/wp\/v2\/users\/102440"}],"replies":[{"embeddable":true,"href":"https:\/\/semmelweis.hu\/bioinformatika\/wp-json\/wp\/v2\/comments?post=11028"}],"version-history":[{"count":3,"href":"https:\/\/semmelweis.hu\/bioinformatika\/wp-json\/wp\/v2\/posts\/11028\/revisions"}],"predecessor-version":[{"id":11033,"href":"https:\/\/semmelweis.hu\/bioinformatika\/wp-json\/wp\/v2\/posts\/11028\/revisions\/11033"}],"wp:featuredmedia":[{"embeddable":true,"href":"https:\/\/semmelweis.hu\/bioinformatika\/wp-json\/wp\/v2\/media\/11029"}],"wp:attachment":[{"href":"https:\/\/semmelweis.hu\/bioinformatika\/wp-json\/wp\/v2\/media?parent=11028"}],"wp:term":[{"taxonomy":"category","embeddable":true,"href":"https:\/\/semmelweis.hu\/bioinformatika\/wp-json\/wp\/v2\/categories?post=11028"},{"taxonomy":"post_tag","embeddable":true,"href":"https:\/\/semmelweis.hu\/bioinformatika\/wp-json\/wp\/v2\/tags?post=11028"}],"curies":[{"name":"wp","href":"https:\/\/api.w.org\/{rel}","templated":true}]}}