{"id":11022,"date":"2025-06-02T08:29:18","date_gmt":"2025-06-02T06:29:18","guid":{"rendered":"https:\/\/semmelweis.hu\/bioinformatika\/?p=11022"},"modified":"2025-06-16T09:08:52","modified_gmt":"2025-06-16T07:08:52","slug":"szemeszterzaro-vacsora-a-trofeaban","status":"publish","type":"post","link":"https:\/\/semmelweis.hu\/bioinformatika\/szemeszterzaro-vacsora-a-trofeaban\/","title":{"rendered":"Szemeszterz\u00e1r\u00f3 vacsora a Tr\u00f3fe\u00e1ban"},"content":{"rendered":"<p style=\"text-align: justify\"><img loading=\"lazy\" decoding=\"async\" class=\"alignleft wp-image-11023 \" src=\"https:\/\/semmelweis.hu\/bioinformatika\/files\/2025\/06\/trofea-e1748845720539-400x371.jpg\" alt=\"\" width=\"246\" height=\"228\" \/>A Bioinformatika Tansz\u00e9k 2024\/25-\u00f6s tan\u00e9v m\u00e1sodik szemeszter lez\u00e1r\u00e1s\u00e1t k\u00f6z\u00f6s vacsor\u00e1val \u00fcnnepelte a Tr\u00f3fea Grill \u00c9tteremben. Az est j\u00f3 alkalom volt arra, hogy hallgat\u00f3k \u00e9s oktat\u00f3k egy\u00fctt tekintsenek vissza az elm\u00falt h\u00f3napokra, \u00e9s meg\u00fcnnepelj\u00e9k a k\u00f6z\u00f6sen el\u00e9rt sikereket. A k\u00f6tetlen hangulat\u00fa esem\u00e9ny er\u0151s\u00edtette a tansz\u00e9k k\u00f6z\u00f6ss\u00e9g\u00e9t, \u00e9s m\u00e9lt\u00f3 z\u00e1r\u00e1sa volt a f\u00e9l\u00e9vnek.<\/p>\n","protected":false},"excerpt":{"rendered":"<p>A Bioinformatika Tansz\u00e9k 2024\/25-\u00f6s tan\u00e9v m\u00e1sodik szemeszter lez\u00e1r\u00e1s\u00e1t k\u00f6z\u00f6s vacsor\u00e1val \u00fcnnepelte a Tr\u00f3fea Grill \u00c9tteremben. Az est j\u00f3 alkalom volt arra, hogy hallgat\u00f3k \u00e9s oktat\u00f3k egy\u00fctt tekintsenek vissza az elm\u00falt h\u00f3napokra, \u00e9s meg\u00fcnnepelj\u00e9k a k\u00f6z\u00f6sen el\u00e9rt sikereket. A k\u00f6tetlen hangulat\u00fa esem\u00e9ny er\u0151s\u00edtette a tansz\u00e9k k\u00f6z\u00f6ss\u00e9g\u00e9t, \u00e9s m\u00e9lt\u00f3 z\u00e1r\u00e1sa volt a f\u00e9l\u00e9vnek.<\/p>\n","protected":false},"author":102440,"featured_media":11023,"comment_status":"closed","ping_status":"closed","sticky":false,"template":"","format":"standard","meta":{"_acf_changed":false,"footnotes":""},"categories":[2],"tags":[],"class_list":["post-11022","post","type-post","status-publish","format-standard","has-post-thumbnail","hentry","category-hirek"],"acf":[],"_links":{"self":[{"href":"https:\/\/semmelweis.hu\/bioinformatika\/wp-json\/wp\/v2\/posts\/11022","targetHints":{"allow":["GET"]}}],"collection":[{"href":"https:\/\/semmelweis.hu\/bioinformatika\/wp-json\/wp\/v2\/posts"}],"about":[{"href":"https:\/\/semmelweis.hu\/bioinformatika\/wp-json\/wp\/v2\/types\/post"}],"author":[{"embeddable":true,"href":"https:\/\/semmelweis.hu\/bioinformatika\/wp-json\/wp\/v2\/users\/102440"}],"replies":[{"embeddable":true,"href":"https:\/\/semmelweis.hu\/bioinformatika\/wp-json\/wp\/v2\/comments?post=11022"}],"version-history":[{"count":6,"href":"https:\/\/semmelweis.hu\/bioinformatika\/wp-json\/wp\/v2\/posts\/11022\/revisions"}],"predecessor-version":[{"id":11093,"href":"https:\/\/semmelweis.hu\/bioinformatika\/wp-json\/wp\/v2\/posts\/11022\/revisions\/11093"}],"wp:featuredmedia":[{"embeddable":true,"href":"https:\/\/semmelweis.hu\/bioinformatika\/wp-json\/wp\/v2\/media\/11023"}],"wp:attachment":[{"href":"https:\/\/semmelweis.hu\/bioinformatika\/wp-json\/wp\/v2\/media?parent=11022"}],"wp:term":[{"taxonomy":"category","embeddable":true,"href":"https:\/\/semmelweis.hu\/bioinformatika\/wp-json\/wp\/v2\/categories?post=11022"},{"taxonomy":"post_tag","embeddable":true,"href":"https:\/\/semmelweis.hu\/bioinformatika\/wp-json\/wp\/v2\/tags?post=11022"}],"curies":[{"name":"wp","href":"https:\/\/api.w.org\/{rel}","templated":true}]}}