{"id":11017,"date":"2025-06-02T08:25:32","date_gmt":"2025-06-02T06:25:32","guid":{"rendered":"https:\/\/semmelweis.hu\/bioinformatika\/?p=11017"},"modified":"2025-06-02T08:27:06","modified_gmt":"2025-06-02T06:27:06","slug":"fenyo-david-professzor-eloadasa-a-rendszerszemleletu-megkozelitesekrol","status":"publish","type":"post","link":"https:\/\/semmelweis.hu\/bioinformatika\/fenyo-david-professzor-eloadasa-a-rendszerszemleletu-megkozelitesekrol\/","title":{"rendered":"Feny\u0151 D\u00e1vid professzor el\u0151ad\u00e1sa a rendszerszeml\u00e9let\u0171 megk\u00f6zel\u00edt\u00e9sekr\u0151l"},"content":{"rendered":"<p>2025. m\u00e1jus 29-\u00e9n Feny\u0151 D\u00e1vid professzor tartott el\u0151ad\u00e1st \u201eH\u00e1l\u00f3zatok: strukt\u00fara, dinamika, alkalmaz\u00e1sok\u201d c\u00edmmel. Az el\u0151ad\u00e1s a biol\u00f3giai jelens\u00e9gek m\u00f6g\u00f6tti \u00f6sszef\u00fcgg\u00e9sek felt\u00e1r\u00e1s\u00e1nak lehet\u0151s\u00e9geit j\u00e1rta k\u00f6r\u00fcl, \u00e9s r\u00e1vil\u00e1g\u00edtott arra, hogyan seg\u00edthet a rendszerszint\u0171 gondolkod\u00e1s a komplex folyamatok m\u00e9lyebb meg\u00e9rt\u00e9s\u00e9ben.<\/p>\n<p><img loading=\"lazy\" decoding=\"async\" class=\"wp-image-11018 aligncenter\" src=\"https:\/\/semmelweis.hu\/bioinformatika\/files\/2025\/06\/fenyo3-400x229.jpg\" alt=\"\" width=\"783\" height=\"448\" srcset=\"https:\/\/semmelweis.hu\/bioinformatika\/files\/2025\/06\/fenyo3-400x229.jpg 400w, https:\/\/semmelweis.hu\/bioinformatika\/files\/2025\/06\/fenyo3-1024x586.jpg 1024w, https:\/\/semmelweis.hu\/bioinformatika\/files\/2025\/06\/fenyo3-768x440.jpg 768w, https:\/\/semmelweis.hu\/bioinformatika\/files\/2025\/06\/fenyo3-753x431.jpg 753w, https:\/\/semmelweis.hu\/bioinformatika\/files\/2025\/06\/fenyo3.jpg 1280w\" sizes=\"auto, (max-width: 783px) 100vw, 783px\" \/><\/p>\n","protected":false},"excerpt":{"rendered":"<p>2025. m\u00e1jus 29-\u00e9n Feny\u0151 D\u00e1vid professzor tartott el\u0151ad\u00e1st \u201eH\u00e1l\u00f3zatok: strukt\u00fara, dinamika, alkalmaz\u00e1sok\u201d c\u00edmmel. Az el\u0151ad\u00e1s a biol\u00f3giai jelens\u00e9gek m\u00f6g\u00f6tti \u00f6sszef\u00fcgg\u00e9sek felt\u00e1r\u00e1s\u00e1nak lehet\u0151s\u00e9geit j\u00e1rta k\u00f6r\u00fcl, \u00e9s r\u00e1vil\u00e1g\u00edtott arra, hogyan seg\u00edthet a rendszerszint\u0171 gondolkod\u00e1s a komplex folyamatok m\u00e9lyebb meg\u00e9rt\u00e9s\u00e9ben.<\/p>\n","protected":false},"author":102440,"featured_media":11019,"comment_status":"closed","ping_status":"closed","sticky":false,"template":"","format":"standard","meta":{"_acf_changed":false,"footnotes":""},"categories":[2],"tags":[],"class_list":["post-11017","post","type-post","status-publish","format-standard","has-post-thumbnail","hentry","category-hirek"],"acf":[],"_links":{"self":[{"href":"https:\/\/semmelweis.hu\/bioinformatika\/wp-json\/wp\/v2\/posts\/11017","targetHints":{"allow":["GET"]}}],"collection":[{"href":"https:\/\/semmelweis.hu\/bioinformatika\/wp-json\/wp\/v2\/posts"}],"about":[{"href":"https:\/\/semmelweis.hu\/bioinformatika\/wp-json\/wp\/v2\/types\/post"}],"author":[{"embeddable":true,"href":"https:\/\/semmelweis.hu\/bioinformatika\/wp-json\/wp\/v2\/users\/102440"}],"replies":[{"embeddable":true,"href":"https:\/\/semmelweis.hu\/bioinformatika\/wp-json\/wp\/v2\/comments?post=11017"}],"version-history":[{"count":2,"href":"https:\/\/semmelweis.hu\/bioinformatika\/wp-json\/wp\/v2\/posts\/11017\/revisions"}],"predecessor-version":[{"id":11021,"href":"https:\/\/semmelweis.hu\/bioinformatika\/wp-json\/wp\/v2\/posts\/11017\/revisions\/11021"}],"wp:featuredmedia":[{"embeddable":true,"href":"https:\/\/semmelweis.hu\/bioinformatika\/wp-json\/wp\/v2\/media\/11019"}],"wp:attachment":[{"href":"https:\/\/semmelweis.hu\/bioinformatika\/wp-json\/wp\/v2\/media?parent=11017"}],"wp:term":[{"taxonomy":"category","embeddable":true,"href":"https:\/\/semmelweis.hu\/bioinformatika\/wp-json\/wp\/v2\/categories?post=11017"},{"taxonomy":"post_tag","embeddable":true,"href":"https:\/\/semmelweis.hu\/bioinformatika\/wp-json\/wp\/v2\/tags?post=11017"}],"curies":[{"name":"wp","href":"https:\/\/api.w.org\/{rel}","templated":true}]}}