{"id":11006,"date":"2025-05-27T11:40:21","date_gmt":"2025-05-27T09:40:21","guid":{"rendered":"https:\/\/semmelweis.hu\/bioinformatika\/?p=11006"},"modified":"2025-06-02T08:22:35","modified_gmt":"2025-06-02T06:22:35","slug":"dr-tusnady-gabor-uj-cikke-elfogadasra-kerult-a-molecular-cancer-folyoiratban","status":"publish","type":"post","link":"https:\/\/semmelweis.hu\/bioinformatika\/dr-tusnady-gabor-uj-cikke-elfogadasra-kerult-a-molecular-cancer-folyoiratban\/","title":{"rendered":"Dr. Tusn\u00e1dy G\u00e1bor \u00faj tudom\u00e1nyos publik\u00e1ci\u00f3ja a Molecular Cancer foly\u00f3iratban"},"content":{"rendered":"<p style=\"text-align: justify\"><img loading=\"lazy\" decoding=\"async\" class=\"size-medium wp-image-11007 alignright\" src=\"https:\/\/semmelweis.hu\/bioinformatika\/files\/2025\/05\/Screenshot-from-2025-05-27-11-45-17-400x280.png\" alt=\"\" width=\"400\" height=\"280\" srcset=\"https:\/\/semmelweis.hu\/bioinformatika\/files\/2025\/05\/Screenshot-from-2025-05-27-11-45-17-400x280.png 400w, https:\/\/semmelweis.hu\/bioinformatika\/files\/2025\/05\/Screenshot-from-2025-05-27-11-45-17.png 630w\" sizes=\"auto, (max-width: 400px) 100vw, 400px\" \/><\/p>\n<p style=\"text-align: justify\">Fontos tudom\u00e1nyos eredm\u00e9nyk\u00e9nt a\u00a0<em>Molecular Cancer<\/em> foly\u00f3irat elfogadta Dr. Tusn\u00e1dy G\u00e1bor t\u00e1rsszerz\u0151s\u00e9g\u00e9vel k\u00e9sz\u00fclt leg\u00fajabb tanulm\u00e1nyt. A publik\u00e1ci\u00f3 egy innovat\u00edv bioinformatikai m\u00f3dszert mutat be, amely g\u00e9nek t\u00f6bbdimenzi\u00f3s klaszterez\u00e9s\u00e9n kereszt\u00fcl seg\u00edti a daganatos elv\u00e1ltoz\u00e1sok molekul\u00e1ris szint\u0171 felt\u00e9rk\u00e9pez\u00e9s\u00e9t.<u><\/u><u><\/u><\/p>\n<p style=\"text-align: justify\">A kutat\u00e1s \u00faj lehet\u0151s\u00e9geket nyit a nagy mennyis\u00e9g\u0171 RNS-szekven\u00e1l\u00e1si adatok elemz\u00e9s\u00e9ben, k\u00fcl\u00f6n\u00f6sen a daganatok pontosabb oszt\u00e1lyoz\u00e1sa \u00e9s meg\u00e9rt\u00e9se ter\u00e9n.<u><\/u><u><\/u><\/p>\n<p class=\"western\" align=\"left\">Az eredeti k\u00f6zlem\u00e9ny <a href=\"https:\/\/link.springer.com\/article\/10.1186\/s12943-025-02310-0\">itt<\/a> \u00e9rhet\u0151 el.<\/p>\n","protected":false},"excerpt":{"rendered":"<p>Fontos tudom\u00e1nyos eredm\u00e9nyk\u00e9nt a\u00a0Molecular Cancer foly\u00f3irat elfogadta Dr. Tusn\u00e1dy G\u00e1bor t\u00e1rsszerz\u0151s\u00e9g\u00e9vel k\u00e9sz\u00fclt leg\u00fajabb tanulm\u00e1nyt. A publik\u00e1ci\u00f3 egy innovat\u00edv bioinformatikai m\u00f3dszert mutat be, amely g\u00e9nek t\u00f6bbdimenzi\u00f3s klaszterez\u00e9s\u00e9n kereszt\u00fcl seg\u00edti a daganatos elv\u00e1ltoz\u00e1sok molekul\u00e1ris szint\u0171 felt\u00e9rk\u00e9pez\u00e9s\u00e9t. A kutat\u00e1s \u00faj lehet\u0151s\u00e9geket nyit a nagy mennyis\u00e9g\u0171 RNS-szekven\u00e1l\u00e1si adatok elemz\u00e9s\u00e9ben, k\u00fcl\u00f6n\u00f6sen a daganatok pontosabb oszt\u00e1lyoz\u00e1sa \u00e9s meg\u00e9rt\u00e9se ter\u00e9n. Az eredeti &hellip;<\/p>\n","protected":false},"author":102440,"featured_media":11008,"comment_status":"closed","ping_status":"closed","sticky":false,"template":"","format":"standard","meta":{"_acf_changed":false,"footnotes":""},"categories":[2],"tags":[],"class_list":["post-11006","post","type-post","status-publish","format-standard","has-post-thumbnail","hentry","category-hirek"],"acf":[],"_links":{"self":[{"href":"https:\/\/semmelweis.hu\/bioinformatika\/wp-json\/wp\/v2\/posts\/11006","targetHints":{"allow":["GET"]}}],"collection":[{"href":"https:\/\/semmelweis.hu\/bioinformatika\/wp-json\/wp\/v2\/posts"}],"about":[{"href":"https:\/\/semmelweis.hu\/bioinformatika\/wp-json\/wp\/v2\/types\/post"}],"author":[{"embeddable":true,"href":"https:\/\/semmelweis.hu\/bioinformatika\/wp-json\/wp\/v2\/users\/102440"}],"replies":[{"embeddable":true,"href":"https:\/\/semmelweis.hu\/bioinformatika\/wp-json\/wp\/v2\/comments?post=11006"}],"version-history":[{"count":5,"href":"https:\/\/semmelweis.hu\/bioinformatika\/wp-json\/wp\/v2\/posts\/11006\/revisions"}],"predecessor-version":[{"id":11015,"href":"https:\/\/semmelweis.hu\/bioinformatika\/wp-json\/wp\/v2\/posts\/11006\/revisions\/11015"}],"wp:featuredmedia":[{"embeddable":true,"href":"https:\/\/semmelweis.hu\/bioinformatika\/wp-json\/wp\/v2\/media\/11008"}],"wp:attachment":[{"href":"https:\/\/semmelweis.hu\/bioinformatika\/wp-json\/wp\/v2\/media?parent=11006"}],"wp:term":[{"taxonomy":"category","embeddable":true,"href":"https:\/\/semmelweis.hu\/bioinformatika\/wp-json\/wp\/v2\/categories?post=11006"},{"taxonomy":"post_tag","embeddable":true,"href":"https:\/\/semmelweis.hu\/bioinformatika\/wp-json\/wp\/v2\/tags?post=11006"}],"curies":[{"name":"wp","href":"https:\/\/api.w.org\/{rel}","templated":true}]}}