{"id":10969,"date":"2025-04-25T15:54:56","date_gmt":"2025-04-25T13:54:56","guid":{"rendered":"https:\/\/semmelweis.hu\/bioinformatika\/?p=10969"},"modified":"2025-06-02T08:23:05","modified_gmt":"2025-06-02T06:23:05","slug":"tanszekunk-is-kepviseltette-magat-a-tegnapi-semmelweis-science-and-business-salon-esemenyen","status":"publish","type":"post","link":"https:\/\/semmelweis.hu\/bioinformatika\/tanszekunk-is-kepviseltette-magat-a-tegnapi-semmelweis-science-and-business-salon-esemenyen\/","title":{"rendered":"Tansz\u00e9k\u00fcnk is k\u00e9pviseltette mag\u00e1t a Semmelweis Science and Business Salon esem\u00e9ny\u00e9n"},"content":{"rendered":"<p style=\"text-align: justify\">2025. \u00e1prilis 24-\u00e9n nagy \u00e9rdekl\u0151d\u00e9s mellett zajlott le a <em>Biobank Network: Connecting Data, Transforming Care \u2013 The Future of Precision Medicine<\/em>\u00a0c\u00edm\u0171 rendezv\u00e9ny a Semmelweis Szalonban. A tudom\u00e1nyos \u00e9s \u00fczleti szalon c\u00e9lja az volt, hogy bemutassa a biobank h\u00e1l\u00f3zatok j\u00f6v\u0151j\u00e9t \u00e9s azok szerep\u00e9t a prec\u00edzi\u00f3s orvosl\u00e1s fejl\u0151d\u00e9s\u00e9ben.<\/p>\n<p style=\"font-weight: 400;text-align: justify\">A program egyik kiemelt eleme volt a Semmelweis Egyetem Onkobank projektje, melyet Tansz\u00e9k\u00fcnk k\u00f6zrem\u0171k\u00f6d\u00e9s\u00e9vel mutattunk be. A r\u00e9sztvev\u0151k betekint\u00e9st nyerhettek abba, hogyan j\u00e1rul hozz\u00e1 a tansz\u00e9k az adatalap\u00fa, szem\u00e9lyre szabott orvosl\u00e1s fejleszt\u00e9s\u00e9hez.<\/p>\n<p style=\"font-weight: 400;text-align: justify\">Az esem\u00e9ny v\u00e1ltozatos \u00e9s inspir\u00e1l\u00f3 el\u0151ad\u00e1sokkal, valamint \u00e9l\u00e9nk szakmai p\u00e1rbesz\u00e9ddel z\u00e1rult.<\/p>\n<p style=\"font-weight: 400\"><img loading=\"lazy\" decoding=\"async\" class=\" wp-image-10970 aligncenter\" style=\"font-size: 1rem\" src=\"https:\/\/semmelweis.hu\/bioinformatika\/files\/2025\/04\/konf-400x242.jpg\" alt=\"\" width=\"673\" height=\"407\" srcset=\"https:\/\/semmelweis.hu\/bioinformatika\/files\/2025\/04\/konf-400x242.jpg 400w, https:\/\/semmelweis.hu\/bioinformatika\/files\/2025\/04\/konf-1024x620.jpg 1024w, https:\/\/semmelweis.hu\/bioinformatika\/files\/2025\/04\/konf-768x465.jpg 768w, https:\/\/semmelweis.hu\/bioinformatika\/files\/2025\/04\/konf-1536x930.jpg 1536w, https:\/\/semmelweis.hu\/bioinformatika\/files\/2025\/04\/konf-753x456.jpg 753w, https:\/\/semmelweis.hu\/bioinformatika\/files\/2025\/04\/konf.jpg 2009w\" sizes=\"auto, (max-width: 673px) 100vw, 673px\" \/><\/p>\n","protected":false},"excerpt":{"rendered":"<p>2025. \u00e1prilis 24-\u00e9n nagy \u00e9rdekl\u0151d\u00e9s mellett zajlott le a Biobank Network: Connecting Data, Transforming Care \u2013 The Future of Precision Medicine\u00a0c\u00edm\u0171 rendezv\u00e9ny a Semmelweis Szalonban. A tudom\u00e1nyos \u00e9s \u00fczleti szalon c\u00e9lja az volt, hogy bemutassa a biobank h\u00e1l\u00f3zatok j\u00f6v\u0151j\u00e9t \u00e9s azok szerep\u00e9t a prec\u00edzi\u00f3s orvosl\u00e1s fejl\u0151d\u00e9s\u00e9ben. A program egyik kiemelt eleme volt a Semmelweis Egyetem &hellip;<\/p>\n","protected":false},"author":102440,"featured_media":10971,"comment_status":"closed","ping_status":"closed","sticky":false,"template":"","format":"standard","meta":{"_acf_changed":false,"footnotes":""},"categories":[2],"tags":[],"class_list":["post-10969","post","type-post","status-publish","format-standard","has-post-thumbnail","hentry","category-hirek"],"acf":[],"_links":{"self":[{"href":"https:\/\/semmelweis.hu\/bioinformatika\/wp-json\/wp\/v2\/posts\/10969","targetHints":{"allow":["GET"]}}],"collection":[{"href":"https:\/\/semmelweis.hu\/bioinformatika\/wp-json\/wp\/v2\/posts"}],"about":[{"href":"https:\/\/semmelweis.hu\/bioinformatika\/wp-json\/wp\/v2\/types\/post"}],"author":[{"embeddable":true,"href":"https:\/\/semmelweis.hu\/bioinformatika\/wp-json\/wp\/v2\/users\/102440"}],"replies":[{"embeddable":true,"href":"https:\/\/semmelweis.hu\/bioinformatika\/wp-json\/wp\/v2\/comments?post=10969"}],"version-history":[{"count":4,"href":"https:\/\/semmelweis.hu\/bioinformatika\/wp-json\/wp\/v2\/posts\/10969\/revisions"}],"predecessor-version":[{"id":11016,"href":"https:\/\/semmelweis.hu\/bioinformatika\/wp-json\/wp\/v2\/posts\/10969\/revisions\/11016"}],"wp:featuredmedia":[{"embeddable":true,"href":"https:\/\/semmelweis.hu\/bioinformatika\/wp-json\/wp\/v2\/media\/10971"}],"wp:attachment":[{"href":"https:\/\/semmelweis.hu\/bioinformatika\/wp-json\/wp\/v2\/media?parent=10969"}],"wp:term":[{"taxonomy":"category","embeddable":true,"href":"https:\/\/semmelweis.hu\/bioinformatika\/wp-json\/wp\/v2\/categories?post=10969"},{"taxonomy":"post_tag","embeddable":true,"href":"https:\/\/semmelweis.hu\/bioinformatika\/wp-json\/wp\/v2\/tags?post=10969"}],"curies":[{"name":"wp","href":"https:\/\/api.w.org\/{rel}","templated":true}]}}