{"id":10963,"date":"2025-04-17T12:05:17","date_gmt":"2025-04-17T10:05:17","guid":{"rendered":"https:\/\/semmelweis.hu\/bioinformatika\/?p=10963"},"modified":"2025-04-25T15:56:21","modified_gmt":"2025-04-25T13:56:21","slug":"onkobank-megbeszeles-a-bioinformatika-tanszek-es-a-szuleszeti-es-nogyogyaszati-klinika-reszvetelevel","status":"publish","type":"post","link":"https:\/\/semmelweis.hu\/bioinformatika\/onkobank-megbeszeles-a-bioinformatika-tanszek-es-a-szuleszeti-es-nogyogyaszati-klinika-reszvetelevel\/","title":{"rendered":"Onkobank megbesz\u00e9l\u00e9s a Bioinformatika Tansz\u00e9k \u00e9s a Sz\u00fcl\u00e9szeti \u00e9s N\u0151gy\u00f3gy\u00e1szati Klinika r\u00e9szv\u00e9tel\u00e9vel"},"content":{"rendered":"<p><img loading=\"lazy\" decoding=\"async\" class=\"size-medium wp-image-10964 alignleft\" src=\"https:\/\/semmelweis.hu\/bioinformatika\/files\/2025\/04\/unnamed2-300x400.jpg\" alt=\"\" width=\"300\" height=\"400\" srcset=\"https:\/\/semmelweis.hu\/bioinformatika\/files\/2025\/04\/unnamed2-300x400.jpg 300w, https:\/\/semmelweis.hu\/bioinformatika\/files\/2025\/04\/unnamed2-768x1024.jpg 768w, https:\/\/semmelweis.hu\/bioinformatika\/files\/2025\/04\/unnamed2-1152x1536.jpg 1152w, https:\/\/semmelweis.hu\/bioinformatika\/files\/2025\/04\/unnamed2-753x1004.jpg 753w, https:\/\/semmelweis.hu\/bioinformatika\/files\/2025\/04\/unnamed2.jpg 1512w\" sizes=\"auto, (max-width: 300px) 100vw, 300px\" \/><\/p>\n<p style=\"font-weight: 400;text-align: justify\">A k\u00f6zelm\u00faltban tansz\u00e9k\u00fcnk megbesz\u00e9l\u00e9st tartott az Onkobank projekt kapcs\u00e1n a Sz\u00fcl\u00e9szeti \u00e9s N\u0151gy\u00f3gy\u00e1szati Klinika Baross utcai r\u00e9szleg\u00e9nek bevon\u00e1s\u00e1val. A tal\u00e1lkoz\u00f3n Nagy Gyula Rich\u00e1rd is r\u00e9szt vett, aki rendk\u00edv\u00fcl seg\u00edt\u0151k\u00e9szen t\u00e1mogatta a k\u00f6z\u00f6s munk\u00e1t, \u00e9s \u00f6r\u00f6mmel fogadta a leg\u00fajabb <a href=\"https:\/\/semmelweis.hu\/bioinformatika\/tanszekunk-bemutatasa\/kiadvanyaink\/onkobank-2025\/\">kiadv\u00e1nyunkat<\/a> is.<\/p>\n<p style=\"font-weight: 400;text-align: justify\">A megbesz\u00e9l\u00e9s sor\u00e1n \u00e1ttekintett\u00fck az eddigi eredm\u00e9nyeket, valamint egyeztett\u00fcnk a projekt j\u00f6v\u0151beli ir\u00e1nyair\u00f3l. K\u00f6z\u00f6sen meghat\u00e1roztuk a folytat\u00e1s f\u0151bb l\u00e9p\u00e9seit, \u00e9s tov\u00e1bb er\u0151s\u00edtett\u00fck a k\u00e9t int\u00e9zm\u00e9ny k\u00f6z\u00f6tti egy\u00fcttm\u0171k\u00f6d\u00e9st a daganatos betegs\u00e9gek kutat\u00e1s\u00e1nak t\u00e1mogat\u00e1sa \u00e9rdek\u00e9ben.<\/p>\n","protected":false},"excerpt":{"rendered":"<p>A k\u00f6zelm\u00faltban tansz\u00e9k\u00fcnk megbesz\u00e9l\u00e9st tartott az Onkobank projekt kapcs\u00e1n a Sz\u00fcl\u00e9szeti \u00e9s N\u0151gy\u00f3gy\u00e1szati Klinika Baross utcai r\u00e9szleg\u00e9nek bevon\u00e1s\u00e1val. A tal\u00e1lkoz\u00f3n Nagy Gyula Rich\u00e1rd is r\u00e9szt vett, aki rendk\u00edv\u00fcl seg\u00edt\u0151k\u00e9szen t\u00e1mogatta a k\u00f6z\u00f6s munk\u00e1t, \u00e9s \u00f6r\u00f6mmel fogadta a leg\u00fajabb <a href=\"https:\/\/semmelweis.hu\/bioinformatika\/tanszekunk-bemutatasa\/kiadvanyaink\/onkobank-2025\/\">kiadv\u00e1nyunkat<\/a> is. A megbesz\u00e9l\u00e9s sor\u00e1n \u00e1ttekintett\u00fck az eddigi eredm\u00e9nyeket, valamint egyeztett\u00fcnk a projekt j\u00f6v\u0151beli ir\u00e1nyair\u00f3l. K\u00f6z\u00f6sen meghat\u00e1roztuk a &hellip;<\/p>\n","protected":false},"author":102440,"featured_media":10966,"comment_status":"closed","ping_status":"closed","sticky":false,"template":"","format":"standard","meta":{"_acf_changed":false,"footnotes":""},"categories":[2],"tags":[],"class_list":["post-10963","post","type-post","status-publish","format-standard","has-post-thumbnail","hentry","category-hirek"],"acf":[],"_links":{"self":[{"href":"https:\/\/semmelweis.hu\/bioinformatika\/wp-json\/wp\/v2\/posts\/10963","targetHints":{"allow":["GET"]}}],"collection":[{"href":"https:\/\/semmelweis.hu\/bioinformatika\/wp-json\/wp\/v2\/posts"}],"about":[{"href":"https:\/\/semmelweis.hu\/bioinformatika\/wp-json\/wp\/v2\/types\/post"}],"author":[{"embeddable":true,"href":"https:\/\/semmelweis.hu\/bioinformatika\/wp-json\/wp\/v2\/users\/102440"}],"replies":[{"embeddable":true,"href":"https:\/\/semmelweis.hu\/bioinformatika\/wp-json\/wp\/v2\/comments?post=10963"}],"version-history":[{"count":4,"href":"https:\/\/semmelweis.hu\/bioinformatika\/wp-json\/wp\/v2\/posts\/10963\/revisions"}],"predecessor-version":[{"id":10976,"href":"https:\/\/semmelweis.hu\/bioinformatika\/wp-json\/wp\/v2\/posts\/10963\/revisions\/10976"}],"wp:featuredmedia":[{"embeddable":true,"href":"https:\/\/semmelweis.hu\/bioinformatika\/wp-json\/wp\/v2\/media\/10966"}],"wp:attachment":[{"href":"https:\/\/semmelweis.hu\/bioinformatika\/wp-json\/wp\/v2\/media?parent=10963"}],"wp:term":[{"taxonomy":"category","embeddable":true,"href":"https:\/\/semmelweis.hu\/bioinformatika\/wp-json\/wp\/v2\/categories?post=10963"},{"taxonomy":"post_tag","embeddable":true,"href":"https:\/\/semmelweis.hu\/bioinformatika\/wp-json\/wp\/v2\/tags?post=10963"}],"curies":[{"name":"wp","href":"https:\/\/api.w.org\/{rel}","templated":true}]}}