{"id":10944,"date":"2025-04-09T15:24:58","date_gmt":"2025-04-09T13:24:58","guid":{"rendered":"https:\/\/semmelweis.hu\/bioinformatika\/?p=10944"},"modified":"2025-04-09T15:24:58","modified_gmt":"2025-04-09T13:24:58","slug":"tanszekunk-vendegei-az-ariel-egyetem-munkatarsai","status":"publish","type":"post","link":"https:\/\/semmelweis.hu\/bioinformatika\/tanszekunk-vendegei-az-ariel-egyetem-munkatarsai\/","title":{"rendered":"Tansz\u00e9k\u00fcnk vend\u00e9gei az Ariel Egyetem munkat\u00e1rsai"},"content":{"rendered":"<p>\u00c1prilis 9-\u00e9n az izraeli Ariel Egyetem neves kutat\u00f3kb\u00f3l \u00e1ll\u00f3 deleg\u00e1ci\u00f3ja l\u00e1togatott el az OnkoBankhoz. A vend\u00e9gek a mikrobiol\u00f3gia, bioinformatika, klinikai genetika, epigenetika, idegtudom\u00e1ny \u00e9s immunonkol\u00f3gia ter\u00fclet\u00e9n v\u00e9geznek kiemelked\u0151 munk\u00e1t. A l\u00e1togat\u00e1s sor\u00e1n\u00a0<b>Dr. Figler Aida<\/b>\u00a0bemutatta sz\u00e1mukra az OnkoBank laborj\u00e1t, \u00e9s ismertette a folyamatokat, valamint a laborat\u00f3riumban zajl\u00f3 legfontosabb munkaf\u00e1zisokat. A tal\u00e1lkoz\u00f3 c\u00e9lja a szakmai kapcsolatok elm\u00e9ly\u00edt\u00e9se \u00e9s a j\u00f6v\u0151beli egy\u00fcttm\u0171k\u00f6d\u00e9si lehet\u0151s\u00e9gek felt\u00e9rk\u00e9pez\u00e9se volt.<\/p>\n<p><img loading=\"lazy\" decoding=\"async\" class=\"wp-image-10945 aligncenter\" src=\"https:\/\/semmelweis.hu\/bioinformatika\/files\/2025\/04\/image001-8-400x262.png\" alt=\"\" width=\"580\" height=\"380\" srcset=\"https:\/\/semmelweis.hu\/bioinformatika\/files\/2025\/04\/image001-8-400x262.png 400w, https:\/\/semmelweis.hu\/bioinformatika\/files\/2025\/04\/image001-8.png 579w\" sizes=\"auto, (max-width: 580px) 100vw, 580px\" \/><\/p>\n","protected":false},"excerpt":{"rendered":"<p>\u00c1prilis 9-\u00e9n az izraeli Ariel Egyetem neves kutat\u00f3kb\u00f3l \u00e1ll\u00f3 deleg\u00e1ci\u00f3ja l\u00e1togatott el az OnkoBankhoz. A vend\u00e9gek a mikrobiol\u00f3gia, bioinformatika, klinikai genetika, epigenetika, idegtudom\u00e1ny \u00e9s immunonkol\u00f3gia ter\u00fclet\u00e9n v\u00e9geznek kiemelked\u0151 munk\u00e1t. A l\u00e1togat\u00e1s sor\u00e1n\u00a0Dr. Figler Aida\u00a0bemutatta sz\u00e1mukra az OnkoBank laborj\u00e1t, \u00e9s ismertette a folyamatokat, valamint a laborat\u00f3riumban zajl\u00f3 legfontosabb munkaf\u00e1zisokat. A tal\u00e1lkoz\u00f3 c\u00e9lja a szakmai kapcsolatok elm\u00e9ly\u00edt\u00e9se &hellip;<\/p>\n","protected":false},"author":102440,"featured_media":10946,"comment_status":"closed","ping_status":"closed","sticky":false,"template":"","format":"standard","meta":{"_acf_changed":false,"footnotes":""},"categories":[2],"tags":[],"class_list":["post-10944","post","type-post","status-publish","format-standard","has-post-thumbnail","hentry","category-hirek"],"acf":[],"_links":{"self":[{"href":"https:\/\/semmelweis.hu\/bioinformatika\/wp-json\/wp\/v2\/posts\/10944","targetHints":{"allow":["GET"]}}],"collection":[{"href":"https:\/\/semmelweis.hu\/bioinformatika\/wp-json\/wp\/v2\/posts"}],"about":[{"href":"https:\/\/semmelweis.hu\/bioinformatika\/wp-json\/wp\/v2\/types\/post"}],"author":[{"embeddable":true,"href":"https:\/\/semmelweis.hu\/bioinformatika\/wp-json\/wp\/v2\/users\/102440"}],"replies":[{"embeddable":true,"href":"https:\/\/semmelweis.hu\/bioinformatika\/wp-json\/wp\/v2\/comments?post=10944"}],"version-history":[{"count":2,"href":"https:\/\/semmelweis.hu\/bioinformatika\/wp-json\/wp\/v2\/posts\/10944\/revisions"}],"predecessor-version":[{"id":10948,"href":"https:\/\/semmelweis.hu\/bioinformatika\/wp-json\/wp\/v2\/posts\/10944\/revisions\/10948"}],"wp:featuredmedia":[{"embeddable":true,"href":"https:\/\/semmelweis.hu\/bioinformatika\/wp-json\/wp\/v2\/media\/10946"}],"wp:attachment":[{"href":"https:\/\/semmelweis.hu\/bioinformatika\/wp-json\/wp\/v2\/media?parent=10944"}],"wp:term":[{"taxonomy":"category","embeddable":true,"href":"https:\/\/semmelweis.hu\/bioinformatika\/wp-json\/wp\/v2\/categories?post=10944"},{"taxonomy":"post_tag","embeddable":true,"href":"https:\/\/semmelweis.hu\/bioinformatika\/wp-json\/wp\/v2\/tags?post=10944"}],"curies":[{"name":"wp","href":"https:\/\/api.w.org\/{rel}","templated":true}]}}