{"id":10899,"date":"2025-03-07T09:34:30","date_gmt":"2025-03-07T08:34:30","guid":{"rendered":"https:\/\/semmelweis.hu\/bioinformatika\/?p=10899"},"modified":"2025-03-07T09:34:30","modified_gmt":"2025-03-07T08:34:30","slug":"epitesi-engedelyt-kapott-a-science-park","status":"publish","type":"post","link":"https:\/\/semmelweis.hu\/bioinformatika\/epitesi-engedelyt-kapott-a-science-park\/","title":{"rendered":"\u00c9p\u00edt\u00e9si enged\u00e9lyt kapott a Science Park"},"content":{"rendered":"<p style=\"font-weight: 400;text-align: justify\">Fontos m\u00e9rf\u00f6ldk\u0151h\u00f6z \u00e9rkezett a Science Park projekt: megkapta az \u00e9p\u00edt\u00e9si enged\u00e9lyt. A P\u00e1zm\u00e1ny Campus\u00e1hoz hasonl\u00f3 m\u00e9ret\u0171 kutat\u00f3k\u00f6zpont az Orczy-negyedben val\u00f3sul meg, az \u00f6nkorm\u00e1nyzat, az egyetem \u00e9s a C\u00c9H Tervez\u0151, Beruh\u00e1z\u00f3 \u00e9s Fejleszt\u0151 Zrt. p\u00e9ld\u00e1s egy\u00fcttm\u0171k\u00f6d\u00e9s\u00e9vel.<\/p>\n<p style=\"font-weight: 400;text-align: justify\">A projekt t\u00e1rsadalmi egyeztet\u00e9se sor\u00e1n a lak\u00f3k v\u00e9lem\u00e9ny\u00e9t is figyelembe vett\u00e9k, \u00edgy a beruh\u00e1z\u00e1s sz\u00e9les k\u00f6r\u0171 egyet\u00e9rt\u00e9s mellett indulhat el. Az \u00faj \u00e9p\u00fcletegy\u00fcttes a K\u0151ris, Di\u00f3szegi, Dugonics \u00e9s K\u00e1lv\u00e1ria utc\u00e1k \u00e1ltal hat\u00e1rolt ter\u00fcleten \u00e9p\u00fcl fel, \u00e9s a k\u00f6rny\u00e9k fejl\u0151d\u00e9s\u00e9hez is hozz\u00e1j\u00e1rul.<\/p>\n<p style=\"font-weight: 400;text-align: justify\">A Science Park elk\u00e9sz\u00fclte ut\u00e1n ide k\u00f6lt\u00f6zhet a Bioinformatika Tansz\u00e9k \u00e9s az Onkobank is, ezzel egy modern, innov\u00e1ci\u00f3t t\u00e1mogat\u00f3 kutat\u00e1si k\u00f6zpont j\u00f6n l\u00e9tre a ker\u00fcletben.<\/p>\n<p><img loading=\"lazy\" decoding=\"async\" class=\"alignnone  wp-image-10900\" src=\"https:\/\/semmelweis.hu\/bioinformatika\/files\/2025\/03\/image001-6-400x221.png\" alt=\"\" width=\"816\" height=\"451\" srcset=\"https:\/\/semmelweis.hu\/bioinformatika\/files\/2025\/03\/image001-6-400x221.png 400w, https:\/\/semmelweis.hu\/bioinformatika\/files\/2025\/03\/image001-6-768x425.png 768w, https:\/\/semmelweis.hu\/bioinformatika\/files\/2025\/03\/image001-6-753x417.png 753w, https:\/\/semmelweis.hu\/bioinformatika\/files\/2025\/03\/image001-6.png 858w\" sizes=\"auto, (max-width: 816px) 100vw, 816px\" \/><\/p>\n","protected":false},"excerpt":{"rendered":"<p>Fontos m\u00e9rf\u00f6ldk\u0151h\u00f6z \u00e9rkezett a Science Park projekt: megkapta az \u00e9p\u00edt\u00e9si enged\u00e9lyt. A P\u00e1zm\u00e1ny Campus\u00e1hoz hasonl\u00f3 m\u00e9ret\u0171 kutat\u00f3k\u00f6zpont az Orczy-negyedben val\u00f3sul meg, az \u00f6nkorm\u00e1nyzat, az egyetem \u00e9s a C\u00c9H Tervez\u0151, Beruh\u00e1z\u00f3 \u00e9s Fejleszt\u0151 Zrt. p\u00e9ld\u00e1s egy\u00fcttm\u0171k\u00f6d\u00e9s\u00e9vel. A projekt t\u00e1rsadalmi egyeztet\u00e9se sor\u00e1n a lak\u00f3k v\u00e9lem\u00e9ny\u00e9t is figyelembe vett\u00e9k, \u00edgy a beruh\u00e1z\u00e1s sz\u00e9les k\u00f6r\u0171 egyet\u00e9rt\u00e9s mellett indulhat el. &hellip;<\/p>\n","protected":false},"author":102440,"featured_media":10900,"comment_status":"closed","ping_status":"closed","sticky":false,"template":"","format":"standard","meta":{"_acf_changed":false,"footnotes":""},"categories":[2],"tags":[],"class_list":["post-10899","post","type-post","status-publish","format-standard","has-post-thumbnail","hentry","category-hirek"],"acf":[],"_links":{"self":[{"href":"https:\/\/semmelweis.hu\/bioinformatika\/wp-json\/wp\/v2\/posts\/10899","targetHints":{"allow":["GET"]}}],"collection":[{"href":"https:\/\/semmelweis.hu\/bioinformatika\/wp-json\/wp\/v2\/posts"}],"about":[{"href":"https:\/\/semmelweis.hu\/bioinformatika\/wp-json\/wp\/v2\/types\/post"}],"author":[{"embeddable":true,"href":"https:\/\/semmelweis.hu\/bioinformatika\/wp-json\/wp\/v2\/users\/102440"}],"replies":[{"embeddable":true,"href":"https:\/\/semmelweis.hu\/bioinformatika\/wp-json\/wp\/v2\/comments?post=10899"}],"version-history":[{"count":1,"href":"https:\/\/semmelweis.hu\/bioinformatika\/wp-json\/wp\/v2\/posts\/10899\/revisions"}],"predecessor-version":[{"id":10901,"href":"https:\/\/semmelweis.hu\/bioinformatika\/wp-json\/wp\/v2\/posts\/10899\/revisions\/10901"}],"wp:featuredmedia":[{"embeddable":true,"href":"https:\/\/semmelweis.hu\/bioinformatika\/wp-json\/wp\/v2\/media\/10900"}],"wp:attachment":[{"href":"https:\/\/semmelweis.hu\/bioinformatika\/wp-json\/wp\/v2\/media?parent=10899"}],"wp:term":[{"taxonomy":"category","embeddable":true,"href":"https:\/\/semmelweis.hu\/bioinformatika\/wp-json\/wp\/v2\/categories?post=10899"},{"taxonomy":"post_tag","embeddable":true,"href":"https:\/\/semmelweis.hu\/bioinformatika\/wp-json\/wp\/v2\/tags?post=10899"}],"curies":[{"name":"wp","href":"https:\/\/api.w.org\/{rel}","templated":true}]}}