{"id":10843,"date":"2025-01-28T15:51:00","date_gmt":"2025-01-28T14:51:00","guid":{"rendered":"https:\/\/semmelweis.hu\/bioinformatika\/?p=10843"},"modified":"2025-04-25T16:12:09","modified_gmt":"2025-04-25T14:12:09","slug":"uj-cikk-jelent-meg-az-epigenplot-com-platformrol-a-british-journal-of-pharmacology-ban","status":"publish","type":"post","link":"https:\/\/semmelweis.hu\/bioinformatika\/uj-cikk-jelent-meg-az-epigenplot-com-platformrol-a-british-journal-of-pharmacology-ban\/","title":{"rendered":"\u00daj cikk jelent meg az EpigenPlot.com platformr\u00f3l a British Journal of Pharmacology-ban"},"content":{"rendered":"<p style=\"font-weight: 400;text-align: justify\">\u00d6r\u00f6mmel jelentj\u00fck, hogy megjelent a\u00a0<strong>British Journal of Pharmacology<\/strong>\u00a0foly\u00f3iratban az\u00a0<strong>EpigenPlot.com<\/strong> webalkalmaz\u00e1sr\u00f3l sz\u00f3l\u00f3 <a href=\"https:\/\/bpspubs.onlinelibrary.wiley.com\/doi\/10.1111\/bph.17455\">cikk\u00fcnk<\/a>. Az EpigenPlot.com egy felhaszn\u00e1l\u00f3bar\u00e1t platform, amely lehet\u0151v\u00e9 teszi tumoros \u00e9s norm\u00e1l sz\u00f6vetek metil\u00e1ci\u00f3s adatainak hat\u00e9kony \u00f6sszehaso<span style=\"font-size: 1rem\">nl\u00edt\u00e1s\u00e1t.<\/span><\/p>\n<p style=\"font-weight: 400;text-align: justify\">A cikk k\u00f6z\u00e9ppontj\u00e1ban a vastagb\u00e9l sz\u00f6veteib\u0151l sz\u00e1rmaz\u00f3 genomszint\u0171 metil\u00e1ci\u00f3s adatok elemz\u00e9se \u00e1ll. R\u00e9szletesen bemutatjuk a k\u00fcl\u00f6nb\u00f6z\u0151 g\u00e9nr\u00e9gi\u00f3k k\u00f6zti szignifik\u00e1ns metil\u00e1ci\u00f3s elt\u00e9r\u00e9sek<span style=\"font-size: 1rem\">et, amelyek potenci\u00e1lis biomarker jel\u00f6ltekk\u00e9nt szolg\u00e1lhatnak. Ezek az eredm\u00e9nyek \u00faj lehet\u0151s\u00e9geket nyitnak a daganatos betegs\u00e9gek diagnosztikai \u00e9s ter\u00e1pi\u00e1s kutat\u00e1sa ter\u00e9n.<\/span><\/p>\n<p style=\"font-weight: 400;text-align: justify\">A tanulm\u00e1nyt\u00a0<strong>Prof. Dr. Gy\u0151rffy Bal\u00e1zs<\/strong>\u00a0\u00e9s\u00a0<strong>M\u00fcller Dalma<\/strong>, PhD hallgat\u00f3 k\u00e9sz\u00edtette, akik munk\u00e1jukkal hozz\u00e1j\u00e1rultak a metil\u00e1ci\u00f3s adatelemz\u00e9s innovat\u00edv m\u00f3dszere<span style=\"font-size: 1rem\">inek fejleszt\u00e9s\u00e9hez.<\/span><\/p>\n<p style=\"font-weight: 400;text-align: justify\">\u00a0<\/p>\n<p style=\"font-weight: 400;text-align: justify\"><img loading=\"lazy\" decoding=\"async\" class=\" wp-image-10052 aligncenter\" style=\"font-size: 1rem\" src=\"https:\/\/semmelweis.hu\/bioinformatika\/files\/2024\/02\/Muller-Dalma_950_630-400x266.jpg\" alt=\"\" width=\"523\" height=\"348\" srcset=\"https:\/\/semmelweis.hu\/bioinformatika\/files\/2024\/02\/Muller-Dalma_950_630-400x266.jpg 400w, https:\/\/semmelweis.hu\/bioinformatika\/files\/2024\/02\/Muller-Dalma_950_630-768x510.jpg 768w, https:\/\/semmelweis.hu\/bioinformatika\/files\/2024\/02\/Muller-Dalma_950_630-753x500.jpg 753w, https:\/\/semmelweis.hu\/bioinformatika\/files\/2024\/02\/Muller-Dalma_950_630-203x135.jpg 203w, https:\/\/semmelweis.hu\/bioinformatika\/files\/2024\/02\/Muller-Dalma_950_630.jpg 948w\" sizes=\"auto, (max-width: 523px) 100vw, 523px\" \/><\/p>\n","protected":false},"excerpt":{"rendered":"<p>\u00d6r\u00f6mmel jelentj\u00fck, hogy megjelent a\u00a0British Journal of Pharmacology\u00a0foly\u00f3iratban az\u00a0EpigenPlot.com webalkalmaz\u00e1sr\u00f3l sz\u00f3l\u00f3 <a href=\"https:\/\/bpspubs.onlinelibrary.wiley.com\/doi\/10.1111\/bph.17455\">cikk\u00fcnk<\/a> . Az EpigenPlot.com egy felhaszn\u00e1l\u00f3bar\u00e1t platform, amely lehet\u0151v\u00e9 teszi tumoros \u00e9s norm\u00e1l sz\u00f6vetek metil\u00e1ci\u00f3s adatainak hat\u00e9kony \u00f6sszehasonl\u00edt\u00e1s\u00e1t. A cikk k\u00f6z\u00e9ppontj\u00e1ban a vastagb\u00e9l sz\u00f6veteib\u0151l sz\u00e1rmaz\u00f3 genomszint\u0171 metil\u00e1ci\u00f3s adatok elemz\u00e9se \u00e1ll. R\u00e9szletesen bemutatjuk a k\u00fcl\u00f6nb\u00f6z\u0151 g\u00e9nr\u00e9gi\u00f3k k\u00f6zti szignifik\u00e1ns metil\u00e1ci\u00f3s elt\u00e9r\u00e9seket, amelyek potenci\u00e1lis biomarker jel\u00f6ltekk\u00e9nt szolg\u00e1lhatnak. Ezek &hellip;<\/p>\n","protected":false},"author":102440,"featured_media":10848,"comment_status":"closed","ping_status":"closed","sticky":false,"template":"","format":"standard","meta":{"_acf_changed":false,"footnotes":""},"categories":[2],"tags":[],"class_list":["post-10843","post","type-post","status-publish","format-standard","has-post-thumbnail","hentry","category-hirek"],"acf":[],"_links":{"self":[{"href":"https:\/\/semmelweis.hu\/bioinformatika\/wp-json\/wp\/v2\/posts\/10843","targetHints":{"allow":["GET"]}}],"collection":[{"href":"https:\/\/semmelweis.hu\/bioinformatika\/wp-json\/wp\/v2\/posts"}],"about":[{"href":"https:\/\/semmelweis.hu\/bioinformatika\/wp-json\/wp\/v2\/types\/post"}],"author":[{"embeddable":true,"href":"https:\/\/semmelweis.hu\/bioinformatika\/wp-json\/wp\/v2\/users\/102440"}],"replies":[{"embeddable":true,"href":"https:\/\/semmelweis.hu\/bioinformatika\/wp-json\/wp\/v2\/comments?post=10843"}],"version-history":[{"count":3,"href":"https:\/\/semmelweis.hu\/bioinformatika\/wp-json\/wp\/v2\/posts\/10843\/revisions"}],"predecessor-version":[{"id":10987,"href":"https:\/\/semmelweis.hu\/bioinformatika\/wp-json\/wp\/v2\/posts\/10843\/revisions\/10987"}],"wp:featuredmedia":[{"embeddable":true,"href":"https:\/\/semmelweis.hu\/bioinformatika\/wp-json\/wp\/v2\/media\/10848"}],"wp:attachment":[{"href":"https:\/\/semmelweis.hu\/bioinformatika\/wp-json\/wp\/v2\/media?parent=10843"}],"wp:term":[{"taxonomy":"category","embeddable":true,"href":"https:\/\/semmelweis.hu\/bioinformatika\/wp-json\/wp\/v2\/categories?post=10843"},{"taxonomy":"post_tag","embeddable":true,"href":"https:\/\/semmelweis.hu\/bioinformatika\/wp-json\/wp\/v2\/tags?post=10843"}],"curies":[{"name":"wp","href":"https:\/\/api.w.org\/{rel}","templated":true}]}}