{"id":10777,"date":"2025-01-13T09:03:05","date_gmt":"2025-01-13T08:03:05","guid":{"rendered":"https:\/\/semmelweis.hu\/bioinformatika\/?p=10777"},"modified":"2025-04-25T16:15:47","modified_gmt":"2025-04-25T14:15:47","slug":"tanszekunk-megtartotta-ev-elso-kutatoszalonjat","status":"publish","type":"post","link":"https:\/\/semmelweis.hu\/bioinformatika\/tanszekunk-megtartotta-ev-elso-kutatoszalonjat\/","title":{"rendered":"Megtartottuk idei els\u0151 kutat\u00f3szalonunkat"},"content":{"rendered":"<p><img loading=\"lazy\" decoding=\"async\" class=\"alignnone wp-image-10787 size-full\" src=\"https:\/\/semmelweis.hu\/bioinformatika\/files\/2025\/01\/Screenshot-from-2025-01-13-09-22-53.png\" alt=\"\" width=\"1156\" height=\"699\" srcset=\"https:\/\/semmelweis.hu\/bioinformatika\/files\/2025\/01\/Screenshot-from-2025-01-13-09-22-53.png 1156w, https:\/\/semmelweis.hu\/bioinformatika\/files\/2025\/01\/Screenshot-from-2025-01-13-09-22-53-400x242.png 400w, https:\/\/semmelweis.hu\/bioinformatika\/files\/2025\/01\/Screenshot-from-2025-01-13-09-22-53-1024x619.png 1024w, https:\/\/semmelweis.hu\/bioinformatika\/files\/2025\/01\/Screenshot-from-2025-01-13-09-22-53-768x464.png 768w, https:\/\/semmelweis.hu\/bioinformatika\/files\/2025\/01\/Screenshot-from-2025-01-13-09-22-53-753x455.png 753w\" sizes=\"auto, (max-width: 1156px) 100vw, 1156px\" \/><\/p>\n<p style=\"text-align: justify\">2025 janu\u00e1r 9-\u00e9n megtartottuk az \u00e9v els\u0151 Kutat\u00f3 Szalonj\u00e1t, ahol kutat\u00f3ink soksz\u00edn\u0171 tudom\u00e1nyos munk\u00e1it ismerhett\u00fck meg. Az esem\u00e9ny inspir\u00e1l\u00f3 el\u0151ad\u00e1sai \u00e9s k\u00f6tetlen besz\u00e9lget\u00e9sei seg\u00edtett\u00e9k az \u00faj egy\u00fcttm\u0171k\u00f6d\u00e9sek kialakul\u00e1s\u00e1t, valamint a szakmai p\u00e1rbesz\u00e9d elm\u00e9ly\u00edt\u00e9s\u00e9t. A rendezv\u00e9nyen kiemelt t\u00e9m\u00e1k ker\u00fcltek ter\u00edt\u00e9kre, \u00edgy a tudom\u00e1nyos el\u0151ad\u00e1sok mellett a felmer\u00fclt k\u00e9rd\u00e9sek is hangs\u00falyt kaptak.<\/p>\n<p style=\"text-align: justify\">1. <strong>Egy rendezetlen t\u00f6rt\u00e9net: a folsav \u00e9s a vastagb\u00e9lr\u00e1k kapcsolata<\/strong><br \/>\nDr. V\u00edzkeleti Laura izgalmas el\u0151ad\u00e1sa egy r\u00e9gi k\u00e9rd\u00e9st vizsg\u00e1lt \u00faj megvil\u00e1g\u00edt\u00e1sban.<br \/>\n2. <strong>Transzmembr\u00e1n feh\u00e9rj\u00e9k kett\u0151s lipid r\u00e9tegben val\u00f3 helyzet\u00e9nek meghat\u00e1roz\u00e1sa<\/strong><br \/>\nDr. Tusn\u00e1dy G\u00e1bor bemutat\u00f3ja a feh\u00e9rjekutat\u00e1s ter\u00fclet\u00e9n k\u00edn\u00e1lt \u00faj perspekt\u00edv\u00e1kat.<br \/>\n3. <strong>T\u00e1pl\u00e1lkoz\u00e1si tendenci\u00e1k a COVID-19 <\/strong><strong style=\"font-size: 1rem\">\u00f3ta<\/strong><br \/>\nKaradocsev \u00c9va \u00e9rdekes betekint\u00e9st ny\u00fajtott abba, hogyan v\u00e1ltoztak t\u00e1pl\u00e1lkoz\u00e1si szok\u00e1saink a j\u00e1rv\u00e1ny \u00f3ta.<br \/>\n4. <strong>Hasny\u00e1lmirigy tumor mikrok\u00f6rnyezet\u00e9nek vizsg\u00e1lata<\/strong><br \/>\nPachinger-Moln\u00e1r Bence bemutatta a tumor mikrok\u00f6rnyezet\u00e9nek szerep\u00e9t a betegs\u00e9g alakul\u00e1s\u00e1ban.<br \/>\n5. <strong>A Lend\u00fclet \u00f6szt\u00f6nd\u00edjasok tudom\u00e1nyos teljes\u00edtm\u00e9ny\u00e9t befoly\u00e1sol\u00f3 t\u00e9nyez\u0151k<\/strong><br \/>\nLetenyei M\u00e1rta el\u0151ad\u00e1s\u00e1ban az els\u0151 117 Lend\u00fclet kutat\u00f3csoport \u00e9rt\u00e9kel\u00e9s\u00e9t ismertette.<br \/>\n6. <strong>A t\u00e1rsadalmi dimenzi\u00f3k hat\u00e1sa az alv\u00e1s min\u0151s\u00e9g\u00e9re \u00e9s mennyis\u00e9g\u00e9re<\/strong><br \/>\nKiss Luca \u00e9rdekes kutat\u00e1si eredm\u00e9nyeit osztotta meg az alv\u00e1s \u00e9s a t\u00e1rsadalmi t\u00e9nyez\u0151k kapcsolat\u00e1r\u00f3l.<br \/>\n<strong>7. A hum\u00e1n interakt\u00f3m becsl\u00e9se<\/strong><br \/>\nDr. Dobson L\u00e1szl\u00f3 bemutat\u00f3ja a molekul\u00e1ris kapcsolath\u00e1l\u00f3k vil\u00e1g\u00e1ba ny\u00fajtott betekint\u00e9st.<br \/>\n<strong>8. Advanced breast tumours in cardiac patients and increasing incidence of juvenile <\/strong><strong>colorectal tumours \u2013 epidemiological summaries<\/strong><br \/>\nDr. Menyhart Ot\u00edlia prezent\u00e1ci\u00f3ja \u00faj epidemiol\u00f3giai trendeket vizsg\u00e1lt.<br \/>\n<strong>9. Analysis of circulating extracellular vesicle derived microRNAs in breast cancer <\/strong><strong>patients with obesity: a potential role for Let-7a<\/strong><br \/>\nPiercarlo Del Console bemutat\u00f3ja a mikroRNS-ek szerep\u00e9t t\u00e1rta fel az eml\u0151r\u00e1k \u00e9s az elh\u00edz\u00e1s kapcsolat\u00e1ban.<br \/>\n<strong>10. Pangenome graph construction from genome alignments with Minigraph-Cactus<\/strong><br \/>\nM\u00fcller Dalma a bioinformatikai grafikonok \u00e9p\u00edt\u00e9s\u00e9nek m\u00f3dszertan\u00e1t mutatta be.<br \/>\n<strong>11. TNMplotV2<\/strong><br \/>\nDr. Bartha \u00c1ron egy \u00faj vizualiz\u00e1ci\u00f3s eszk\u00f6zt ismertetett, amely daganatok adatelemz\u00e9s\u00e9t seg\u00edti.<\/p>\n<p>\nA program k\u00e1v\u00e9sz\u00fcnetekkel \u00e9s k\u00f6tetlen besz\u00e9lget\u00e9sekkel v\u00e1lt teljess\u00e9, lehet\u0151s\u00e9get biztos\u00edtva a<br \/>\nkutat\u00f3k k\u00f6z\u00f6tti eszmecser\u00e9re \u00e9s \u00faj szakmai kapcsolatok ki\u00e9p\u00edt\u00e9s\u00e9re.<\/p>\n","protected":false},"excerpt":{"rendered":"<p>2025 janu\u00e1r 9-\u00e9n megtartottuk az \u00e9v els\u0151 Kutat\u00f3 Szalonj\u00e1t, ahol kutat\u00f3ink soksz\u00edn\u0171 tudom\u00e1nyos munk\u00e1it ismerhett\u00fck meg. Az esem\u00e9ny inspir\u00e1l\u00f3 el\u0151ad\u00e1sai \u00e9s k\u00f6tetlen besz\u00e9lget\u00e9sei seg\u00edtett\u00e9k az \u00faj egy\u00fcttm\u0171k\u00f6d\u00e9sek kialakul\u00e1s\u00e1t, valamint a szakmai p\u00e1rbesz\u00e9d elm\u00e9ly\u00edt\u00e9s\u00e9t. A rendezv\u00e9nyen kiemelt t\u00e9m\u00e1k ker\u00fcltek ter\u00edt\u00e9kre, \u00edgy a tudom\u00e1nyos el\u0151ad\u00e1sok mellett a felmer\u00fclt k\u00e9rd\u00e9sek is hangs\u00falyt kaptak. 1. Egy rendezetlen t\u00f6rt\u00e9net: a &hellip;<\/p>\n","protected":false},"author":102440,"featured_media":10778,"comment_status":"closed","ping_status":"closed","sticky":false,"template":"","format":"standard","meta":{"_acf_changed":false,"footnotes":""},"categories":[2],"tags":[],"class_list":["post-10777","post","type-post","status-publish","format-standard","has-post-thumbnail","hentry","category-hirek"],"acf":[],"_links":{"self":[{"href":"https:\/\/semmelweis.hu\/bioinformatika\/wp-json\/wp\/v2\/posts\/10777","targetHints":{"allow":["GET"]}}],"collection":[{"href":"https:\/\/semmelweis.hu\/bioinformatika\/wp-json\/wp\/v2\/posts"}],"about":[{"href":"https:\/\/semmelweis.hu\/bioinformatika\/wp-json\/wp\/v2\/types\/post"}],"author":[{"embeddable":true,"href":"https:\/\/semmelweis.hu\/bioinformatika\/wp-json\/wp\/v2\/users\/102440"}],"replies":[{"embeddable":true,"href":"https:\/\/semmelweis.hu\/bioinformatika\/wp-json\/wp\/v2\/comments?post=10777"}],"version-history":[{"count":8,"href":"https:\/\/semmelweis.hu\/bioinformatika\/wp-json\/wp\/v2\/posts\/10777\/revisions"}],"predecessor-version":[{"id":10991,"href":"https:\/\/semmelweis.hu\/bioinformatika\/wp-json\/wp\/v2\/posts\/10777\/revisions\/10991"}],"wp:featuredmedia":[{"embeddable":true,"href":"https:\/\/semmelweis.hu\/bioinformatika\/wp-json\/wp\/v2\/media\/10778"}],"wp:attachment":[{"href":"https:\/\/semmelweis.hu\/bioinformatika\/wp-json\/wp\/v2\/media?parent=10777"}],"wp:term":[{"taxonomy":"category","embeddable":true,"href":"https:\/\/semmelweis.hu\/bioinformatika\/wp-json\/wp\/v2\/categories?post=10777"},{"taxonomy":"post_tag","embeddable":true,"href":"https:\/\/semmelweis.hu\/bioinformatika\/wp-json\/wp\/v2\/tags?post=10777"}],"curies":[{"name":"wp","href":"https:\/\/api.w.org\/{rel}","templated":true}]}}