{"id":10755,"date":"2025-01-06T16:13:22","date_gmt":"2025-01-06T15:13:22","guid":{"rendered":"https:\/\/semmelweis.hu\/bioinformatika\/?p=10755"},"modified":"2025-01-06T16:14:23","modified_gmt":"2025-01-06T15:14:23","slug":"onkobankos-mintak-szekvenalasa-elorelepesek-es-eredmenyek","status":"publish","type":"post","link":"https:\/\/semmelweis.hu\/bioinformatika\/onkobankos-mintak-szekvenalasa-elorelepesek-es-eredmenyek\/","title":{"rendered":"Onkobankos mint\u00e1k szekven\u00e1l\u00e1sa: El\u0151rel\u00e9p\u00e9sek \u00e9s eredm\u00e9nyek"},"content":{"rendered":"<p style=\"font-weight: 400\"><img loading=\"lazy\" decoding=\"async\" class=\"wp-image-10756 alignleft\" style=\"font-size: 1rem\" src=\"https:\/\/semmelweis.hu\/bioinformatika\/files\/2025\/01\/onko-400x290.png\" alt=\"\" width=\"371\" height=\"269\" srcset=\"https:\/\/semmelweis.hu\/bioinformatika\/files\/2025\/01\/onko-400x290.png 400w, https:\/\/semmelweis.hu\/bioinformatika\/files\/2025\/01\/onko-768x558.png 768w, https:\/\/semmelweis.hu\/bioinformatika\/files\/2025\/01\/onko-753x547.png 753w, https:\/\/semmelweis.hu\/bioinformatika\/files\/2025\/01\/onko.png 960w\" sizes=\"auto, (max-width: 371px) 100vw, 371px\" \/><strong>2024 november\u00e9ben \u00e9s december\u00e9ben folytattuk az Onkobankban t\u00e1rolt tumormint\u00e1k feldolgoz\u00e1s\u00e1t<\/strong>, k\u00fcl\u00f6n\u00f6s tekintettel azo<span style=\"font-size: 1rem\">kra, amelyekhez legal\u00e1bb 6 h\u00f3napos ut\u00e1nk\u00f6vet\u00e9si adat \u00e1llt rendelkez\u00e9sre. \u00d6sszesen\u00a0<\/span><strong style=\"font-size: 1rem\">237 tumorminta el\u0151k<\/strong><strong style=\"font-size: 1rem\">\u00e9sz\u00edt\u00e9se<\/strong><span style=\"font-size: 1rem\">\u00a0kezd\u0151d\u00f6tt meg, amelyek RNS-izol\u00e1l\u00e1son \u00e9s alapos min\u0151s\u00e9gi, illetve mennyis\u00e9gi elemz\u00e9sen estek \u00e1t.<\/span><\/p>\n<p style=\"font-weight: 400\">Az elemz\u00e9sek alapj\u00e1n\u00a0<strong>204 tumorminta<\/strong>\u00a0ker\u00fclt a szekven\u00e1l\u00e1si tervbe, amely jelenleg is folyamatban van. Az elv\u00e9gzett munk\u00e1nak k\u00f6sz\u00f6nhet\u0151en a szekven\u00e1l\u00e1si projekt eredm\u00e9nyek\u00e9nt \u00f6sszesen\u00a0<strong>250 tumorminta RNS-adatb\u00e1zisa<\/strong>\u00a0v\u00e1lik el\u00e9rhet\u0151v\u00e9, t\u00f6bb t\u00e1rsint\u00e9zm\u00e9ny k\u00f6zrem\u0171k\u00f6d\u00e9s\u00e9vel:<\/p>\n<ul style=\"font-weight: 400\">\n<li><strong>SE Sz\u00fcl\u00e9szeti \u00e9s N\u0151gy\u00f3gy\u00e1szati Klinika:<\/strong>\u00a087 beteg<\/li>\n<li><strong>SE Seb\u00e9szeti \u00e9s Transzplant\u00e1ci\u00f3s Klinika:<\/strong>\u00a074 beteg<\/li>\n<li><strong>SE Urol\u00f3giai Klinika:<\/strong>\u00a035 beteg<\/li>\n<li><strong>SE B\u0151r-, Nemik\u00f3rtani \u00e9s B\u0151ronkol\u00f3giai Klinika:<\/strong>\u00a050 beteg<\/li>\n<li><strong>Orsz\u00e1gos Ment\u00e1lis, Ideggy\u00f3gy\u00e1szati \u00e9s Idegseb\u00e9szeti Int\u00e9zet:<\/strong> 4 beteg<\/li>\n<\/ul>\n","protected":false},"excerpt":{"rendered":"<p>2024 november\u00e9ben \u00e9s december\u00e9ben folytattuk az Onkobankban t\u00e1rolt tumormint\u00e1k feldolgoz\u00e1s\u00e1t, k\u00fcl\u00f6n\u00f6s tekintettel azokra, amelyekhez legal\u00e1bb 6 h\u00f3napos ut\u00e1nk\u00f6vet\u00e9si adat \u00e1llt rendelkez\u00e9sre. \u00d6sszesen\u00a0237 tumorminta el\u0151k\u00e9sz\u00edt\u00e9se\u00a0kezd\u0151d\u00f6tt meg, amelyek RNS-izol\u00e1l\u00e1son \u00e9s alapos min\u0151s\u00e9gi, illetve mennyis\u00e9gi elemz\u00e9sen estek \u00e1t. Az elemz\u00e9sek alapj\u00e1n\u00a0204 tumorminta\u00a0ker\u00fclt a szekven\u00e1l\u00e1si tervbe, amely jelenleg is folyamatban van. Az elv\u00e9gzett munk\u00e1nak k\u00f6sz\u00f6nhet\u0151en a szekven\u00e1l\u00e1si projekt eredm\u00e9nyek\u00e9nt &hellip;<\/p>\n","protected":false},"author":102440,"featured_media":10756,"comment_status":"closed","ping_status":"closed","sticky":false,"template":"","format":"standard","meta":{"_acf_changed":false,"footnotes":""},"categories":[2],"tags":[],"class_list":["post-10755","post","type-post","status-publish","format-standard","has-post-thumbnail","hentry","category-hirek"],"acf":[],"_links":{"self":[{"href":"https:\/\/semmelweis.hu\/bioinformatika\/wp-json\/wp\/v2\/posts\/10755","targetHints":{"allow":["GET"]}}],"collection":[{"href":"https:\/\/semmelweis.hu\/bioinformatika\/wp-json\/wp\/v2\/posts"}],"about":[{"href":"https:\/\/semmelweis.hu\/bioinformatika\/wp-json\/wp\/v2\/types\/post"}],"author":[{"embeddable":true,"href":"https:\/\/semmelweis.hu\/bioinformatika\/wp-json\/wp\/v2\/users\/102440"}],"replies":[{"embeddable":true,"href":"https:\/\/semmelweis.hu\/bioinformatika\/wp-json\/wp\/v2\/comments?post=10755"}],"version-history":[{"count":3,"href":"https:\/\/semmelweis.hu\/bioinformatika\/wp-json\/wp\/v2\/posts\/10755\/revisions"}],"predecessor-version":[{"id":10759,"href":"https:\/\/semmelweis.hu\/bioinformatika\/wp-json\/wp\/v2\/posts\/10755\/revisions\/10759"}],"wp:featuredmedia":[{"embeddable":true,"href":"https:\/\/semmelweis.hu\/bioinformatika\/wp-json\/wp\/v2\/media\/10756"}],"wp:attachment":[{"href":"https:\/\/semmelweis.hu\/bioinformatika\/wp-json\/wp\/v2\/media?parent=10755"}],"wp:term":[{"taxonomy":"category","embeddable":true,"href":"https:\/\/semmelweis.hu\/bioinformatika\/wp-json\/wp\/v2\/categories?post=10755"},{"taxonomy":"post_tag","embeddable":true,"href":"https:\/\/semmelweis.hu\/bioinformatika\/wp-json\/wp\/v2\/tags?post=10755"}],"curies":[{"name":"wp","href":"https:\/\/api.w.org\/{rel}","templated":true}]}}