{"id":10676,"date":"2024-11-15T13:18:48","date_gmt":"2024-11-15T12:18:48","guid":{"rendered":"https:\/\/semmelweis.hu\/bioinformatika\/?p=10676"},"modified":"2024-11-28T13:43:05","modified_gmt":"2024-11-28T12:43:05","slug":"10676-2","status":"publish","type":"post","link":"https:\/\/semmelweis.hu\/bioinformatika\/10676-2\/","title":{"rendered":"Lezajlott a Klinikai Bioinformatika kurzus magyar hallgat\u00f3knak"},"content":{"rendered":"<p style=\"text-align: justify\"><img loading=\"lazy\" decoding=\"async\" class=\"wp-image-10706 alignleft\" src=\"https:\/\/semmelweis.hu\/bioinformatika\/files\/2024\/11\/Screenshot-from-2024-11-28-13-46-33-400x326.png\" alt=\"\" width=\"389\" height=\"317\" srcset=\"https:\/\/semmelweis.hu\/bioinformatika\/files\/2024\/11\/Screenshot-from-2024-11-28-13-46-33-400x326.png 400w, https:\/\/semmelweis.hu\/bioinformatika\/files\/2024\/11\/Screenshot-from-2024-11-28-13-46-33-753x614.png 753w, https:\/\/semmelweis.hu\/bioinformatika\/files\/2024\/11\/Screenshot-from-2024-11-28-13-46-33.png 756w\" sizes=\"auto, (max-width: 389px) 100vw, 389px\" \/>A m\u00falt h\u00e9ten magyar orvostanhallgat\u00f3k \u00e9s PhD hallgat\u00f3k r\u00e9szv\u00e9tel\u00e9vel Klinikai Bioinformatika kurzust tartottunk a Tansz\u00e9k szervez\u00e9s\u00e9ben Ennek keret\u00e9ben a r\u00e9sztvev\u0151k sz\u00e9lesk\u00f6r\u0171 betekint\u00e9st nyertek a bioinformatikai alapokba, genomik\u00e1ba, proteomik\u00e1ba, mesters\u00e9ges intellige<span style=\"font-size: 1rem\">n<\/span><span style=\"font-size: 1rem\">ci\u00e1ba \u00e9s integrat\u00edv tudom\u00e1nyok<\/span><span style=\"font-size: 1rem\">ba. A tananyag r\u00e9szletesen foglalkozott <\/span>t\u00f6bbek k\u00f6z\u00f6tt statisztikai elemz\u00e9sekkel, g\u00e9pi <span style=\"font-size: 1rem\">tanul\u00e1si eszk\u00f6z<\/span><span style=\"font-size: 1rem\">\u00f6kkel, genomikai <\/span><span style=\"font-size: 1rem\">adatfeldolgoz\u00e1ssal, valamint a <\/span><span style=\"font-size: 1rem\">multi-omi<\/span><span style=\"font-size: 1rem\">kai megk\u00f6zel\u00edt\u00e9sekkel. Az oktat\u00e1s gyakorlati <\/span><span style=\"font-size: 1rem\">szekci\u00f3kat \u00e9s k\u00fcl\u00f6nb\u00f6z\u0151 elemz\u00e9si m\u00f3dszerek alkalmaz\u00e1s\u00e1t is tartalmazta, <\/span><span style=\"font-size: 1rem\">melyek r\u00e9v\u00e9n a <\/span><span style=\"font-size: 1rem\">hallga<\/span><span style=\"font-size: 1rem\">t\u00f3k \u00e9rt\u00e9kes k\u00e9szs\u00e9geket saj\u00e1t\u00edthattak el az orvosbiol\u00f3giai kutat\u00e1sok ter\u00fclet\u00e9n. A <\/span><span style=\"font-size: 1rem\">r\u00e9szletes tanmenet <\/span><a href=\"https:\/\/semmelweis.hu\/bioinformatika\/oktatas\/bioinformatika-targy\/a-targy-reszletes-tematikaja\/\">ezen<\/a><span style=\"font-size: 1rem\"> linken \u00e9rhet\u0151 el.<\/span><\/p>\n<p>&nbsp;<\/p>\n<p>&nbsp;<\/p>\n<p>&nbsp;<\/p>\n<p>&nbsp;<\/p>\n<p>&nbsp;<\/p>\n<p>&nbsp;<\/p>\n","protected":false},"excerpt":{"rendered":"<p>A m\u00falt h\u00e9ten magyar orvostanhallgat\u00f3k \u00e9s PhD hallgat\u00f3k r\u00e9szv\u00e9tel\u00e9vel Klinikai Bioinformatika kurzust tartottunk a Tansz\u00e9k szervez\u00e9s\u00e9ben Ennek keret\u00e9ben a r\u00e9sztvev\u0151k sz\u00e9lesk\u00f6r\u0171 betekint\u00e9st nyertek a bioinformatikai alapokba, genomik\u00e1ba, proteomik\u00e1ba, mesters\u00e9ges intelligenci\u00e1ba \u00e9s integrat\u00edv tudom\u00e1nyokba. A tananyag r\u00e9szletesen foglalkozott t\u00f6bbek k\u00f6z\u00f6tt statisztikai elemz\u00e9sekkel, g\u00e9pi tanul\u00e1si eszk\u00f6z\u00f6kkel, genomikai adatfeldolgoz\u00e1ssal, valamint a multi-omikai megk\u00f6zel\u00edt\u00e9sekkel. Az oktat\u00e1s gyakorlati szekci\u00f3kat \u00e9s &hellip;<\/p>\n","protected":false},"author":102440,"featured_media":10677,"comment_status":"closed","ping_status":"closed","sticky":false,"template":"","format":"standard","meta":{"_acf_changed":false,"footnotes":""},"categories":[2],"tags":[],"class_list":["post-10676","post","type-post","status-publish","format-standard","has-post-thumbnail","hentry","category-hirek"],"acf":[],"_links":{"self":[{"href":"https:\/\/semmelweis.hu\/bioinformatika\/wp-json\/wp\/v2\/posts\/10676","targetHints":{"allow":["GET"]}}],"collection":[{"href":"https:\/\/semmelweis.hu\/bioinformatika\/wp-json\/wp\/v2\/posts"}],"about":[{"href":"https:\/\/semmelweis.hu\/bioinformatika\/wp-json\/wp\/v2\/types\/post"}],"author":[{"embeddable":true,"href":"https:\/\/semmelweis.hu\/bioinformatika\/wp-json\/wp\/v2\/users\/102440"}],"replies":[{"embeddable":true,"href":"https:\/\/semmelweis.hu\/bioinformatika\/wp-json\/wp\/v2\/comments?post=10676"}],"version-history":[{"count":4,"href":"https:\/\/semmelweis.hu\/bioinformatika\/wp-json\/wp\/v2\/posts\/10676\/revisions"}],"predecessor-version":[{"id":10707,"href":"https:\/\/semmelweis.hu\/bioinformatika\/wp-json\/wp\/v2\/posts\/10676\/revisions\/10707"}],"wp:featuredmedia":[{"embeddable":true,"href":"https:\/\/semmelweis.hu\/bioinformatika\/wp-json\/wp\/v2\/media\/10677"}],"wp:attachment":[{"href":"https:\/\/semmelweis.hu\/bioinformatika\/wp-json\/wp\/v2\/media?parent=10676"}],"wp:term":[{"taxonomy":"category","embeddable":true,"href":"https:\/\/semmelweis.hu\/bioinformatika\/wp-json\/wp\/v2\/categories?post=10676"},{"taxonomy":"post_tag","embeddable":true,"href":"https:\/\/semmelweis.hu\/bioinformatika\/wp-json\/wp\/v2\/tags?post=10676"}],"curies":[{"name":"wp","href":"https:\/\/api.w.org\/{rel}","templated":true}]}}