{"id":10604,"date":"2024-10-24T08:37:30","date_gmt":"2024-10-24T06:37:30","guid":{"rendered":"https:\/\/semmelweis.hu\/bioinformatika\/?p=10604"},"modified":"2024-11-07T08:56:37","modified_gmt":"2024-11-07T07:56:37","slug":"tarsadalmi-szerepvallalas-magyar-dietetikusok-orszagos-szovetsege-konferencia-eloadas-dr-menyhart-otilia","status":"publish","type":"post","link":"https:\/\/semmelweis.hu\/bioinformatika\/tarsadalmi-szerepvallalas-magyar-dietetikusok-orszagos-szovetsege-konferencia-eloadas-dr-menyhart-otilia\/","title":{"rendered":"T\u00e1rsadalmi szerepv\u00e1llal\u00e1s, Magyar Dietetikusok Orsz\u00e1gos Sz\u00f6vets\u00e9ge konferencia el\u0151ad\u00e1s, Dr. Menyhart Ot\u00edlia"},"content":{"rendered":"<p style=\"text-align: justify\"><img loading=\"lazy\" decoding=\"async\" class=\"size-medium wp-image-8994 alignleft\" src=\"https:\/\/semmelweis.hu\/bioinformatika\/files\/2023\/03\/Menyhart-Otilia_748_630-400x337.jpg\" alt=\"\" width=\"400\" height=\"337\" srcset=\"https:\/\/semmelweis.hu\/bioinformatika\/files\/2023\/03\/Menyhart-Otilia_748_630-400x337.jpg 400w, https:\/\/semmelweis.hu\/bioinformatika\/files\/2023\/03\/Menyhart-Otilia_748_630.jpg 748w\" sizes=\"auto, (max-width: 400px) 100vw, 400px\" \/>A Magyar Dietetikusok Orsz\u00e1gos Sz\u00f6vets\u00e9ge 25. alkalommal megrendezett \u00e9ves szakmai konferenci\u00e1j\u00e1n tansz\u00e9k\u00fcnk munkat\u00e1rsa, <strong>Dr. Menyhart Ot\u00edlia<\/strong> megh\u00edvott el\u0151ad\u00f3k\u00e9nt mutatta be a \u201c<em>Ketog\u00e9n \u00e9trendi megk\u00f6zel\u00edt\u00e9sek a daganatellenes ter\u00e1pi\u00e1ban<\/em>\u201d c\u00edm\u0171 el\u0151ad\u00e1s\u00e1t a sz\u00e9lesk\u00f6r\u0171 szakmai k\u00f6z\u00f6ns\u00e9g el\u0151tt. \u201c<em>A dietetika kih\u00edv\u00e1sai a 21. sz\u00e1zadban elnevez\u00e9s\u0171 rendezv\u00e9nyen<\/em>\u201d elhangzottak alapj\u00e1n a ketog\u00e9n di\u00e9ta hat\u00e1ssal lehet egyes tumorok n\u00f6veked\u00e9s\u00e9nek g\u00e1tl\u00e1s\u00e1ra, ezenk\u00edv\u00fcl fokozhatja az alkalmazott ter\u00e1pi\u00e1k, p\u00e9ld\u00e1ul a sug\u00e1rkezel\u00e9s \u00e9s az immunter\u00e1pia hat\u00e9konys\u00e1g\u00e1t a gyullad\u00e1s cs\u00f6kkent\u00e9se \u00e9s az immunv\u00e1laszok jav\u00edt\u00e1sa r\u00e9v\u00e9n.<\/p>\n<p style=\"text-align: justify\">A ketog\u00e9n di\u00e9ta pozit\u00edv hat\u00e1sa azonban nem \u00e1ltal\u00e1nos, bizonyos esetekben fokozza a r\u00e1k el\u0151rehalad\u00e1s\u00e1t. A ketog\u00e9n di\u00e9ta egyes r\u00e1kt\u00edpusok eset\u00e9ben \u00edg\u00e9retes, m\u00e1sutt k\u00e1ros hat\u00e1sa hangs\u00falyozza a kezel\u00e9s el\u0151tti pontos metabolikus profilalkot\u00e1s sz\u00fcks\u00e9gess\u00e9g\u00e9t. A mell\u00e9khat\u00e1sok, p\u00e9ld\u00e1ul az \u00e9melyg\u00e9s, f\u00e1radts\u00e1g \u00e9s a gyomor-b\u00e9lrendszeri panaszok szint\u00e9n kih\u00edv\u00e1st jelentenek a betegek sz\u00e1m\u00e1ra. B\u00e1r n\u00e9h\u00e1ny korai hum\u00e1n klinikai vizsg\u00e1lat bizonyos kedvez\u0151 hat\u00e1sr\u00f3l sz\u00e1molt be, a di\u00e9ta korl\u00e1toz\u00f3 jellege miatt a betart\u00e1si ar\u00e1ny tov\u00e1bbra is alacsony.<\/p>\n<p style=\"text-align: justify\">Az \u00edg\u00e9retes eredm\u00e9nyek ellen\u00e9re a t\u00e1pl\u00e1lkoz\u00e1si korl\u00e1toz\u00e1sokkal kapcsolatos ismeretek nagy r\u00e9sze in vitro \u00e9s \u00e1llatk\u00eds\u00e9rletekb\u0151l sz\u00e1rmazik, amelyek nem feleltethet\u0151k meg az emberi anyagcsere speci\u00e1lis ig\u00e9nyeinek. Tov\u00e1bbi kutat\u00e1sokra van sz\u00fcks\u00e9g ahhoz, hogy teljes m\u00e9rt\u00e9kben meg\u00e9rts\u00fck a ketog\u00e9n d\u00e9ta hossz\u00fa t\u00e1v\u00fa hat\u00e1s\u00e1t a k\u00fcl\u00f6nb\u00f6z\u0151 r\u00e1kt\u00edpusokra, k\u00fcl\u00f6n\u00f6sen j\u00f3l megtervezett klinikai vizsg\u00e1latokon kereszt\u00fcl, amelyek a di\u00e9t\u00e1s protokollok szabv\u00e1nyos\u00edt\u00e1s\u00e1ra \u00e9s a betegek betart\u00e1s\u00e1nak biztos\u00edt\u00e1s\u00e1ra \u00f6sszpontos\u00edtanak.<\/p>\n","protected":false},"excerpt":{"rendered":"<p>A Magyar Dietetikusok Orsz\u00e1gos Sz\u00f6vets\u00e9ge 25. alkalommal megrendezett \u00e9ves szakmai konferenci\u00e1j\u00e1n tansz\u00e9k\u00fcnk munkat\u00e1rsa, Dr. Menyhart Ot\u00edlia megh\u00edvott el\u0151ad\u00f3k\u00e9nt mutatta be a \u201cKetog\u00e9n \u00e9trendi megk\u00f6zel\u00edt\u00e9sek a daganatellenes ter\u00e1pi\u00e1ban\u201d c\u00edm\u0171 el\u0151ad\u00e1s\u00e1t a sz\u00e9lesk\u00f6r\u0171 szakmai k\u00f6z\u00f6ns\u00e9g el\u0151tt. \u201cA dietetika kih\u00edv\u00e1sai a 21. sz\u00e1zadban elnevez\u00e9s\u0171 rendezv\u00e9nyen\u201d elhangzottak alapj\u00e1n a ketog\u00e9n di\u00e9ta hat\u00e1ssal lehet egyes tumorok n\u00f6veked\u00e9s\u00e9nek g\u00e1tl\u00e1s\u00e1ra, ezenk\u00edv\u00fcl fokozhatja &hellip;<\/p>\n","protected":false},"author":102018,"featured_media":10609,"comment_status":"closed","ping_status":"closed","sticky":false,"template":"","format":"standard","meta":{"_acf_changed":false,"footnotes":""},"categories":[2],"tags":[],"class_list":["post-10604","post","type-post","status-publish","format-standard","has-post-thumbnail","hentry","category-hirek"],"acf":[],"_links":{"self":[{"href":"https:\/\/semmelweis.hu\/bioinformatika\/wp-json\/wp\/v2\/posts\/10604","targetHints":{"allow":["GET"]}}],"collection":[{"href":"https:\/\/semmelweis.hu\/bioinformatika\/wp-json\/wp\/v2\/posts"}],"about":[{"href":"https:\/\/semmelweis.hu\/bioinformatika\/wp-json\/wp\/v2\/types\/post"}],"author":[{"embeddable":true,"href":"https:\/\/semmelweis.hu\/bioinformatika\/wp-json\/wp\/v2\/users\/102018"}],"replies":[{"embeddable":true,"href":"https:\/\/semmelweis.hu\/bioinformatika\/wp-json\/wp\/v2\/comments?post=10604"}],"version-history":[{"count":6,"href":"https:\/\/semmelweis.hu\/bioinformatika\/wp-json\/wp\/v2\/posts\/10604\/revisions"}],"predecessor-version":[{"id":10644,"href":"https:\/\/semmelweis.hu\/bioinformatika\/wp-json\/wp\/v2\/posts\/10604\/revisions\/10644"}],"wp:featuredmedia":[{"embeddable":true,"href":"https:\/\/semmelweis.hu\/bioinformatika\/wp-json\/wp\/v2\/media\/10609"}],"wp:attachment":[{"href":"https:\/\/semmelweis.hu\/bioinformatika\/wp-json\/wp\/v2\/media?parent=10604"}],"wp:term":[{"taxonomy":"category","embeddable":true,"href":"https:\/\/semmelweis.hu\/bioinformatika\/wp-json\/wp\/v2\/categories?post=10604"},{"taxonomy":"post_tag","embeddable":true,"href":"https:\/\/semmelweis.hu\/bioinformatika\/wp-json\/wp\/v2\/tags?post=10604"}],"curies":[{"name":"wp","href":"https:\/\/api.w.org\/{rel}","templated":true}]}}