{"id":10594,"date":"2024-10-11T15:22:15","date_gmt":"2024-10-11T13:22:15","guid":{"rendered":"https:\/\/semmelweis.hu\/bioinformatika\/?p=10594"},"modified":"2024-10-14T09:19:36","modified_gmt":"2024-10-14T07:19:36","slug":"szeptember-vegere-onkobank-elerte-a-2000-betegszamot","status":"publish","type":"post","link":"https:\/\/semmelweis.hu\/bioinformatika\/szeptember-vegere-onkobank-elerte-a-2000-betegszamot\/","title":{"rendered":"Szeptember v\u00e9g\u00e9re Onkobank el\u00e9rte a 2000. betegsz\u00e1mot"},"content":{"rendered":"<p>&nbsp;<\/p>\n<p><strong>Szeptember v\u00e9g\u00e9n elhelyezt\u00fck a 2000. beteg mint\u00e1j\u00e1t az OnkoBank laborat\u00f3rium\u00e1ban tal\u00e1lhat\u00f3 g\u0151zf\u00e1zis\u00fa foly\u00e9kony nitrog\u00e9n tart\u00e1lyokban<\/strong><\/p>\n<p><img loading=\"lazy\" decoding=\"async\" class=\"alignnone  wp-image-10595 aligncenter\" src=\"https:\/\/semmelweis.hu\/bioinformatika\/files\/2024\/10\/Kep3-400x224.jpg\" alt=\"\" width=\"521\" height=\"292\" srcset=\"https:\/\/semmelweis.hu\/bioinformatika\/files\/2024\/10\/Kep3-400x224.jpg 400w, https:\/\/semmelweis.hu\/bioinformatika\/files\/2024\/10\/Kep3.jpg 701w\" sizes=\"auto, (max-width: 521px) 100vw, 521px\" \/><\/p>\n<p style=\"text-align: justify\">Jelenleg 11 int\u00e9zm\u00e9nyb\u0151l kapunk napi szinten mint\u00e1kat, melyek k\u00f6z\u00f6tt megtal\u00e1lhat\u00f3k n\u0151gy\u00f3gy\u00e1szati, seb\u00e9szeti, b\u0151rgy\u00f3gy\u00e1szati, fej-nyak seb\u00e9szeti, belgy\u00f3gy\u00e1szati, urol\u00f3giai \u00e9s idegseb\u00e9szeti tumorok is. Folyamatosan \u00e9rkeznek hozz\u00e1nk olyan ritka tumorok is, mint a\u00a0Mesonephricus adenocarcinoma vagy a MEN-1 szindr\u00f3ma daganatos elv\u00e1ltoz\u00e1sai, amelyek m\u00e9g \u00e9rt\u00e9kesebb\u00e9 teszik archiv\u00e1lt sz\u00f6vet gy\u0171jtem\u00e9ny\u00fcnket.<\/p>\n<p style=\"text-align: justify\"><strong>Szeptemberi OnkoBank adatok:<\/strong><\/p>\n<p style=\"text-align: justify\">\u00a009\/30\/2024<\/p>\n<p style=\"text-align: justify\">Sz\u00fcl\u00e9szeti \u00e9s N\u0151gy\u00f3gy\u00e1szati Klinika: 371<\/p>\n<p style=\"text-align: justify\">Seb\u00e9szeti \u00e9s Transzplant\u00e1ci\u00f3s Klinika: 229<\/p>\n<p style=\"text-align: justify\">Urol\u00f3giai Klinika: 358<\/p>\n<p style=\"text-align: justify\">B\u0151r-, Nemik\u00f3rtani \u00e9s B\u0151ronkol\u00f3giai Klinika: 271<\/p>\n<p style=\"text-align: justify\">Fl\u00f3r Ferenc K\u00f3rh\u00e1z (Kistarcsa): 60<\/p>\n<p style=\"text-align: justify\">Orsz\u00e1gos Ment\u00e1lis, Ideggy\u00f3gy\u00e1szati \u00e9s Ideg. Int\u00e9zet: 485<\/p>\n<p style=\"text-align: justify\">Budapesti Bajcsy-Zsilinszky K\u00f3rh\u00e1z: 1<\/p>\n<p style=\"text-align: justify\">\u00c9szak-budai Szent J\u00e1nos Centrumk\u00f3rh\u00e1z: 45<\/p>\n<p style=\"text-align: justify\">Belgy\u00f3gy\u00e1szati \u00e9s Onkol\u00f3giai Klinika: 194\u00a0<em>(csak v\u00e9rmint\u00e1k)<\/em><\/p>\n<p style=\"text-align: justify\"><strong>\u00d6sszesen: 2010 beteg mint\u00e1ja<\/strong><\/p>\n","protected":false},"excerpt":{"rendered":"<p>&nbsp; Szeptember v\u00e9g\u00e9n elhelyezt\u00fck a 2000. beteg mint\u00e1j\u00e1t az OnkoBank laborat\u00f3rium\u00e1ban tal\u00e1lhat\u00f3 g\u0151zf\u00e1zis\u00fa foly\u00e9kony nitrog\u00e9n tart\u00e1lyokban Jelenleg 11 int\u00e9zm\u00e9nyb\u0151l kapunk napi szinten mint\u00e1kat, melyek k\u00f6z\u00f6tt megtal\u00e1lhat\u00f3k n\u0151gy\u00f3gy\u00e1szati, seb\u00e9szeti, b\u0151rgy\u00f3gy\u00e1szati, fej-nyak seb\u00e9szeti, belgy\u00f3gy\u00e1szati, urol\u00f3giai \u00e9s idegseb\u00e9szeti tumorok is. Folyamatosan \u00e9rkeznek hozz\u00e1nk olyan ritka tumorok is, mint a\u00a0Mesonephricus adenocarcinoma vagy a MEN-1 szindr\u00f3ma daganatos elv\u00e1ltoz\u00e1sai, amelyek m\u00e9g &hellip;<\/p>\n","protected":false},"author":102018,"featured_media":10598,"comment_status":"closed","ping_status":"closed","sticky":false,"template":"","format":"standard","meta":{"_acf_changed":false,"footnotes":""},"categories":[2],"tags":[],"class_list":["post-10594","post","type-post","status-publish","format-standard","has-post-thumbnail","hentry","category-hirek"],"acf":[],"_links":{"self":[{"href":"https:\/\/semmelweis.hu\/bioinformatika\/wp-json\/wp\/v2\/posts\/10594","targetHints":{"allow":["GET"]}}],"collection":[{"href":"https:\/\/semmelweis.hu\/bioinformatika\/wp-json\/wp\/v2\/posts"}],"about":[{"href":"https:\/\/semmelweis.hu\/bioinformatika\/wp-json\/wp\/v2\/types\/post"}],"author":[{"embeddable":true,"href":"https:\/\/semmelweis.hu\/bioinformatika\/wp-json\/wp\/v2\/users\/102018"}],"replies":[{"embeddable":true,"href":"https:\/\/semmelweis.hu\/bioinformatika\/wp-json\/wp\/v2\/comments?post=10594"}],"version-history":[{"count":5,"href":"https:\/\/semmelweis.hu\/bioinformatika\/wp-json\/wp\/v2\/posts\/10594\/revisions"}],"predecessor-version":[{"id":10603,"href":"https:\/\/semmelweis.hu\/bioinformatika\/wp-json\/wp\/v2\/posts\/10594\/revisions\/10603"}],"wp:featuredmedia":[{"embeddable":true,"href":"https:\/\/semmelweis.hu\/bioinformatika\/wp-json\/wp\/v2\/media\/10598"}],"wp:attachment":[{"href":"https:\/\/semmelweis.hu\/bioinformatika\/wp-json\/wp\/v2\/media?parent=10594"}],"wp:term":[{"taxonomy":"category","embeddable":true,"href":"https:\/\/semmelweis.hu\/bioinformatika\/wp-json\/wp\/v2\/categories?post=10594"},{"taxonomy":"post_tag","embeddable":true,"href":"https:\/\/semmelweis.hu\/bioinformatika\/wp-json\/wp\/v2\/tags?post=10594"}],"curies":[{"name":"wp","href":"https:\/\/api.w.org\/{rel}","templated":true}]}}