{"id":10566,"date":"2024-10-07T08:45:49","date_gmt":"2024-10-07T06:45:49","guid":{"rendered":"https:\/\/semmelweis.hu\/bioinformatika\/?p=10566"},"modified":"2024-10-14T09:09:05","modified_gmt":"2024-10-14T07:09:05","slug":"tanszekunk-ujabb-phd-hallgatoja-mutatkozik-be-dr-panczel-andras","status":"publish","type":"post","link":"https:\/\/semmelweis.hu\/bioinformatika\/tanszekunk-ujabb-phd-hallgatoja-mutatkozik-be-dr-panczel-andras\/","title":{"rendered":"Tansz\u00e9k\u00fcnk \u00fajabb PhD hallgat\u00f3ja mutatkozik be, Dr. P\u00e1ncz\u00e9l Andr\u00e1s"},"content":{"rendered":"<p style=\"text-align: justify\"><strong><img loading=\"lazy\" decoding=\"async\" class=\"size-medium wp-image-10509 alignleft\" src=\"https:\/\/semmelweis.hu\/bioinformatika\/files\/2024\/09\/panczel-2-268x400.jpg\" alt=\"\" width=\"268\" height=\"400\" srcset=\"https:\/\/semmelweis.hu\/bioinformatika\/files\/2024\/09\/panczel-2-268x400.jpg 268w, https:\/\/semmelweis.hu\/bioinformatika\/files\/2024\/09\/panczel-2.jpg 352w\" sizes=\"auto, (max-width: 268px) 100vw, 268px\" \/>Dr. P\u00e1ncz\u00e9l Andr\u00e1s<\/strong> vagyok \u00e9s a tanulm\u00e1nyaimat a Semmelweis Egyetemen \u00c1ltal\u00e1nos Orvostudom\u00e1nyi Kar\u00e1n v\u00e9geztem, k\u00f6zben tudom\u00e1nyos munk\u00e1mat a jelenlegi Idegseb\u00e9szeti \u00e9s Neurointervenci\u00f3s Klinik\u00e1n folytattam agyi ischaemi\u00e1s betegs\u00e9gek t\u00e9mak\u00f6r\u00e9ben. Az egyetemet k\u00f6vet\u0151en a Klinik\u00e1n kezdtem idegseb\u00e9sz rezidensk\u00e9nt dolgozni, \u00edgy ker\u00fclhettem kapcsolatba a Bioniformatikai Tansz\u00e9kkel, mint az onkobank projekt helyi k\u00e9pvisel\u0151je. Informatikai \u00e9rdekl\u0151d\u00e9sem a gimn\u00e1ziumi \u00e9vekben kezd\u0151d\u00f6tt, egyetem mellett hobbi szinten foglalkoztam t\u00f6bbek k\u00f6z\u00f6tt python alap\u00fa programoz\u00e1ssal, \u00edgy \u00f6r\u00f6m\u00f6mre szolg\u00e1lt, hogy a tansz\u00e9ken kereszt\u00fcl lehet\u0151s\u00e9gem ny\u00edlik ennek az oldalnak az er\u0151s\u00edt\u00e9s\u00e9re is. Kutat\u00e1som sor\u00e1n a legagressz\u00edvebb agydaganat, a glioblastoma (GBM) diagnosztikai, prognosztikai \u00e9s predikt\u00edv biomarkereit vizsg\u00e1lom. C\u00e9lom, hogy a betegek t\u00fal\u00e9l\u00e9s\u00e9ben legjelent\u0151sebb szerepet j\u00e1tsz\u00f3 genetikai \u00e9s transzkriptomikai elv\u00e1ltoz\u00e1sokat azonos\u00edtsam, GBM betegekb\u0151ll intraoperat\u00edve vett tumoros sz\u00f6vetmint\u00e1k, valamint v\u00e9rmint\u00e1k vizsg\u00e1lat\u00e1val. \u00daj gener\u00e1ci\u00f3s szekven\u00e1l\u00e1s \u00e9s fejlett bioinformatikai m\u00f3dszerek alkalmaz\u00e1s\u00e1val szeretn\u00e9k felt\u00e1rni kulcsfontoss\u00e1g\u00fa genetikai mut\u00e1ci\u00f3kat \u00e9s epigenetikai v\u00e1ltoz\u00e1sokat, amelyek jav\u00edthatj\u00e1k a GBM genetikai heterogenit\u00e1s\u00e1nak meg\u00e9rt\u00e9s\u00e9t.<\/p>\n","protected":false},"excerpt":{"rendered":"<p>Dr. P\u00e1ncz\u00e9l Andr\u00e1s vagyok \u00e9s a tanulm\u00e1nyaimat a Semmelweis Egyetemen \u00c1ltal\u00e1nos Orvostudom\u00e1nyi Kar\u00e1n v\u00e9geztem, k\u00f6zben tudom\u00e1nyos munk\u00e1mat a jelenlegi Idegseb\u00e9szeti \u00e9s Neurointervenci\u00f3s Klinik\u00e1n folytattam agyi ischaemi\u00e1s betegs\u00e9gek t\u00e9mak\u00f6r\u00e9ben. Az egyetemet k\u00f6vet\u0151en a Klinik\u00e1n kezdtem idegseb\u00e9sz rezidensk\u00e9nt dolgozni, \u00edgy ker\u00fclhettem kapcsolatba a Bioniformatikai Tansz\u00e9kkel, mint az onkobank projekt helyi k\u00e9pvisel\u0151je. Informatikai \u00e9rdekl\u0151d\u00e9sem a gimn\u00e1ziumi \u00e9vekben kezd\u0151d\u00f6tt, &hellip;<\/p>\n","protected":false},"author":102018,"featured_media":10570,"comment_status":"closed","ping_status":"closed","sticky":false,"template":"","format":"standard","meta":{"_acf_changed":false,"footnotes":""},"categories":[2],"tags":[],"class_list":["post-10566","post","type-post","status-publish","format-standard","has-post-thumbnail","hentry","category-hirek"],"acf":[],"_links":{"self":[{"href":"https:\/\/semmelweis.hu\/bioinformatika\/wp-json\/wp\/v2\/posts\/10566","targetHints":{"allow":["GET"]}}],"collection":[{"href":"https:\/\/semmelweis.hu\/bioinformatika\/wp-json\/wp\/v2\/posts"}],"about":[{"href":"https:\/\/semmelweis.hu\/bioinformatika\/wp-json\/wp\/v2\/types\/post"}],"author":[{"embeddable":true,"href":"https:\/\/semmelweis.hu\/bioinformatika\/wp-json\/wp\/v2\/users\/102018"}],"replies":[{"embeddable":true,"href":"https:\/\/semmelweis.hu\/bioinformatika\/wp-json\/wp\/v2\/comments?post=10566"}],"version-history":[{"count":7,"href":"https:\/\/semmelweis.hu\/bioinformatika\/wp-json\/wp\/v2\/posts\/10566\/revisions"}],"predecessor-version":[{"id":10601,"href":"https:\/\/semmelweis.hu\/bioinformatika\/wp-json\/wp\/v2\/posts\/10566\/revisions\/10601"}],"wp:featuredmedia":[{"embeddable":true,"href":"https:\/\/semmelweis.hu\/bioinformatika\/wp-json\/wp\/v2\/media\/10570"}],"wp:attachment":[{"href":"https:\/\/semmelweis.hu\/bioinformatika\/wp-json\/wp\/v2\/media?parent=10566"}],"wp:term":[{"taxonomy":"category","embeddable":true,"href":"https:\/\/semmelweis.hu\/bioinformatika\/wp-json\/wp\/v2\/categories?post=10566"},{"taxonomy":"post_tag","embeddable":true,"href":"https:\/\/semmelweis.hu\/bioinformatika\/wp-json\/wp\/v2\/tags?post=10566"}],"curies":[{"name":"wp","href":"https:\/\/api.w.org\/{rel}","templated":true}]}}