{"id":10529,"date":"2024-09-25T11:41:06","date_gmt":"2024-09-25T09:41:06","guid":{"rendered":"https:\/\/semmelweis.hu\/bioinformatika\/?p=10529"},"modified":"2024-10-11T15:03:54","modified_gmt":"2024-10-11T13:03:54","slug":"pachinger-molnar-bence-tanszekunk-uj-phd-hallgatoja-mutatkozik-be","status":"publish","type":"post","link":"https:\/\/semmelweis.hu\/bioinformatika\/pachinger-molnar-bence-tanszekunk-uj-phd-hallgatoja-mutatkozik-be\/","title":{"rendered":"Pachinger-Moln\u00e1r Bence, tansz\u00e9k\u00fcnk \u00faj PhD hallgat\u00f3ja mutatkozik be"},"content":{"rendered":"<p style=\"text-align: justify\"><img loading=\"lazy\" decoding=\"async\" class=\" wp-image-10486 alignleft\" src=\"https:\/\/semmelweis.hu\/bioinformatika\/files\/2024\/09\/Pachinger_Molnar-Bence-360x400.jpg\" alt=\"\" width=\"301\" height=\"334\" srcset=\"https:\/\/semmelweis.hu\/bioinformatika\/files\/2024\/09\/Pachinger_Molnar-Bence-360x400.jpg 360w, https:\/\/semmelweis.hu\/bioinformatika\/files\/2024\/09\/Pachinger_Molnar-Bence.jpg 724w\" sizes=\"auto, (max-width: 301px) 100vw, 301px\" \/>A nevem <strong>Pachinger-Moln\u00e1r Bence.<\/strong> 2019-ben v\u00e9geztem a Szegedi Tudom\u00e1nyegyetemen Biom\u00e9rn\u00f6kk\u00e9nt. Ezt k\u00f6vet\u0151en 2021-ben szereztem Biol\u00f3gus MSc diplom\u00e1t, bioinformatika szakir\u00e1nnyal, szint\u00e9n a Szegedi Tudom\u00e1nyegyetemen. 2023-ig a Szegedi Biol\u00f3giai Kutat\u00f3k\u00f6zpontban dolgoztam a bioinformatika csoportban, ahol f\u0151k\u00e9nt RNS szekvencia adatok feldolgoz\u00e1s\u00e1t v\u00e9geztem. Ehhez kapcsol\u00f3d\u00f3an k\u00e9sz\u00edtettem egy anal\u00edzis programcsomagot is, ami komplex anal\u00edzist k\u00e9pes v\u00e9gezni. K\u00e9s\u0151bb kipr\u00f3b\u00e1ltam magam az \u00fczleti vil\u00e1gban \u00e9s a BGI-n\u00e1l (Beijing Genomics Institute) voltam bioinformatikus. Ekkor betekint\u00e9st kaptam a bioinformatika versenyszf\u00e9r\u00e1s haszn\u00e1lat\u00e1ba \u00e9s kaptam egy k\u00e9pet arr\u00f3l, hogy milyen ir\u00e1nyokba tudn\u00e1nak potenci\u00e1lisan fejl\u0151dni a genommal kapcsolatos elemz\u00e9sek a j\u00f6v\u0151ben. Tanulm\u00e1nyaim sor\u00e1n \u00e9s a mai napig is \u00fagy gondolom, hogy a szem\u00e9lyre szabott gy\u00f3gy\u00e1szat az emberis\u00e9g j\u00f6v\u0151je, \u00e9s az ebbe az ir\u00e1nyba t\u00f6rt\u00e9n\u0151 el\u0151rel\u00e9p\u00e9st a lehet\u0151 legnagyobb m\u00e9rt\u00e9kben \u00f6szt\u00f6n\u00f6zni kell. Ezen gondolat \u00e1ltal vez\u00e9relve szerettem volna m\u00e9lyrehat\u00f3bb tud\u00e1sra szert tenni \u00e9s a Doktori Iskola keretein bel\u00fcl folytatni tanulm\u00e1nyaimat \u00e9s \u00f6n\u00e1ll\u00f3 kutat\u00e1sba kezdeni. A kutat\u00e1som c\u00e9lja, hogy single-cell \u00e9s bulk-RNS adatok feldolgoz\u00e1s\u00e1val egy applik\u00e1ci\u00f3t tudjak l\u00e9trehozni, amely k\u00e9pes a tumorok csoportos\u00edt\u00e1s\u00e1ra, azok metabolikus \u00fatvonalai alapj\u00e1n. Ezzel lehet\u0151s\u00e9get ny\u00fajtva a kutat\u00f3k sz\u00e1m\u00e1ra, hogy c\u00e9lzott ter\u00e1pi\u00e1t dolgozhassanak ki.<\/p>\n","protected":false},"excerpt":{"rendered":"<p>A nevem Pachinger-Moln\u00e1r Bence. 2019-ben v\u00e9geztem a Szegedi Tudom\u00e1nyegyetemen Biom\u00e9rn\u00f6kk\u00e9nt. Ezt k\u00f6vet\u0151en 2021-ben szereztem Biol\u00f3gus MSc diplom\u00e1t, bioinformatika szakir\u00e1nnyal, szint\u00e9n a Szegedi Tudom\u00e1nyegyetemen. 2023-ig a Szegedi Biol\u00f3giai Kutat\u00f3k\u00f6zpontban dolgoztam a bioinformatika csoportban, ahol f\u0151k\u00e9nt RNS szekvencia adatok feldolgoz\u00e1s\u00e1t v\u00e9geztem. Ehhez kapcsol\u00f3d\u00f3an k\u00e9sz\u00edtettem egy anal\u00edzis programcsomagot is, ami komplex anal\u00edzist k\u00e9pes v\u00e9gezni. K\u00e9s\u0151bb kipr\u00f3b\u00e1ltam magam az &hellip;<\/p>\n","protected":false},"author":102018,"featured_media":10531,"comment_status":"closed","ping_status":"closed","sticky":false,"template":"","format":"standard","meta":{"_acf_changed":false,"footnotes":""},"categories":[2],"tags":[],"class_list":["post-10529","post","type-post","status-publish","format-standard","has-post-thumbnail","hentry","category-hirek"],"acf":[],"_links":{"self":[{"href":"https:\/\/semmelweis.hu\/bioinformatika\/wp-json\/wp\/v2\/posts\/10529","targetHints":{"allow":["GET"]}}],"collection":[{"href":"https:\/\/semmelweis.hu\/bioinformatika\/wp-json\/wp\/v2\/posts"}],"about":[{"href":"https:\/\/semmelweis.hu\/bioinformatika\/wp-json\/wp\/v2\/types\/post"}],"author":[{"embeddable":true,"href":"https:\/\/semmelweis.hu\/bioinformatika\/wp-json\/wp\/v2\/users\/102018"}],"replies":[{"embeddable":true,"href":"https:\/\/semmelweis.hu\/bioinformatika\/wp-json\/wp\/v2\/comments?post=10529"}],"version-history":[{"count":9,"href":"https:\/\/semmelweis.hu\/bioinformatika\/wp-json\/wp\/v2\/posts\/10529\/revisions"}],"predecessor-version":[{"id":10592,"href":"https:\/\/semmelweis.hu\/bioinformatika\/wp-json\/wp\/v2\/posts\/10529\/revisions\/10592"}],"wp:featuredmedia":[{"embeddable":true,"href":"https:\/\/semmelweis.hu\/bioinformatika\/wp-json\/wp\/v2\/media\/10531"}],"wp:attachment":[{"href":"https:\/\/semmelweis.hu\/bioinformatika\/wp-json\/wp\/v2\/media?parent=10529"}],"wp:term":[{"taxonomy":"category","embeddable":true,"href":"https:\/\/semmelweis.hu\/bioinformatika\/wp-json\/wp\/v2\/categories?post=10529"},{"taxonomy":"post_tag","embeddable":true,"href":"https:\/\/semmelweis.hu\/bioinformatika\/wp-json\/wp\/v2\/tags?post=10529"}],"curies":[{"name":"wp","href":"https:\/\/api.w.org\/{rel}","templated":true}]}}