{"id":10489,"date":"2024-09-13T14:22:58","date_gmt":"2024-09-13T12:22:58","guid":{"rendered":"https:\/\/semmelweis.hu\/bioinformatika\/?p=10489"},"modified":"2024-09-13T14:25:45","modified_gmt":"2024-09-13T12:25:45","slug":"szeptemberi-kutatoi-szalon","status":"publish","type":"post","link":"https:\/\/semmelweis.hu\/bioinformatika\/szeptemberi-kutatoi-szalon\/","title":{"rendered":"Szeptemberi Kutat\u00f3i Szalon"},"content":{"rendered":"<p><img loading=\"lazy\" decoding=\"async\" class=\"size-full wp-image-10493 alignleft\" src=\"https:\/\/semmelweis.hu\/bioinformatika\/files\/2024\/09\/Kutatoi2024szept.4.300_400.jpg\" alt=\"\" width=\"300\" height=\"400\" \/>Szeptember 4-\u00e9n a Bioinformatika Tansz\u00e9k kutat\u00f3i \u00e9rtekezlet\u00e9n t\u00f6bb \u00e9rdekes el\u0151ad\u00e1s hangzott el. .A tansz\u00e9ki feladatok megvitat\u00e1sa ut\u00e1n sz\u00e1mos kutat\u00f3 osztotta meg leg\u00fajabb eredm\u00e9nyeit.<\/p>\n<p>Az angol nyelv\u0171 szekci\u00f3ban Prof. Dr. Gy\u0151rffy Bal\u00e1zs besz\u00e9lt a &#8222;Halsted&#8221; t\u00e9m\u00e1r\u00f3l, majd Alberto Ocana a felsz\u00edni feh\u00e9rj\u00e9k azonos\u00edt\u00e1s\u00e1r\u00f3l adott el\u0151 antitest fejleszt\u00e9si c\u00e9lb\u00f3l. Dr. V\u00edzkeleti Laura a Septin9 markerrel kapcsolatos legfrissebb eredm\u00e9nyeket ismertette vastagb\u00e9lr\u00e1k kapcs\u00e1n. Ankita Murmu egy mesters\u00e9ges intelligencia alap\u00fa alkalmaz\u00e1sr\u00f3l tartott el\u0151ad\u00e1st, amely melanoma detekt\u00e1l\u00e1s\u00e1ra szolg\u00e1l, m\u00edg Dr. P\u00e1ncz\u00e9l Andr\u00e1s a glioblaszt\u00f3ma kutat\u00e1si \u00f6sszefoglal\u00f3j\u00e1t prezent\u00e1lta.<\/p>\n<p>A k\u00e1v\u00e9sz\u00fcnet ut\u00e1n a Journal Club keret\u00e9ben tov\u00e1bbi izgalmas kutat\u00e1sok ker\u00fcltek bemutat\u00e1sra, k\u00f6zt\u00fck Dr. Fekete J\u00e1nos Tibor el\u0151ad\u00e1sa a GP1 receptor agonist\u00e1kr\u00f3l \u00e9s az elh\u00edz\u00e1ssal \u00f6sszef\u00fcgg\u0151 daganatos betegs\u00e9gekr\u0151l, valamint Kov\u00e1cs Szonja Anna a h\u00fasfogyaszt\u00e1s \u00e9s a 2-es t\u00edpus\u00fa diab\u00e9tesz kapcsolat\u00e1r\u00f3l. Dr. Menyhart Ot\u00edlia az intesztin\u00e1lis \u0151ssejtek regener\u00e1ci\u00f3s k\u00e9pess\u00e9g\u00e9nek fokoz\u00e1s\u00e1r\u00f3l besz\u00e9lt a r\u00f6vid t\u00e1v\u00fa b\u00f6jt ut\u00e1n. Dr. Tusn\u00e1dy G\u00e1bor a sejtfelsz\u00edni feh\u00e9rj\u00e9k mennyis\u00e9gi meghat\u00e1roz\u00e1s\u00e1r\u00f3l adott el\u0151, m\u00edg Dr. Dobson L\u00e1szl\u00f3 az antimikrobi\u00e1lis peptidek generat\u00edv mesters\u00e9ges intelligencia \u00e1ltali tervez\u00e9s\u00e9t ismertette.<\/p>\n<p>Tov\u00e1bbi \u00e9rdekess\u00e9gekkel folytat\u00f3dott a program, t\u00f6bbek k\u00f6z\u00f6tt Kiss Luca az infantilis k\u00e9perny\u0151haszn\u00e1lat \u00e9s EEG-markerek kapcsolat\u00e1t vizsg\u00e1lta, K\u00f3s Tam\u00e1s pedig a T-sejt receptor reperto\u00e1r elemz\u00e9s\u00e9nek alkalmaz\u00e1s\u00e1r\u00f3l besz\u00e9lt a r\u00e1kos immunter\u00e1pia fejleszt\u00e9s\u00e9ben.<\/p>\n<p>Az \u00e9rtekezlet utols\u00f3 r\u00e9sz\u00e9ben a progress report szekci\u00f3 k\u00f6vetkezett, ahol Dr. Munk\u00e1csy Gy\u00f6ngyi a patk\u00e1ny agyi \u00e9rszakaszok transzkripci\u00f3s vizsg\u00e1latair\u00f3l sz\u00e1molt be, m\u00edg M\u00fcller Dalma egy eml\u0151daganatok metil\u00e1ci\u00f3s adatainak adatb\u00e1zis\u00e1r\u00f3l tartott el\u0151ad\u00e1st. Az \u00fcl\u00e9s Dr. Figler Aida Onkobank \u00e9ves besz\u00e1mol\u00f3j\u00e1val z\u00e1rult.<\/p>\n<p>A r\u00e9sztvev\u0151k sok hasznos inform\u00e1ci\u00f3val gazdagodtak, \u00e9s a kutat\u00e1sok el\u0151rehalad\u00e1s\u00e1r\u00f3l is \u00e1tfog\u00f3 k\u00e9pet kaptak.<\/p>\n","protected":false},"excerpt":{"rendered":"<p>Szeptember 4-\u00e9n a Bioinformatika Tansz\u00e9k kutat\u00f3i \u00e9rtekezlet\u00e9n t\u00f6bb \u00e9rdekes el\u0151ad\u00e1s hangzott el. .A tansz\u00e9ki feladatok megvitat\u00e1sa ut\u00e1n sz\u00e1mos kutat\u00f3 osztotta meg leg\u00fajabb eredm\u00e9nyeit. Az angol nyelv\u0171 szekci\u00f3ban Prof. Dr. Gy\u0151rffy Bal\u00e1zs besz\u00e9lt a &#8222;Halsted&#8221; t\u00e9m\u00e1r\u00f3l, majd Alberto Ocana a felsz\u00edni feh\u00e9rj\u00e9k azonos\u00edt\u00e1s\u00e1r\u00f3l adott el\u0151 antitest fejleszt\u00e9si c\u00e9lb\u00f3l. Dr. V\u00edzkeleti Laura a Septin9 markerrel kapcsolatos legfrissebb &hellip;<\/p>\n","protected":false},"author":102018,"featured_media":10491,"comment_status":"closed","ping_status":"closed","sticky":false,"template":"","format":"standard","meta":{"_acf_changed":false,"footnotes":""},"categories":[2],"tags":[],"class_list":["post-10489","post","type-post","status-publish","format-standard","has-post-thumbnail","hentry","category-hirek"],"acf":[],"_links":{"self":[{"href":"https:\/\/semmelweis.hu\/bioinformatika\/wp-json\/wp\/v2\/posts\/10489","targetHints":{"allow":["GET"]}}],"collection":[{"href":"https:\/\/semmelweis.hu\/bioinformatika\/wp-json\/wp\/v2\/posts"}],"about":[{"href":"https:\/\/semmelweis.hu\/bioinformatika\/wp-json\/wp\/v2\/types\/post"}],"author":[{"embeddable":true,"href":"https:\/\/semmelweis.hu\/bioinformatika\/wp-json\/wp\/v2\/users\/102018"}],"replies":[{"embeddable":true,"href":"https:\/\/semmelweis.hu\/bioinformatika\/wp-json\/wp\/v2\/comments?post=10489"}],"version-history":[{"count":4,"href":"https:\/\/semmelweis.hu\/bioinformatika\/wp-json\/wp\/v2\/posts\/10489\/revisions"}],"predecessor-version":[{"id":10495,"href":"https:\/\/semmelweis.hu\/bioinformatika\/wp-json\/wp\/v2\/posts\/10489\/revisions\/10495"}],"wp:featuredmedia":[{"embeddable":true,"href":"https:\/\/semmelweis.hu\/bioinformatika\/wp-json\/wp\/v2\/media\/10491"}],"wp:attachment":[{"href":"https:\/\/semmelweis.hu\/bioinformatika\/wp-json\/wp\/v2\/media?parent=10489"}],"wp:term":[{"taxonomy":"category","embeddable":true,"href":"https:\/\/semmelweis.hu\/bioinformatika\/wp-json\/wp\/v2\/categories?post=10489"},{"taxonomy":"post_tag","embeddable":true,"href":"https:\/\/semmelweis.hu\/bioinformatika\/wp-json\/wp\/v2\/tags?post=10489"}],"curies":[{"name":"wp","href":"https:\/\/api.w.org\/{rel}","templated":true}]}}