{"id":10405,"date":"2024-07-31T10:04:03","date_gmt":"2024-07-31T08:04:03","guid":{"rendered":"https:\/\/semmelweis.hu\/bioinformatika\/?p=10405"},"modified":"2024-09-04T19:09:54","modified_gmt":"2024-09-04T17:09:54","slug":"megjelent-a-clinical-translational-medicine-folyoiratban-a-dr-bartha-aron-es-prof-dr-gyorffy-balazs-kozremukodesevel-keszult-cikk","status":"publish","type":"post","link":"https:\/\/semmelweis.hu\/bioinformatika\/megjelent-a-clinical-translational-medicine-folyoiratban-a-dr-bartha-aron-es-prof-dr-gyorffy-balazs-kozremukodesevel-keszult-cikk\/","title":{"rendered":"Megjelent a Clinical Translational Medicine foly\u00f3iratban a Dr. Bartha \u00c1ron k\u00f6zrem\u0171k\u00f6d\u00e9s\u00e9vel k\u00e9sz\u00fclt cikk"},"content":{"rendered":"<p><img loading=\"lazy\" decoding=\"async\" class=\"size-full wp-image-10408 alignleft\" src=\"https:\/\/semmelweis.hu\/bioinformatika\/files\/2024\/07\/Clinical-Translational-Medicine-logo_344_396.jpg\" alt=\"\" width=\"344\" height=\"396\" \/>A mitokondri\u00e1lis feh\u00e9rj\u00e9k dinamik\u00e1ja jelent\u0151s szerepet j\u00e1tszik a metasztatikus melanoma fejl\u0151d\u00e9s\u00e9ben \u00e9s kezel\u00e9sekre val\u00f3 rezisztencia kialak\u00edt\u00e1s\u00e1ban. Vizsg\u00e1latunkban kimutattuk, hogy a BRAF V600E-mut\u00e1ci\u00f3val rendelkez\u0151 melanom\u00e1kban komoly anyagcsere-\u00e1trendez\u0151d\u00e9s zajlik, ami el\u0151seg\u00edti a daganat n\u00f6veked\u00e9s\u00e9t \u00e9s a t\u00e1voli \u00e1tt\u00e9tek kialakul\u00e1s\u00e1t. A vizsg\u00e1lat sor\u00e1n a Human Melanoma Proteome Atlas projekt keret\u00e9ben 127 melanoma nyirokcsom\u00f3 \u00e1tt\u00e9t proteomikai adatait elemezt\u00fck, \u00e9s felt\u00e1rtuk, hogy a mitokondri\u00e1lis m\u0171k\u00f6d\u00e9s zavarai hozz\u00e1j\u00e1rulhatnak a melanoma kialakul\u00e1s\u00e1hoz \u00e9s progresszi\u00f3j\u00e1hoz.<\/p>\n<p>A melanoma egy rendk\u00edv\u00fcl agressz\u00edv r\u00e1kt\u00edpus, melyet magas metasztatikus k\u00e9pess\u00e9g jellemez, k\u00fcl\u00f6n\u00f6sen a BRAF V600E-mut\u00e1ci\u00f3 jelenl\u00e9t\u00e9ben. Ez a mut\u00e1ci\u00f3 jelent\u0151sen gyors\u00edtja a daganat el\u0151rehalad\u00e1s\u00e1t \u00e9s megnehez\u00edti a kezel\u00e9st. A kutat\u00e1s sor\u00e1n felt\u00e1rtuk, hogy a mitokondri\u00e1lis diszfunkci\u00f3k nemcsak a melanoma sejtek szaporod\u00e1s\u00e1t fokozz\u00e1k, hanem az immunrendszer elker\u00fcl\u00e9s\u00e9ben is szerepet j\u00e1tszanak.<\/p>\n<p>A mitokondri\u00e1lis m\u0171k\u00f6d\u00e9s \u00e9s az immunv\u00e1lasz k\u00f6z\u00f6tti szoros \u00f6sszef\u00fcgg\u00e9s felt\u00e1r\u00e1sa \u00faj lehet\u0151s\u00e9geket k\u00edn\u00e1l a melanoma kezel\u00e9s\u00e9ben. A mitokondri\u00e1lis diszfunkci\u00f3k meg\u00e9rt\u00e9se \u00e9s c\u00e9lzott beavatkoz\u00e1sok kifejleszt\u00e9se hat\u00e9konyabb ter\u00e1pi\u00e1s megk\u00f6zel\u00edt\u00e9sekhez vezethet, amelyek k\u00e9pesek lesznek kezelni ezt a kih\u00edv\u00e1st jelent\u0151 r\u00e1kt\u00edpust.<\/p>\n<p>A teljes k\u00f6zlem\u00e9ny melynek c\u00edme \u201eMitochondrial dysfunction and immune suppression in BRAF V600E-mutated metastatic melanoma\u201d <a href=\"https:\/\/onlinelibrary.wiley.com\/doi\/10.1002\/ctm2.1773\">ide kattintva<\/a> \u00e9rhet\u0151 el.<\/p>\n","protected":false},"excerpt":{"rendered":"<p>A mitokondri\u00e1lis feh\u00e9rj\u00e9k dinamik\u00e1ja jelent\u0151s szerepet j\u00e1tszik a metasztatikus melanoma fejl\u0151d\u00e9s\u00e9ben \u00e9s kezel\u00e9sekre val\u00f3 rezisztencia kialak\u00edt\u00e1s\u00e1ban. Vizsg\u00e1latunkban kimutattuk, hogy a BRAF V600E-mut\u00e1ci\u00f3val rendelkez\u0151 melanom\u00e1kban komoly anyagcsere-\u00e1trendez\u0151d\u00e9s zajlik, ami el\u0151seg\u00edti a daganat n\u00f6veked\u00e9s\u00e9t \u00e9s a t\u00e1voli \u00e1tt\u00e9tek kialakul\u00e1s\u00e1t. A vizsg\u00e1lat sor\u00e1n a Human Melanoma Proteome Atlas projekt keret\u00e9ben 127 melanoma nyirokcsom\u00f3 \u00e1tt\u00e9t proteomikai adatait elemezt\u00fck, \u00e9s &hellip;<\/p>\n","protected":false},"author":102018,"featured_media":9043,"comment_status":"closed","ping_status":"closed","sticky":false,"template":"","format":"standard","meta":{"_acf_changed":false,"footnotes":""},"categories":[2],"tags":[],"class_list":["post-10405","post","type-post","status-publish","format-standard","has-post-thumbnail","hentry","category-hirek"],"acf":[],"_links":{"self":[{"href":"https:\/\/semmelweis.hu\/bioinformatika\/wp-json\/wp\/v2\/posts\/10405","targetHints":{"allow":["GET"]}}],"collection":[{"href":"https:\/\/semmelweis.hu\/bioinformatika\/wp-json\/wp\/v2\/posts"}],"about":[{"href":"https:\/\/semmelweis.hu\/bioinformatika\/wp-json\/wp\/v2\/types\/post"}],"author":[{"embeddable":true,"href":"https:\/\/semmelweis.hu\/bioinformatika\/wp-json\/wp\/v2\/users\/102018"}],"replies":[{"embeddable":true,"href":"https:\/\/semmelweis.hu\/bioinformatika\/wp-json\/wp\/v2\/comments?post=10405"}],"version-history":[{"count":6,"href":"https:\/\/semmelweis.hu\/bioinformatika\/wp-json\/wp\/v2\/posts\/10405\/revisions"}],"predecessor-version":[{"id":10462,"href":"https:\/\/semmelweis.hu\/bioinformatika\/wp-json\/wp\/v2\/posts\/10405\/revisions\/10462"}],"wp:featuredmedia":[{"embeddable":true,"href":"https:\/\/semmelweis.hu\/bioinformatika\/wp-json\/wp\/v2\/media\/9043"}],"wp:attachment":[{"href":"https:\/\/semmelweis.hu\/bioinformatika\/wp-json\/wp\/v2\/media?parent=10405"}],"wp:term":[{"taxonomy":"category","embeddable":true,"href":"https:\/\/semmelweis.hu\/bioinformatika\/wp-json\/wp\/v2\/categories?post=10405"},{"taxonomy":"post_tag","embeddable":true,"href":"https:\/\/semmelweis.hu\/bioinformatika\/wp-json\/wp\/v2\/tags?post=10405"}],"curies":[{"name":"wp","href":"https:\/\/api.w.org\/{rel}","templated":true}]}}