{"id":10366,"date":"2024-06-17T10:04:39","date_gmt":"2024-06-17T08:04:39","guid":{"rendered":"https:\/\/semmelweis.hu\/bioinformatika\/?p=10366"},"modified":"2024-06-17T10:04:39","modified_gmt":"2024-06-17T08:04:39","slug":"baratosi-kristof-bence-a-tudomanyos-diakkorok-karpat-medencei-konferenciajan-masodik-dijban-reszesult","status":"publish","type":"post","link":"https:\/\/semmelweis.hu\/bioinformatika\/baratosi-kristof-bence-a-tudomanyos-diakkorok-karpat-medencei-konferenciajan-masodik-dijban-reszesult\/","title":{"rendered":"Bar\u00e1tosi Krist\u00f3f Bence a Tudom\u00e1nyos Di\u00e1kk\u00f6r\u00f6k K\u00e1rp\u00e1t-medencei Konferenci\u00e1j\u00e1n m\u00e1sodik d\u00edjban r\u00e9szes\u00fclt"},"content":{"rendered":"<p><span class=\"TextRun SCXW112562498 BCX0\" lang=\"HU-HU\" xml:lang=\"HU-HU\" data-contrast=\"none\"><span class=\"NormalTextRun SpellingErrorV2Themed SCXW112562498 BCX0\"><img loading=\"lazy\" decoding=\"async\" class=\"size-medium wp-image-10369 alignleft\" src=\"https:\/\/semmelweis.hu\/bioinformatika\/files\/2024\/06\/Kristof350-454-308x400.png\" alt=\"\" width=\"308\" height=\"400\" srcset=\"https:\/\/semmelweis.hu\/bioinformatika\/files\/2024\/06\/Kristof350-454-308x400.png 308w, https:\/\/semmelweis.hu\/bioinformatika\/files\/2024\/06\/Kristof350-454.png 350w\" sizes=\"auto, (max-width: 308px) 100vw, 308px\" \/>Bar\u00e1tosi<\/span><span class=\"NormalTextRun SCXW112562498 BCX0\"> Krist\u00f3f<\/span><span class=\"NormalTextRun SCXW112562498 BCX0\"> Bence<\/span><span class=\"NormalTextRun SCXW112562498 BCX0\">, a II. Ker\u00fcleti M\u00f3ricz Zsigmond Gimn\u00e1zium 11. \u00e9vfolyamos tanul\u00f3ja, a Tudom\u00e1nyos Di\u00e1kk\u00f6r\u00f6k Kaposv\u00e1ron rendezett XXIV. K\u00e1rp\u00e1t-medencei Konferenci\u00e1j\u00e1n az Elm\u00e9leti- \u00e9s k\u00eds\u00e9rletes orvostudom\u00e1ny szekci\u00f3ban m\u00e1sodik d\u00edjat nyert. P\u00e1lyamunk\u00e1ja a &#8222;Predikt\u00edv <\/span><span class=\"NormalTextRun SpellingErrorV2Themed SCXW112562498 BCX0\">biomarkerek<\/span><span class=\"NormalTextRun SCXW112562498 BCX0\"> az onkol\u00f3gi\u00e1ban&#8221; c\u00edmet viselte, amelyet Dr. Fekete J\u00e1nos Tibor, a <\/span><span class=\"NormalTextRun SpellingErrorV2Themed SCXW112562498 BCX0\">Bioinformatika<\/span><span class=\"NormalTextRun SCXW112562498 BCX0\"> tansz\u00e9k <\/span><span class=\"NormalTextRun SCXW112562498 BCX0\">adjunktus\u00e1nak<\/span><span class=\"NormalTextRun SCXW112562498 BCX0\"> mentor\u00e1l\u00e1s\u00e1val k\u00e9sz\u00edtett el.<\/span><\/span><span class=\"EOP SCXW112562498 BCX0\" data-ccp-props=\"{&quot;201341983&quot;:0,&quot;335559739&quot;:160,&quot;335559740&quot;:259}\">\u00a0<\/span><\/p>\n","protected":false},"excerpt":{"rendered":"<p>Bar\u00e1tosi Krist\u00f3f Bence, a II. Ker\u00fcleti M\u00f3ricz Zsigmond Gimn\u00e1zium 11. \u00e9vfolyamos tanul\u00f3ja, a Tudom\u00e1nyos Di\u00e1kk\u00f6r\u00f6k Kaposv\u00e1ron rendezett XXIV. K\u00e1rp\u00e1t-medencei Konferenci\u00e1j\u00e1n az Elm\u00e9leti- \u00e9s k\u00eds\u00e9rletes orvostudom\u00e1ny szekci\u00f3ban m\u00e1sodik d\u00edjat nyert. P\u00e1lyamunk\u00e1ja a &#8222;Predikt\u00edv biomarkerek az onkol\u00f3gi\u00e1ban&#8221; c\u00edmet viselte, amelyet Dr. Fekete J\u00e1nos Tibor, a Bioinformatika tansz\u00e9k adjunktus\u00e1nak mentor\u00e1l\u00e1s\u00e1val k\u00e9sz\u00edtett el.\u00a0<\/p>\n","protected":false},"author":102018,"featured_media":10372,"comment_status":"closed","ping_status":"closed","sticky":false,"template":"","format":"standard","meta":{"_acf_changed":false,"footnotes":""},"categories":[2],"tags":[],"class_list":["post-10366","post","type-post","status-publish","format-standard","has-post-thumbnail","hentry","category-hirek"],"acf":[],"_links":{"self":[{"href":"https:\/\/semmelweis.hu\/bioinformatika\/wp-json\/wp\/v2\/posts\/10366","targetHints":{"allow":["GET"]}}],"collection":[{"href":"https:\/\/semmelweis.hu\/bioinformatika\/wp-json\/wp\/v2\/posts"}],"about":[{"href":"https:\/\/semmelweis.hu\/bioinformatika\/wp-json\/wp\/v2\/types\/post"}],"author":[{"embeddable":true,"href":"https:\/\/semmelweis.hu\/bioinformatika\/wp-json\/wp\/v2\/users\/102018"}],"replies":[{"embeddable":true,"href":"https:\/\/semmelweis.hu\/bioinformatika\/wp-json\/wp\/v2\/comments?post=10366"}],"version-history":[{"count":3,"href":"https:\/\/semmelweis.hu\/bioinformatika\/wp-json\/wp\/v2\/posts\/10366\/revisions"}],"predecessor-version":[{"id":10370,"href":"https:\/\/semmelweis.hu\/bioinformatika\/wp-json\/wp\/v2\/posts\/10366\/revisions\/10370"}],"wp:featuredmedia":[{"embeddable":true,"href":"https:\/\/semmelweis.hu\/bioinformatika\/wp-json\/wp\/v2\/media\/10372"}],"wp:attachment":[{"href":"https:\/\/semmelweis.hu\/bioinformatika\/wp-json\/wp\/v2\/media?parent=10366"}],"wp:term":[{"taxonomy":"category","embeddable":true,"href":"https:\/\/semmelweis.hu\/bioinformatika\/wp-json\/wp\/v2\/categories?post=10366"},{"taxonomy":"post_tag","embeddable":true,"href":"https:\/\/semmelweis.hu\/bioinformatika\/wp-json\/wp\/v2\/tags?post=10366"}],"curies":[{"name":"wp","href":"https:\/\/api.w.org\/{rel}","templated":true}]}}