{"id":10349,"date":"2024-06-07T13:51:21","date_gmt":"2024-06-07T11:51:21","guid":{"rendered":"https:\/\/semmelweis.hu\/bioinformatika\/?p=10349"},"modified":"2024-06-07T13:58:53","modified_gmt":"2024-06-07T11:58:53","slug":"megjelent-a-cancer-discovery-folyoiratban-a-prof-dr-gyorffy-balazs-kozremukodesevel-keszult-cikk","status":"publish","type":"post","link":"https:\/\/semmelweis.hu\/bioinformatika\/megjelent-a-cancer-discovery-folyoiratban-a-prof-dr-gyorffy-balazs-kozremukodesevel-keszult-cikk\/","title":{"rendered":"Megjelent a Cancer Discovery foly\u00f3iratban a Prof. Dr. Gy\u0151rffy Bal\u00e1zs k\u00f6zrem\u0171k\u00f6d\u00e9s\u00e9vel k\u00e9sz\u00fclt cikk"},"content":{"rendered":"<p><img loading=\"lazy\" decoding=\"async\" class=\" wp-image-10352 alignleft\" src=\"https:\/\/semmelweis.hu\/bioinformatika\/files\/2024\/06\/Kep-Cancer-Discovery-301x400.jpg\" alt=\"\" width=\"253\" height=\"336\" srcset=\"https:\/\/semmelweis.hu\/bioinformatika\/files\/2024\/06\/Kep-Cancer-Discovery-301x400.jpg 301w, https:\/\/semmelweis.hu\/bioinformatika\/files\/2024\/06\/Kep-Cancer-Discovery.jpg 339w\" sizes=\"auto, (max-width: 253px) 100vw, 253px\" \/>Az \u00f6sztrog\u00e9nreceptor-pozit\u00edv eml\u0151r\u00e1kban szenved\u0151 betegeket a m\u0171t\u00e9t ut\u00e1n hormonter\u00e1pi\u00e1val kezelik, hogy megakad\u00e1lyozz\u00e1k a r\u00e1k ki\u00fajul\u00e1s\u00e1t. Ezek a ter\u00e1pi\u00e1k az apr\u00f3, rejtett r\u00e1kos sejtek ellen ir\u00e1nyulnak. E betegek ak\u00e1r fel\u00e9n\u00e9l azonban \u00e9vekkel k\u00e9s\u0151bb is visszat\u00e9r a r\u00e1k, val\u00f3sz\u00edn\u0171leg az\u00e9rt, mert ezek a sejtek hossz\u00fa ideig szunnyad\u00f3 \u00e1llapotban maradnak.<\/p>\n<p>Annak meg\u00e9rt\u00e9se \u00e9rdek\u00e9ben, hogy ezek a szunnyad\u00f3 sejtek hogyan \u00e9brednek fel \u00e9s okoznak ki\u00fajul\u00e1st, a kutat\u00f3k olyan betegeket vizsg\u00e1ltak, akikn\u00e9l k\u00e9s\u0151i ki\u00fajul\u00e1st tapasztaltak, \u00e9s akiket hossz\u00fa t\u00e1v\u00fa hormonter\u00e1pi\u00e1val kezeltek a r\u00e1k el\u0151rehalad\u00e1s\u00e1ig. Laborat\u00f3riumi k\u00eds\u00e9rleteket is v\u00e9geztek, hogy megfigyelj\u00e9k, hogyan alkalmazkodnak az egyes r\u00e1kos sejtvonalak id\u0151vel a kezel\u00e9s beavatkoz\u00e1sa n\u00e9lk\u00fcl.<\/p>\n<p>Eredm\u00e9nyeik azt mutatt\u00e1k, hogy a hormonter\u00e1pi\u00e1k hat\u00e1s\u00e1ra egyes r\u00e1kos sejtek ink\u00e1bb a sejtek viselked\u00e9s\u00e9nek megv\u00e1ltoz\u00e1sa, mint genetikai mut\u00e1ci\u00f3k r\u00e9v\u00e9n l\u00e9phetnek nyugalmi \u00e1llapotba. Ezek a szunnyad\u00f3 sejtek v\u00e9letlenszer\u0171en \u201efel\u00e9bredhetnek\u201d \u00e9s \u00fajra akt\u00edvv\u00e1 v\u00e1lhatnak an\u00e9lk\u00fcl, hogy k\u00f6vetkezetes genetikai v\u00e1ltoz\u00e1sokat mutatn\u00e1nak. Az ezeket a sejteket alv\u00f3 \u00e1llapotban tart\u00f3 mechanizmusok megc\u00e9lz\u00e1s\u00e1val a kutat\u00f3k megtal\u00e1lt\u00e1k a visszat\u00e9r\u0151 r\u00e1k lek\u00fczd\u00e9s\u00e9nek lehets\u00e9ges m\u00f3djait. Ez a tanulm\u00e1ny r\u00e1vil\u00e1g\u00edt annak fontoss\u00e1g\u00e1ra, hogy a kezel\u00e9si strat\u00e9gi\u00e1k jav\u00edt\u00e1sa \u00e9rdek\u00e9ben meg kell \u00e9rteni, hogyan alkalmazkodnak a r\u00e1kos sejtek nem genetikai eszk\u00f6z\u00f6kkel.<\/p>\n<p>A teljes k\u00f6zlem\u00e9ny, melynek c\u00edme \u201e Long-term multimodal recording reveals epigenetic adaptation routes in dormant breast cancer cells\u201d<a href=\"https:\/\/aacrjournals.org\/cancerdiscovery\/article\/14\/5\/866\/745039\/Long-term-Multimodal-Recording-Reveals-Epigenetic\">\u00a0ide kattintva<\/a>\u00a0\u00e9rhet\u0151 el.<\/p>\n<p>&nbsp;<\/p>\n","protected":false},"excerpt":{"rendered":"<p>Az \u00f6sztrog\u00e9nreceptor-pozit\u00edv eml\u0151r\u00e1kban szenved\u0151 betegeket a m\u0171t\u00e9t ut\u00e1n hormonter\u00e1pi\u00e1val kezelik, hogy megakad\u00e1lyozz\u00e1k a r\u00e1k ki\u00fajul\u00e1s\u00e1t. Ezek a ter\u00e1pi\u00e1k az apr\u00f3, rejtett r\u00e1kos sejtek ellen ir\u00e1nyulnak. E betegek ak\u00e1r fel\u00e9n\u00e9l azonban \u00e9vekkel k\u00e9s\u0151bb is visszat\u00e9r a r\u00e1k, val\u00f3sz\u00edn\u0171leg az\u00e9rt, mert ezek a sejtek hossz\u00fa ideig szunnyad\u00f3 \u00e1llapotban maradnak. Annak meg\u00e9rt\u00e9se \u00e9rdek\u00e9ben, hogy ezek a szunnyad\u00f3 sejtek &hellip;<\/p>\n","protected":false},"author":102018,"featured_media":10354,"comment_status":"closed","ping_status":"closed","sticky":false,"template":"","format":"standard","meta":{"_acf_changed":false,"footnotes":""},"categories":[2],"tags":[],"class_list":["post-10349","post","type-post","status-publish","format-standard","has-post-thumbnail","hentry","category-hirek"],"acf":[],"_links":{"self":[{"href":"https:\/\/semmelweis.hu\/bioinformatika\/wp-json\/wp\/v2\/posts\/10349","targetHints":{"allow":["GET"]}}],"collection":[{"href":"https:\/\/semmelweis.hu\/bioinformatika\/wp-json\/wp\/v2\/posts"}],"about":[{"href":"https:\/\/semmelweis.hu\/bioinformatika\/wp-json\/wp\/v2\/types\/post"}],"author":[{"embeddable":true,"href":"https:\/\/semmelweis.hu\/bioinformatika\/wp-json\/wp\/v2\/users\/102018"}],"replies":[{"embeddable":true,"href":"https:\/\/semmelweis.hu\/bioinformatika\/wp-json\/wp\/v2\/comments?post=10349"}],"version-history":[{"count":6,"href":"https:\/\/semmelweis.hu\/bioinformatika\/wp-json\/wp\/v2\/posts\/10349\/revisions"}],"predecessor-version":[{"id":10357,"href":"https:\/\/semmelweis.hu\/bioinformatika\/wp-json\/wp\/v2\/posts\/10349\/revisions\/10357"}],"wp:featuredmedia":[{"embeddable":true,"href":"https:\/\/semmelweis.hu\/bioinformatika\/wp-json\/wp\/v2\/media\/10354"}],"wp:attachment":[{"href":"https:\/\/semmelweis.hu\/bioinformatika\/wp-json\/wp\/v2\/media?parent=10349"}],"wp:term":[{"taxonomy":"category","embeddable":true,"href":"https:\/\/semmelweis.hu\/bioinformatika\/wp-json\/wp\/v2\/categories?post=10349"},{"taxonomy":"post_tag","embeddable":true,"href":"https:\/\/semmelweis.hu\/bioinformatika\/wp-json\/wp\/v2\/tags?post=10349"}],"curies":[{"name":"wp","href":"https:\/\/api.w.org\/{rel}","templated":true}]}}