{"id":10332,"date":"2024-06-03T12:23:14","date_gmt":"2024-06-03T10:23:14","guid":{"rendered":"https:\/\/semmelweis.hu\/bioinformatika\/?p=10332"},"modified":"2024-06-03T12:23:14","modified_gmt":"2024-06-03T10:23:14","slug":"tarsadalmi-szerepvallalas","status":"publish","type":"post","link":"https:\/\/semmelweis.hu\/bioinformatika\/tarsadalmi-szerepvallalas\/","title":{"rendered":"T\u00e1rsadalmi szerepv\u00e1llal\u00e1s"},"content":{"rendered":"<p><img loading=\"lazy\" decoding=\"async\" class=\"size-medium wp-image-10336 alignleft\" src=\"https:\/\/semmelweis.hu\/bioinformatika\/files\/2024\/06\/Kep-tarsadalmi-szerepvallalas_500_315-400x252.png\" alt=\"\" width=\"400\" height=\"252\" srcset=\"https:\/\/semmelweis.hu\/bioinformatika\/files\/2024\/06\/Kep-tarsadalmi-szerepvallalas_500_315-400x252.png 400w, https:\/\/semmelweis.hu\/bioinformatika\/files\/2024\/06\/Kep-tarsadalmi-szerepvallalas_500_315.png 500w\" sizes=\"auto, (max-width: 400px) 100vw, 400px\" \/>A <strong>Dr. Menyh\u00e1rt Ot\u00edlia <\/strong>\u00e9s <strong>Prof. Dr. Gy\u0151rffy Bal\u00e1zs <\/strong>neve \u00e1ltal f\u00e9mjelzett, a neves <strong>Biochimica et Biophysica Acta (BBA) \u2013 Reviews on Cancer <\/strong>foly\u00f3iratban megjelent \u00f6sszefoglal\u00f3 tanulm\u00e1ny a n\u00e9pszer\u0171 di\u00e9t\u00e1k valamint a daganatos megbeteged\u00e9sek k\u00f6z\u00f6tti kapcsolatokat vizsg\u00e1lja. Az egyes daganatt\u00edpusok t\u00e1panyagsz\u00fcks\u00e9gletei na\u00adgyon v\u00e1ltozatosak, de \u00e1ltal\u00e1nosan jellemz\u0151, hogy a tumoros sejtek rendk\u00edv\u00fcl nagy ener\u00adgiaig\u00e9nnyel rendelkeznek, \u00e9s t\u00f6bbf\u00e9le for\u00adr\u00e1sb\u00f3l k\u00e9pesek t\u00e1pl\u00e1lkozni. Az irodalmi \u00e1t\u00adtekint\u0151 szerint a bevitt sz\u00e9nhidr\u00e1t cs\u00f6kken\u00adt\u00e9se a ketog\u00e9n \u00e9trend vagy az id\u0151szakos b\u00f6jt, valamint az ezekkel j\u00e1r\u00f3 kal\u00f3riakorl\u00e1\u00adtoz\u00e1s \u00e9s \u00e9tkez\u00e9si id\u0151szakok behat\u00e1rol\u00e1sa potenci\u00e1lisan g\u00e1tolhatja a daganatok n\u00f6\u00adveked\u00e9s\u00e9t \u00e9s terjed\u00e9s\u00e9t.<\/p>\n<p>A sz\u00e9nhidr\u00e1t cs\u00f6kkent\u00e9s k\u00f6vetkezt\u00e9\u00adben a szervezet bontani kezdi az elrakt\u00e1ro\u00adzott zs\u00edrokat, melyekb\u0151l ketontestek k\u00e9p\u00adz\u0151dnek. Az eg\u00e9szs\u00e9ges sejtek hat\u00e9konyan haszn\u00e1lj\u00e1k fel ezeket az alternat\u00edv energia\u00adforr\u00e1sokat, de a r\u00e1ksejtek ezen k\u00e9pess\u00e9ge korl\u00e1tozott. Az id\u0151szakos b\u00f6jt hat\u00e1s\u00e1ra az eg\u00e9szs\u00e9ges sejtek v\u00e9delmi \u00e9s regener\u00e1l\u00f3 f\u00e1zisba ker\u00fclnek, m\u00edg a gyorsan szaporod\u00f3 r\u00e1ksejtek erre nem k\u00e9pesek, \u00edgy kiszolg\u00e1l\u00adtatottabb\u00e1 v\u00e1lnak a kemoter\u00e1pi\u00e1s kezel\u00e9s hat\u00e1sainak. Ez\u00e9rt bizonyos esetekben a ke\u00admoter\u00e1pia hat\u00e9konyabb lehet, ha a kezel\u00e9s el\u0151tt \u00e9s ut\u00e1n b\u00f6jt\u00f6t alkalmaznak, illetve cs\u00f6kkenhetnek a kezel\u00e9s kedvez\u0151tlen mel\u00adl\u00e9khat\u00e1sai is. Ugyanakkor fontos megje\u00adgyezni, hogy bizonyos daganatt\u00edpusok ese\u00adt\u00e9ben, a ketog\u00e9n di\u00e9ta a r\u00e1k terjed\u00e9s\u00e9t ser\u00adkentheti.<\/p>\n<p>Az eredm\u00e9nyek \u00edg\u00e9retesek, de t\u00f6bbs\u00e9\u00adg\u00fck laborat\u00f3riumi \u00e9s \u00e1llatk\u00eds\u00e9rleteken ala\u00adpul. Az emberi szervezetben t\u00f6rt\u00e9n\u0151 v\u00e1lto\u00adz\u00e1sok pontosabb meg\u00e9rt\u00e9se \u00e9rdek\u00e9ben tov\u00e1bbi klinikai vizsg\u00e1latokra van sz\u00fcks\u00e9g. A tanulm\u00e1ny arra is r\u00e1mutat, hogy a bete\u00adgek egy\u00fcttm\u0171k\u00f6d\u00e9si hajland\u00f3s\u00e1ga az \u00e9t\u00adrend t\u00edpus\u00e1t\u00f3l f\u00fcgg, ez\u00e9rt olyan protokollo\u00adkat kell kidolgozni, amelyeket sz\u00e9lesebb k\u00f6rben alkalmazhat\u00f3k.<\/p>\n<p>\u00d6sszess\u00e9g\u00e9ben a tanulm\u00e1ny f\u0151 \u00fczenete az, hogy a napi kal\u00f3riabevitel cs\u00f6k\u00adkent\u00e9se megel\u0151zheti a kering\u00e9si \u00e9s anyag\u00adcsere-betegs\u00e9gek kialakul\u00e1s\u00e1t, valamint a gyullad\u00e1sos folyamatok \u00e9s a r\u00e1k kock\u00e1zat\u00e1t is. A t\u00e1pl\u00e1lkoz\u00e1si szok\u00e1sok vizsg\u00e1lata \u00e9s v\u00e1l\u00adtoztat\u00e1sa \u00faj lehet\u0151s\u00e9geket nyithat a r\u00e1k megel\u0151z\u00e9s\u00e9ben \u00e9s kezel\u00e9s\u00e9ben. Azonban a klinikai vizsg\u00e1latokban r\u00e9sztvev\u0151k ala\u00adcsony egy\u00fcttm\u0171k\u00f6d\u00e9si hajland\u00f3s\u00e1ga \u00e9s a kev\u00e9s sz\u00e1m\u00fa klinikai vizsg\u00e1lat eredm\u00e9nye alapj\u00e1n, a t\u00e1pl\u00e1lkoz\u00e1si szok\u00e1sok klinikai al\u00adkalmaz\u00e1sa m\u00e9g nem egy\u00e9rtelm\u0171 \u00e9s kifor\u00adrott aj\u00e1nl\u00e1sok m\u00e9g nincsenek.<\/p>\n<p>Dr. Menyh\u00e1rt Ot\u00edlia sz\u00edv\u00fcgye, hogy sa\u00adj\u00e1t magunk is tegy\u00fcnk eg\u00e9szs\u00e9g\u00fcnk meg\u00ad\u0151rz\u00e9se \u00e9s a kr\u00f3nikus betegs\u00e9gek megel\u0151\u00adz\u00e9se \u00e9rdek\u00e9ben, mely egyszer\u0171en, p\u00e9ld\u00e1ul a napi kal\u00f3ria bevitel cs\u00f6kkent\u00e9s\u00e9vel is el\u00adkezdhet\u0151. Az \u00f6sszefoglal\u00f3 tanulm\u00e1ny ered\u00adm\u00e9nyeit t\u00f6bb m\u0171sorban is n\u00e9pszer\u0171s\u00edtette, p\u00e9ld\u00e1ul l\u00e1that\u00f3 volt a Duna TV Ridik\u00fcl \u00e9s Csal\u00e1di k\u00f6r c\u00edm\u0171 m\u0171sor\u00e1ban, az RTL-klub Reggeli \u00e9s Praxis c\u00edm\u0171 m\u0171sor\u00e1ban, vala\u00admint hallhat\u00f3 volt a Kossuth R\u00e1di\u00f3ban.<\/p>\n","protected":false},"excerpt":{"rendered":"<p>A Dr. Menyh\u00e1rt Ot\u00edlia \u00e9s Prof. Dr. Gy\u0151rffy Bal\u00e1zs neve \u00e1ltal f\u00e9mjelzett, a neves Biochimica et Biophysica Acta (BBA) \u2013 Reviews on Cancer foly\u00f3iratban megjelent \u00f6sszefoglal\u00f3 tanulm\u00e1ny a n\u00e9pszer\u0171 di\u00e9t\u00e1k valamint a daganatos megbeteged\u00e9sek k\u00f6z\u00f6tti kapcsolatokat vizsg\u00e1lja. Az egyes daganatt\u00edpusok t\u00e1panyagsz\u00fcks\u00e9gletei na\u00adgyon v\u00e1ltozatosak, de \u00e1ltal\u00e1nosan jellemz\u0151, hogy a tumoros sejtek rendk\u00edv\u00fcl nagy ener\u00adgiaig\u00e9nnyel rendelkeznek, \u00e9s &hellip;<\/p>\n","protected":false},"author":102018,"featured_media":10334,"comment_status":"closed","ping_status":"closed","sticky":false,"template":"","format":"standard","meta":{"_acf_changed":false,"footnotes":""},"categories":[2],"tags":[],"class_list":["post-10332","post","type-post","status-publish","format-standard","has-post-thumbnail","hentry","category-hirek"],"acf":[],"_links":{"self":[{"href":"https:\/\/semmelweis.hu\/bioinformatika\/wp-json\/wp\/v2\/posts\/10332","targetHints":{"allow":["GET"]}}],"collection":[{"href":"https:\/\/semmelweis.hu\/bioinformatika\/wp-json\/wp\/v2\/posts"}],"about":[{"href":"https:\/\/semmelweis.hu\/bioinformatika\/wp-json\/wp\/v2\/types\/post"}],"author":[{"embeddable":true,"href":"https:\/\/semmelweis.hu\/bioinformatika\/wp-json\/wp\/v2\/users\/102018"}],"replies":[{"embeddable":true,"href":"https:\/\/semmelweis.hu\/bioinformatika\/wp-json\/wp\/v2\/comments?post=10332"}],"version-history":[{"count":3,"href":"https:\/\/semmelweis.hu\/bioinformatika\/wp-json\/wp\/v2\/posts\/10332\/revisions"}],"predecessor-version":[{"id":10337,"href":"https:\/\/semmelweis.hu\/bioinformatika\/wp-json\/wp\/v2\/posts\/10332\/revisions\/10337"}],"wp:featuredmedia":[{"embeddable":true,"href":"https:\/\/semmelweis.hu\/bioinformatika\/wp-json\/wp\/v2\/media\/10334"}],"wp:attachment":[{"href":"https:\/\/semmelweis.hu\/bioinformatika\/wp-json\/wp\/v2\/media?parent=10332"}],"wp:term":[{"taxonomy":"category","embeddable":true,"href":"https:\/\/semmelweis.hu\/bioinformatika\/wp-json\/wp\/v2\/categories?post=10332"},{"taxonomy":"post_tag","embeddable":true,"href":"https:\/\/semmelweis.hu\/bioinformatika\/wp-json\/wp\/v2\/tags?post=10332"}],"curies":[{"name":"wp","href":"https:\/\/api.w.org\/{rel}","templated":true}]}}