{"id":10318,"date":"2024-05-30T14:26:24","date_gmt":"2024-05-30T12:26:24","guid":{"rendered":"https:\/\/semmelweis.hu\/bioinformatika\/?p=10318"},"modified":"2024-05-30T14:26:24","modified_gmt":"2024-05-30T12:26:24","slug":"kovacs-szonja-anna-phd-hallgatonk-az-53-membran-transzport-konferencian-poszterdijat-kapott","status":"publish","type":"post","link":"https:\/\/semmelweis.hu\/bioinformatika\/kovacs-szonja-anna-phd-hallgatonk-az-53-membran-transzport-konferencian-poszterdijat-kapott\/","title":{"rendered":"Kov\u00e1cs Szonja Anna PhD hallgat\u00f3nk  az 53. Membr\u00e1n-Transzport Konferenci\u00e1n poszterd\u00edjat kapott"},"content":{"rendered":"<div class=\"x_gmail_default\"><img loading=\"lazy\" decoding=\"async\" class=\"size-full wp-image-10321 alignleft\" src=\"https:\/\/semmelweis.hu\/bioinformatika\/files\/2024\/05\/Oklevel_300_400.jpg\" alt=\"\" width=\"300\" height=\"400\" \/>Kov\u00e1cs Szonja Anna PhD hallgat\u00f3nk r\u00e9szt vett az 53. Membr\u00e1n-Transzport Konferenci\u00e1n a Romh\u00e1nyi Gy\u00f6rgy Alap\u00edtv\u00e1ny P\u00e1ly\u00e1zat\u00e1nak j\u00f3volt\u00e1b\u00f3l, ahol posztert mutatott be. A konferencia 2024. 05. 14-17. k\u00f6z\u00f6tt ker\u00fclt megrendez\u00e9sre S\u00fcmegen. Az el\u0151ad\u00e1sok multidiszciplin\u00e1ris jelleg\u00e9t j\u00f3l mutatja az \u00e9rintett t\u00e9m\u00e1k sz\u00e9les k\u00f6re; a biofizik\u00e1n \u00e1t, az onkol\u00f3gi\u00e1n kereszt\u00fcl, a mesters\u00e9ges intelligencia alkalmaz\u00e1s\u00e1ig. Tov\u00e1bb\u00e1, a szakmai zs\u0171ri poszterd\u00edjjal jutalmazta eredm\u00e9nyeit, amelyet \u00edgy utols\u00f3 nap, a Fiatalok f\u00f3rum\u00e1n el\u0151ad\u00e1sk\u00e9nt is prezent\u00e1lhatott.\u00a0<\/div>\n<div class=\"x_gmail_default\">\u00a0<\/div>\n","protected":false},"excerpt":{"rendered":"<p>Kov\u00e1cs Szonja Anna PhD hallgat\u00f3nk r\u00e9szt vett az 53. Membr\u00e1n-Transzport Konferenci\u00e1n a Romh\u00e1nyi Gy\u00f6rgy Alap\u00edtv\u00e1ny P\u00e1ly\u00e1zat\u00e1nak j\u00f3volt\u00e1b\u00f3l, ahol posztert mutatott be. A konferencia 2024. 05. 14-17. k\u00f6z\u00f6tt ker\u00fclt megrendez\u00e9sre S\u00fcmegen. Az el\u0151ad\u00e1sok multidiszciplin\u00e1ris jelleg\u00e9t j\u00f3l mutatja az \u00e9rintett t\u00e9m\u00e1k sz\u00e9les k\u00f6re; a biofizik\u00e1n \u00e1t, az onkol\u00f3gi\u00e1n kereszt\u00fcl, a mesters\u00e9ges intelligencia alkalmaz\u00e1s\u00e1ig. Tov\u00e1bb\u00e1, a szakmai zs\u0171ri &hellip;<\/p>\n","protected":false},"author":102018,"featured_media":10323,"comment_status":"closed","ping_status":"closed","sticky":false,"template":"","format":"standard","meta":{"_acf_changed":false,"footnotes":""},"categories":[2],"tags":[],"class_list":["post-10318","post","type-post","status-publish","format-standard","has-post-thumbnail","hentry","category-hirek"],"acf":[],"_links":{"self":[{"href":"https:\/\/semmelweis.hu\/bioinformatika\/wp-json\/wp\/v2\/posts\/10318","targetHints":{"allow":["GET"]}}],"collection":[{"href":"https:\/\/semmelweis.hu\/bioinformatika\/wp-json\/wp\/v2\/posts"}],"about":[{"href":"https:\/\/semmelweis.hu\/bioinformatika\/wp-json\/wp\/v2\/types\/post"}],"author":[{"embeddable":true,"href":"https:\/\/semmelweis.hu\/bioinformatika\/wp-json\/wp\/v2\/users\/102018"}],"replies":[{"embeddable":true,"href":"https:\/\/semmelweis.hu\/bioinformatika\/wp-json\/wp\/v2\/comments?post=10318"}],"version-history":[{"count":3,"href":"https:\/\/semmelweis.hu\/bioinformatika\/wp-json\/wp\/v2\/posts\/10318\/revisions"}],"predecessor-version":[{"id":10322,"href":"https:\/\/semmelweis.hu\/bioinformatika\/wp-json\/wp\/v2\/posts\/10318\/revisions\/10322"}],"wp:featuredmedia":[{"embeddable":true,"href":"https:\/\/semmelweis.hu\/bioinformatika\/wp-json\/wp\/v2\/media\/10323"}],"wp:attachment":[{"href":"https:\/\/semmelweis.hu\/bioinformatika\/wp-json\/wp\/v2\/media?parent=10318"}],"wp:term":[{"taxonomy":"category","embeddable":true,"href":"https:\/\/semmelweis.hu\/bioinformatika\/wp-json\/wp\/v2\/categories?post=10318"},{"taxonomy":"post_tag","embeddable":true,"href":"https:\/\/semmelweis.hu\/bioinformatika\/wp-json\/wp\/v2\/tags?post=10318"}],"curies":[{"name":"wp","href":"https:\/\/api.w.org\/{rel}","templated":true}]}}