{"id":10267,"date":"2024-05-30T15:04:44","date_gmt":"2024-05-30T13:04:44","guid":{"rendered":"https:\/\/semmelweis.hu\/bioinformatika\/?p=10267"},"modified":"2024-05-30T15:04:44","modified_gmt":"2024-05-30T13:04:44","slug":"megerkezett-az-1500-beteg-mintaja","status":"publish","type":"post","link":"https:\/\/semmelweis.hu\/bioinformatika\/megerkezett-az-1500-beteg-mintaja\/","title":{"rendered":"Meg\u00e9rkezett az 1500. beteg mint\u00e1ja"},"content":{"rendered":"<p><img loading=\"lazy\" decoding=\"async\" class=\"size-full wp-image-10269 alignleft\" src=\"https:\/\/semmelweis.hu\/bioinformatika\/files\/2024\/04\/1500.-beteg_400_300.jpg\" alt=\"\" width=\"400\" height=\"300\" \/>Meg\u00e9rkezett az 1500. beteg mint\u00e1ja<\/p>\n<p>2024 m\u00e1jus\u00e1ban \u00fajabb m\u00e9rf\u00f6ldk\u0151h\u00f6z \u00e9rkezett el a Bioinformatika Tansz\u00e9k \u00e1ltal koordin\u00e1lt Onkobank azzal, hogy be\u00e9rkezett az 1500. beteg mint\u00e1ja is a laborat\u00f3riumunkba.<\/p>\n<p>Az Onkobank mintagy\u0171jt\u00e9se 2022. janu\u00e1r \u00f3ta folyamatosan \u00fczemel. A gy\u0171jt\u00e9s jelenleg a Belgy\u00f3gy\u00e1szati \u00e9s Onkol\u00f3giai Klink\u00e1n; a B\u0151r,- Nemik\u00f3rtani \u00e9s B\u0151ronkol\u00f3giai Klinik\u00e1n; az \u00c9szak-budai Szent J\u00e1nos Centrumk\u00f3rh\u00e1zban; az Orsz\u00e1gos Ment\u00e1lis, Ideggy\u00f3gy\u00e1szati \u00e9s Idegseb\u00e9szeti Int\u00e9zetben; a Sz\u00fcl\u00e9szeti \u00e9s N\u0151gy\u00f3gy\u00e1szati Klinik\u00e1n; az Urol\u00f3giai Klinik\u00e1n; a Laborat\u00f3riumi Medicina Int\u00e9zetben; a Pest megyei Fl\u00f3r Ferenc K\u00f3rh\u00e1zban \u00e9s a Seb\u00e9szeti, Transzplant\u00e1ci\u00f3s \u00e9s Gasztroenterol\u00f3giai Klinik\u00e1n zajlik. Emellett a Patol\u00f3giai \u00e9s K\u00eds\u00e9rleti R\u00e1kkutat\u00f3 Int\u00e9zet, valamint a Patol\u00f3giai, Igazs\u00e1g\u00fcgyi \u00e9s Biztos\u00edt\u00e1si Orvostani Int\u00e9zet \u00e9s szerves r\u00e9sz\u00e9t k\u00e9pezi a mintagy\u0171jt\u00e9snek. Az eml\u00edtett int\u00e9zm\u00e9nyek szerepe nem a mint\u00e1k szolg\u00e1ltat\u00e1sa, hanem azok el\u0151k\u00e9sz\u00edt\u00e9se, patol\u00f3giai leletez\u00e9se.<\/p>\n<p>Jelenleg azon dolgozunk, hogy a technikai egyeztet\u00e9seket k\u00f6vet\u0151en a Semmelweis Egyetem F\u00fcl-Orr-G\u00e9g\u00e9szeti \u00e9s Fej- Nyakseb\u00e9szeti Klinik\u00e1j\u00e1n \u00e9s a Bajcsy-Zsilinszky K\u00f3rh\u00e1z F\u00fcl- Orr- G\u00e9g\u00e9szeti \u00e9s Fej- Nyakseb\u00e9szeti Oszt\u00e1ly\u00e1n is mihamarabb elkezdhess\u00fck a tumoros mint\u00e1k gy\u0171jt\u00e9s\u00e9t ezzel is n\u00f6velve a be\u00e9rkezett mint\u00e1k sz\u00e1m\u00e1t<\/p>\n","protected":false},"excerpt":{"rendered":"<p>Meg\u00e9rkezett az 1500. beteg mint\u00e1ja 2024 m\u00e1jus\u00e1ban \u00fajabb m\u00e9rf\u00f6ldk\u0151h\u00f6z \u00e9rkezett el a Bioinformatika Tansz\u00e9k \u00e1ltal koordin\u00e1lt Onkobank azzal, hogy be\u00e9rkezett az 1500. beteg mint\u00e1ja is a laborat\u00f3riumunkba. Az Onkobank mintagy\u0171jt\u00e9se 2022. janu\u00e1r \u00f3ta folyamatosan \u00fczemel. A gy\u0171jt\u00e9s jelenleg a Belgy\u00f3gy\u00e1szati \u00e9s Onkol\u00f3giai Klink\u00e1n; a B\u0151r,- Nemik\u00f3rtani \u00e9s B\u0151ronkol\u00f3giai Klinik\u00e1n; az \u00c9szak-budai Szent J\u00e1nos Centrumk\u00f3rh\u00e1zban; az &hellip;<\/p>\n","protected":false},"author":102018,"featured_media":10268,"comment_status":"closed","ping_status":"closed","sticky":false,"template":"","format":"standard","meta":{"_acf_changed":false,"footnotes":""},"categories":[2],"tags":[],"class_list":["post-10267","post","type-post","status-publish","format-standard","has-post-thumbnail","hentry","category-hirek"],"acf":[],"_links":{"self":[{"href":"https:\/\/semmelweis.hu\/bioinformatika\/wp-json\/wp\/v2\/posts\/10267","targetHints":{"allow":["GET"]}}],"collection":[{"href":"https:\/\/semmelweis.hu\/bioinformatika\/wp-json\/wp\/v2\/posts"}],"about":[{"href":"https:\/\/semmelweis.hu\/bioinformatika\/wp-json\/wp\/v2\/types\/post"}],"author":[{"embeddable":true,"href":"https:\/\/semmelweis.hu\/bioinformatika\/wp-json\/wp\/v2\/users\/102018"}],"replies":[{"embeddable":true,"href":"https:\/\/semmelweis.hu\/bioinformatika\/wp-json\/wp\/v2\/comments?post=10267"}],"version-history":[{"count":2,"href":"https:\/\/semmelweis.hu\/bioinformatika\/wp-json\/wp\/v2\/posts\/10267\/revisions"}],"predecessor-version":[{"id":10331,"href":"https:\/\/semmelweis.hu\/bioinformatika\/wp-json\/wp\/v2\/posts\/10267\/revisions\/10331"}],"wp:featuredmedia":[{"embeddable":true,"href":"https:\/\/semmelweis.hu\/bioinformatika\/wp-json\/wp\/v2\/media\/10268"}],"wp:attachment":[{"href":"https:\/\/semmelweis.hu\/bioinformatika\/wp-json\/wp\/v2\/media?parent=10267"}],"wp:term":[{"taxonomy":"category","embeddable":true,"href":"https:\/\/semmelweis.hu\/bioinformatika\/wp-json\/wp\/v2\/categories?post=10267"},{"taxonomy":"post_tag","embeddable":true,"href":"https:\/\/semmelweis.hu\/bioinformatika\/wp-json\/wp\/v2\/tags?post=10267"}],"curies":[{"name":"wp","href":"https:\/\/api.w.org\/{rel}","templated":true}]}}