{"id":10152,"date":"2024-03-13T17:33:37","date_gmt":"2024-03-13T16:33:37","guid":{"rendered":"https:\/\/semmelweis.hu\/bioinformatika\/?p=10152"},"modified":"2024-03-13T17:34:16","modified_gmt":"2024-03-13T16:34:16","slug":"dr-munkacsy-gyongyi-a-nok-a-tudomanyban-kivalosagi-dij-idei-nyertese","status":"publish","type":"post","link":"https:\/\/semmelweis.hu\/bioinformatika\/dr-munkacsy-gyongyi-a-nok-a-tudomanyban-kivalosagi-dij-idei-nyertese\/","title":{"rendered":"Dr. Munk\u00e1csy Gy\u00f6ngyi a N\u0151k a Tudom\u00e1nyban Kiv\u00e1l\u00f3s\u00e1gi D\u00edj idei nyertese"},"content":{"rendered":"<div class=\"ydpb83676bcyahoo-style-wrap\">\n<div id=\"ydpb83676bcyiv1453677473\">\n<div class=\"ydpb83676bcyiv1453677473ydpbd822793yahoo-style-wrap\">\n<div dir=\"ltr\"><img loading=\"lazy\" decoding=\"async\" class=\"size-full wp-image-10155 alignleft\" src=\"https:\/\/semmelweis.hu\/bioinformatika\/files\/2024\/03\/MGY_260_390_Nok_a_Tudomanyban_Kivalosagi_dijDr.MunkacsyGyongyi.jpg\" alt=\"\" width=\"260\" height=\"390\" \/>A N\u0151k a Tudom\u00e1nyban Egyes\u00fclet (NaTE) id\u00e9n m\u00e1rcius 7-\u00e9n tizenegyedik alkalommal adta \u00e1t a N\u0151k a Tudom\u00e1nyban Kiv\u00e1l\u00f3s\u00e1gi D\u00edjat a szakter\u00fclet\u00fck\u00f6n legkiv\u00e1l\u00f3bb kutat\u00f3n\u0151k munk\u00e1ss\u00e1g\u00e1t d\u00edjazva az UNESCO Magyar Nemzeti Bizotts\u00e1ga v\u00e9dn\u00f6ks\u00e9g\u00e9vel.<\/div>\n<div dir=\"ltr\">Orvosi \u00e9s biol\u00f3giai tudom\u00e1nyokban Dr. Munk\u00e1csy Gy\u00f6ngyi, tansz\u00e9k\u00fcnk egyetemi adjunktusa vehette \u00e1t az idei d\u00edjat munk\u00e1ss\u00e1ga, kiemelked\u0151 tudom\u00e1nyos teljes\u00edtm\u00e9nye, valamint a j\u00f6v\u0151 kutat\u00f3i gener\u00e1ci\u00f3j\u00e1t \u00e9rint\u0151 mentor\u00e1l\u00e1si tev\u00e9kenys\u00e9g\u00e9nek elismer\u00e9sek\u00e9nt.<\/div>\n<\/div>\n<\/div>\n<\/div>\n","protected":false},"excerpt":{"rendered":"<p>A N\u0151k a Tudom\u00e1nyban Egyes\u00fclet (NaTE) id\u00e9n m\u00e1rcius 7-\u00e9n tizenegyedik alkalommal adta \u00e1t a N\u0151k a Tudom\u00e1nyban Kiv\u00e1l\u00f3s\u00e1gi D\u00edjat a szakter\u00fclet\u00fck\u00f6n legkiv\u00e1l\u00f3bb kutat\u00f3n\u0151k munk\u00e1ss\u00e1g\u00e1t d\u00edjazva az UNESCO Magyar Nemzeti Bizotts\u00e1ga v\u00e9dn\u00f6ks\u00e9g\u00e9vel. Orvosi \u00e9s biol\u00f3giai tudom\u00e1nyokban Dr. Munk\u00e1csy Gy\u00f6ngyi, tansz\u00e9k\u00fcnk egyetemi adjunktusa vehette \u00e1t az idei d\u00edjat munk\u00e1ss\u00e1ga, kiemelked\u0151 tudom\u00e1nyos teljes\u00edtm\u00e9nye, valamint a j\u00f6v\u0151 kutat\u00f3i gener\u00e1ci\u00f3j\u00e1t &hellip;<\/p>\n","protected":false},"author":102018,"featured_media":10154,"comment_status":"closed","ping_status":"closed","sticky":false,"template":"","format":"standard","meta":{"_acf_changed":false,"footnotes":""},"categories":[2],"tags":[],"class_list":["post-10152","post","type-post","status-publish","format-standard","has-post-thumbnail","hentry","category-hirek"],"acf":[],"_links":{"self":[{"href":"https:\/\/semmelweis.hu\/bioinformatika\/wp-json\/wp\/v2\/posts\/10152","targetHints":{"allow":["GET"]}}],"collection":[{"href":"https:\/\/semmelweis.hu\/bioinformatika\/wp-json\/wp\/v2\/posts"}],"about":[{"href":"https:\/\/semmelweis.hu\/bioinformatika\/wp-json\/wp\/v2\/types\/post"}],"author":[{"embeddable":true,"href":"https:\/\/semmelweis.hu\/bioinformatika\/wp-json\/wp\/v2\/users\/102018"}],"replies":[{"embeddable":true,"href":"https:\/\/semmelweis.hu\/bioinformatika\/wp-json\/wp\/v2\/comments?post=10152"}],"version-history":[{"count":3,"href":"https:\/\/semmelweis.hu\/bioinformatika\/wp-json\/wp\/v2\/posts\/10152\/revisions"}],"predecessor-version":[{"id":10157,"href":"https:\/\/semmelweis.hu\/bioinformatika\/wp-json\/wp\/v2\/posts\/10152\/revisions\/10157"}],"wp:featuredmedia":[{"embeddable":true,"href":"https:\/\/semmelweis.hu\/bioinformatika\/wp-json\/wp\/v2\/media\/10154"}],"wp:attachment":[{"href":"https:\/\/semmelweis.hu\/bioinformatika\/wp-json\/wp\/v2\/media?parent=10152"}],"wp:term":[{"taxonomy":"category","embeddable":true,"href":"https:\/\/semmelweis.hu\/bioinformatika\/wp-json\/wp\/v2\/categories?post=10152"},{"taxonomy":"post_tag","embeddable":true,"href":"https:\/\/semmelweis.hu\/bioinformatika\/wp-json\/wp\/v2\/tags?post=10152"}],"curies":[{"name":"wp","href":"https:\/\/api.w.org\/{rel}","templated":true}]}}