{"id":10146,"date":"2024-03-13T17:23:27","date_gmt":"2024-03-13T16:23:27","guid":{"rendered":"https:\/\/semmelweis.hu\/bioinformatika\/?p=10146"},"modified":"2024-03-13T17:23:27","modified_gmt":"2024-03-13T16:23:27","slug":"isten-eltesse-a-noket","status":"publish","type":"post","link":"https:\/\/semmelweis.hu\/bioinformatika\/isten-eltesse-a-noket\/","title":{"rendered":"Isten \u00e9ltesse a n\u0151ket !"},"content":{"rendered":"<p><img loading=\"lazy\" decoding=\"async\" class=\"size-full wp-image-10149 alignleft\" src=\"https:\/\/semmelweis.hu\/bioinformatika\/files\/2024\/03\/OTI_260_260jpg.jpg\" alt=\"\" width=\"260\" height=\"260\" srcset=\"https:\/\/semmelweis.hu\/bioinformatika\/files\/2024\/03\/OTI_260_260jpg.jpg 260w, https:\/\/semmelweis.hu\/bioinformatika\/files\/2024\/03\/OTI_260_260jpg-150x150.jpg 150w\" sizes=\"auto, (max-width: 260px) 100vw, 260px\" \/>Isten \u00e9ltesse a n\u0151ket! &#8211; a Nemzetk\u00f6zi N\u0151nap alkalm\u00e1b\u00f3l Hank\u00f3 Bal\u00e1zs \u00e1llamtitk\u00e1r \u00dar m\u00e1rcius 8-\u00e1n minden kutat\u00f3- \u00e9s orvosn\u0151nek k\u00f6sz\u00f6netet mondva k\u00f6sz\u00f6nt\u00f6tte fel Dr. Menyhart Ot\u00edli\u00e1t, a Bioinformatika Tansz\u00e9k adjunktus\u00e1t.<\/p>\n<p>\u00c1llamtitk\u00e1r \u00dar szavai szerint: Ma a <a href=\"https:\/\/www.facebook.com\/semmelweisegyetem?__cft__[0]=AZVXH-HyxvZmpq12SUEgnKeNnyMsxsqMv4-B2DocKs0jmZXSjKoUi4RL1uI7eo3X6nhXpV0H0Q95JtzGNwett8N87oA63CGmcLUgb7kqKb5T3pW7Zi4EFjUiYXBqm_hsSiOaQQ4gmK_xVjYC2L5Uf4jkABallwdFHIx8KrtAqFmWb-1omeUgu8gYAr7Ykw0PNXo&amp;__tn__=-]K-R\">Semmelweis Egyetem<\/a> kiv\u00e1l\u00f3 kutat\u00f3j\u00e1t, Dr. Menyh\u00e1rt Ot\u00edli\u00e1t k\u00f6sz\u00f6nt\u00f6ttem N\u0151nap alkalm\u00e1b\u00f3l, aki a tudom\u00e1nyos tev\u00e9kenys\u00e9ge mellett 4 gyermekes csal\u00e1danyak\u00e9nt is helyt\u00e1ll.<\/p>\n<p>Ez a csokor azonban nemcsak neki, hanem minden szakembernek, csal\u00e1dany\u00e1nak, N\u0151nek j\u00e1r &#8211; k\u00f6sz\u00f6nj\u00fck, hogy vagytok!<\/p>\n","protected":false},"excerpt":{"rendered":"<p>Isten \u00e9ltesse a n\u0151ket! &#8211; a Nemzetk\u00f6zi N\u0151nap alkalm\u00e1b\u00f3l Hank\u00f3 Bal\u00e1zs \u00e1llamtitk\u00e1r \u00dar m\u00e1rcius 8-\u00e1n minden kutat\u00f3- \u00e9s orvosn\u0151nek k\u00f6sz\u00f6netet mondva k\u00f6sz\u00f6nt\u00f6tte fel Dr. Menyhart Ot\u00edli\u00e1t, a Bioinformatika Tansz\u00e9k adjunktus\u00e1t. \u00c1llamtitk\u00e1r \u00dar szavai szerint: Ma a <a href=\"https:\/\/www.facebook.com\/semmelweisegyetem?__cft__[0]=AZVXH-HyxvZmpq12SUEgnKeNnyMsxsqMv4-B2DocKs0jmZXSjKoUi4RL1uI7eo3X6nhXpV0H0Q95JtzGNwett8N87oA63CGmcLUgb7kqKb5T3pW7Zi4EFjUiYXBqm_hsSiOaQQ4gmK_xVjYC2L5Uf4jkABallwdFHIx8KrtAqFmWb-1omeUgu8gYAr7Ykw0PNXo&amp;__tn__=-]K-R\">Semmelweis Egyetem<\/a> kiv\u00e1l\u00f3 kutat\u00f3j\u00e1t, Dr. Menyh\u00e1rt Ot\u00edli\u00e1t k\u00f6sz\u00f6nt\u00f6ttem N\u0151nap alkalm\u00e1b\u00f3l, aki a tudom\u00e1nyos tev\u00e9kenys\u00e9ge mellett 4 gyermekes csal\u00e1danyak\u00e9nt is helyt\u00e1ll. Ez &hellip;<\/p>\n","protected":false},"author":102018,"featured_media":10148,"comment_status":"closed","ping_status":"closed","sticky":false,"template":"","format":"standard","meta":{"_acf_changed":false,"footnotes":""},"categories":[2],"tags":[],"class_list":["post-10146","post","type-post","status-publish","format-standard","has-post-thumbnail","hentry","category-hirek"],"acf":[],"_links":{"self":[{"href":"https:\/\/semmelweis.hu\/bioinformatika\/wp-json\/wp\/v2\/posts\/10146","targetHints":{"allow":["GET"]}}],"collection":[{"href":"https:\/\/semmelweis.hu\/bioinformatika\/wp-json\/wp\/v2\/posts"}],"about":[{"href":"https:\/\/semmelweis.hu\/bioinformatika\/wp-json\/wp\/v2\/types\/post"}],"author":[{"embeddable":true,"href":"https:\/\/semmelweis.hu\/bioinformatika\/wp-json\/wp\/v2\/users\/102018"}],"replies":[{"embeddable":true,"href":"https:\/\/semmelweis.hu\/bioinformatika\/wp-json\/wp\/v2\/comments?post=10146"}],"version-history":[{"count":3,"href":"https:\/\/semmelweis.hu\/bioinformatika\/wp-json\/wp\/v2\/posts\/10146\/revisions"}],"predecessor-version":[{"id":10151,"href":"https:\/\/semmelweis.hu\/bioinformatika\/wp-json\/wp\/v2\/posts\/10146\/revisions\/10151"}],"wp:featuredmedia":[{"embeddable":true,"href":"https:\/\/semmelweis.hu\/bioinformatika\/wp-json\/wp\/v2\/media\/10148"}],"wp:attachment":[{"href":"https:\/\/semmelweis.hu\/bioinformatika\/wp-json\/wp\/v2\/media?parent=10146"}],"wp:term":[{"taxonomy":"category","embeddable":true,"href":"https:\/\/semmelweis.hu\/bioinformatika\/wp-json\/wp\/v2\/categories?post=10146"},{"taxonomy":"post_tag","embeddable":true,"href":"https:\/\/semmelweis.hu\/bioinformatika\/wp-json\/wp\/v2\/tags?post=10146"}],"curies":[{"name":"wp","href":"https:\/\/api.w.org\/{rel}","templated":true}]}}