{"id":1746,"date":"2024-11-15T11:31:58","date_gmt":"2024-11-15T10:31:58","guid":{"rendered":"https:\/\/semmelweis.hu\/belonko\/?p=1746"},"modified":"2024-11-15T17:07:08","modified_gmt":"2024-11-15T16:07:08","slug":"dr-szalay-ferenc-professzor-urat-koszontottuk-szuletesnapjan","status":"publish","type":"post","link":"https:\/\/semmelweis.hu\/belonko\/2024\/11\/15\/dr-szalay-ferenc-professzor-urat-koszontottuk-szuletesnapjan\/","title":{"rendered":"Dr. Szalay Ferenc professzor urat k\u00f6sz\u00f6nt\u00f6tt\u00fck sz\u00fclet\u00e9snapj\u00e1n 2024. okt\u00f3ber 16-\u00e1n"},"content":{"rendered":"<p><strong><em><img loading=\"lazy\" decoding=\"async\" class=\"alignright size-full wp-image-1748\" src=\"https:\/\/semmelweis.hu\/belonko\/files\/2024\/11\/Szalay-Ferenc-foto.jpg\" alt=\"\" width=\"296\" height=\"356\" \/>Prof. Dr. Szalay Ferenc orvos, belgy\u00f3gy\u00e1sz, gasztroenterol\u00f3gus, MTA doktora\u00a0\u00a0\u00a0\u00a0\u00a0\u00a0\u00a0\u00a0\u00a0\u00a0 \u00a0\u00a0\u00a0\u00a0\u00a0\u00a0\u00a0\u00a0\u00a0\u00a0\u00a0\u00a0\u00a0\u00a0\u00a0\u00a0\u00a0\u00a0\u00a0\u00a0 <\/em><\/strong><\/p>\n<p>Professzor \u00far p\u00e1lyafut\u00e1sa sor\u00e1n sz\u00e1mos d\u00edjban \u00e9s elismer\u00e9sben r\u00e9szes\u00fclt<strong><em>. <\/em><\/strong>Hazai \u00e9s nemzetk\u00f6zi t\u00e1rsas\u00e1gok tagja \u00e9s tiszteletbeli tagja, tudom\u00e1nyos rendezv\u00e9nyek rendszeres megh\u00edvott el\u0151ad\u00f3ja. Klinik\u00e1nk kiv\u00e1l\u00f3 oktat\u00f3ja.<\/p>\n<p>Koll\u00e9g\u00e1k, tan\u00edtv\u00e1nyok, volt PhD hallgat\u00f3i a vil\u00e1g minden t\u00e1j\u00e1r\u00f3l, bar\u00e1tok k\u00f6sz\u00f6nt\u00f6tt\u00e9k sok szeretettel\u00a080. sz\u00fclet\u00e9snapja alkalm\u00e1b\u00f3l.\u00a0<\/p>\n<p>A csal\u00e1dias hangulat\u00fa rendezv\u00e9nyen a bar\u00e1ti k\u00f6sz\u00f6nt\u0151kben &#8211; Dr. Tak\u00e1cs Istv\u00e1n a klinika igazgat\u00f3ja, Dr. Lengyel Gabriella professzor asszony, Dr. Tulassay Zsolt professzor \u00far, Dr. Kempler P\u00e9ter professzor \u00far, Dr. Papp J\u00e1nos professzor \u00far, volt tan\u00edtv\u00e1nya, koll\u00e9g\u00e1ja Dr. Folhoffer Anik\u00f3 adjunktus asszony \u00e9s Dr. Lakatos P\u00e9ter professzor \u00far &#8211; Szalay professzor \u00far a Magyar Gasztroenterol\u00f3giai \u00e9s a Magyar Belgy\u00f3gy\u00e1sz T\u00e1rsas\u00e1g tudom\u00e1nyos rendezv\u00e9nyein v\u00e9gzett p\u00f3tolhatatlan szervez\u00e9s\u00e9t, kiv\u00e9teles szem\u00e9lyis\u00e9g\u00e9t,\u00a0 intellektus\u00e1t, t\u00e1j\u00e9kozotts\u00e1g\u00e1t \u00e9s embers\u00e9g\u00e9t emelt\u00e9k ki.<\/p>\n<ul>\n<li><strong>Hippokrat\u00e9sz<\/strong>:<br \/>\n<em>&#8222;Az orvosl\u00e1s nemcsak a gy\u00f3gy\u00edt\u00e1s tudom\u00e1nya, hanem a b\u00f6lcsess\u00e9g \u00e9s embers\u00e9g megnyilv\u00e1nul\u00e1sa&#8221;<\/em><\/li>\n<\/ul>\n<p><span style=\"font-size: 18pt;color: #0000ff\"><em>Isten \u00e9ltesse kedves Tan\u00e1r \u00dar!<\/em><\/span><\/p>\n","protected":false},"excerpt":{"rendered":"<p>Prof. Dr. Szalay Ferenc orvos, belgy\u00f3gy\u00e1sz, gasztroenterol\u00f3gus, MTA doktora\u00a0\u00a0\u00a0\u00a0\u00a0\u00a0\u00a0\u00a0\u00a0\u00a0 \u00a0\u00a0\u00a0\u00a0\u00a0\u00a0\u00a0\u00a0\u00a0\u00a0\u00a0\u00a0\u00a0\u00a0\u00a0\u00a0\u00a0\u00a0\u00a0\u00a0 Professzor \u00far p\u00e1lyafut\u00e1sa sor\u00e1n sz\u00e1mos d\u00edjban \u00e9s elismer\u00e9sben r\u00e9szes\u00fclt. Hazai \u00e9s nemzetk\u00f6zi t\u00e1rsas\u00e1gok tagja \u00e9s tiszteletbeli tagja, tudom\u00e1nyos rendezv\u00e9nyek rendszeres megh\u00edvott el\u0151ad\u00f3ja. Klinik\u00e1nk kiv\u00e1l\u00f3 oktat\u00f3ja. Koll\u00e9g\u00e1k, tan\u00edtv\u00e1nyok, volt PhD hallgat\u00f3i a vil\u00e1g minden t\u00e1j\u00e1r\u00f3l, bar\u00e1tok k\u00f6sz\u00f6nt\u00f6tt\u00e9k sok szeretettel\u00a080. sz\u00fclet\u00e9snapja alkalm\u00e1b\u00f3l.\u00a0 A csal\u00e1dias hangulat\u00fa rendezv\u00e9nyen a &hellip;<\/p>\n","protected":false},"author":102173,"featured_media":0,"comment_status":"closed","ping_status":"closed","sticky":false,"template":"","format":"standard","meta":{"_acf_changed":false,"footnotes":""},"categories":[1],"tags":[],"class_list":["post-1746","post","type-post","status-publish","format-standard","hentry","category-hirek"],"acf":[],"_links":{"self":[{"href":"https:\/\/semmelweis.hu\/belonko\/wp-json\/wp\/v2\/posts\/1746","targetHints":{"allow":["GET"]}}],"collection":[{"href":"https:\/\/semmelweis.hu\/belonko\/wp-json\/wp\/v2\/posts"}],"about":[{"href":"https:\/\/semmelweis.hu\/belonko\/wp-json\/wp\/v2\/types\/post"}],"author":[{"embeddable":true,"href":"https:\/\/semmelweis.hu\/belonko\/wp-json\/wp\/v2\/users\/102173"}],"replies":[{"embeddable":true,"href":"https:\/\/semmelweis.hu\/belonko\/wp-json\/wp\/v2\/comments?post=1746"}],"version-history":[{"count":4,"href":"https:\/\/semmelweis.hu\/belonko\/wp-json\/wp\/v2\/posts\/1746\/revisions"}],"predecessor-version":[{"id":1751,"href":"https:\/\/semmelweis.hu\/belonko\/wp-json\/wp\/v2\/posts\/1746\/revisions\/1751"}],"wp:attachment":[{"href":"https:\/\/semmelweis.hu\/belonko\/wp-json\/wp\/v2\/media?parent=1746"}],"wp:term":[{"taxonomy":"category","embeddable":true,"href":"https:\/\/semmelweis.hu\/belonko\/wp-json\/wp\/v2\/categories?post=1746"},{"taxonomy":"post_tag","embeddable":true,"href":"https:\/\/semmelweis.hu\/belonko\/wp-json\/wp\/v2\/tags?post=1746"}],"curies":[{"name":"wp","href":"https:\/\/api.w.org\/{rel}","templated":true}]}}