{"id":8898,"date":"2025-11-25T12:27:12","date_gmt":"2025-11-25T11:27:12","guid":{"rendered":"https:\/\/semmelweis.hu\/belhema\/?p=8898"},"modified":"2025-11-25T12:33:24","modified_gmt":"2025-11-25T11:33:24","slug":"elhunyt-dr-pozsonyi-terez","status":"publish","type":"post","link":"https:\/\/semmelweis.hu\/belhema\/2025\/11\/25\/elhunyt-dr-pozsonyi-terez\/","title":{"rendered":"Elhunyt Dr. Pozsonyi Ter\u00e9z"},"content":{"rendered":"<h6 style=\"text-align: center;\"><strong>NEKROL\u00d3G:\u00a0Dr. Pozsonyi Ter\u00e9z<\/strong><br \/>\n(1939\u20132025)<\/h6>\n<p>F\u00e1jdalommal tudatjuk az egyetem minden munkat\u00e1rs\u00e1val, hogy 2025. november 21-\u00e9n a Belgy\u00f3gy\u00e1szati \u00e9s Hematol\u00f3giai Klinika nyugalmazott docense, Dr. Pozsonyi Ter\u00e9z elhunyt.<\/p>\n<p>1964-ben szerzett orvosi diplom\u00e1t \u201esumma cum laude\u201d eredm\u00e9nnyel a Budapesti Orvostudom\u00e1nyi Egyetemen. 1964\u20131966 k\u00f6z\u00f6tt az egyetem Orvosfizikai Int\u00e9zet\u00e9ben dolgozott. A biofizikai munkacsoportban az ultraibolya sug\u00e1rz\u00e1s hat\u00e1sait vizsg\u00e1lta E. coli bakteriof\u00e1gokra, \u00e9s megismerkedett a molekul\u00e1ris biol\u00f3gia alapjaival, valamint elsaj\u00e1t\u00edtotta az izot\u00f3pdiagnosztika \u00e9s -ter\u00e1pia korszer\u0171 ismeretanyag\u00e1t. A tov\u00e1bbiak sor\u00e1n a III. Sz. Belgy\u00f3gy\u00e1szati Klinika lett m\u00e1sodik otthona, melynek 1966-t\u00f3l lett h\u0171s\u00e9ges munkat\u00e1rsa. Azonnal bekapcsol\u00f3dott a betegell\u00e1t\u00f3, valamint tudom\u00e1nyos tev\u00e9kenys\u00e9gbe, \u00e9s folyamatosan r\u00e9szt vett az orvostanhallgat\u00f3k elm\u00e9leti \u00e9s gyakorlati k\u00e9pz\u00e9s\u00e9ben. 1982-t\u0151l az \u00c1OK-on \u00e9s a FOK-on is tantermi el\u0151ad\u00e1sokat tartott, \u00e9s 1993-t\u00f3l a Fogorvostudom\u00e1nyi Karon a belgy\u00f3gy\u00e1szat tant\u00e1rgy kinevezett el\u0151ad\u00f3ja volt. 1989-ben egyetemi docensi kinevez\u00e9st kapott.<\/p>\n<p>1974-ig a klinika arteriosclerosis kutat\u00f3csoportj\u00e1ban dolgozott, ebben a t\u00e9mak\u00f6rben sz\u00e1mos tudom\u00e1nyos dolgozat szerz\u0151je volt. 1971-ben a Vars\u00f3i Orvosi Akad\u00e9mia Kardiol\u00f3giai Int\u00e9zet\u00e9ben, valamint 1993 j\u00falius\u00e1ban a Heidelbergi Karls Ruprecht Egyetem Immunol\u00f3giai Int\u00e9zet\u00e9ben k\u00e9t-k\u00e9t hetes tanulm\u00e1ny\u00faton vett r\u00e9szt.<\/p>\n<p>1974 \u00f3ta a klinika immunol\u00f3giai munkacsoportj\u00e1nak akt\u00edv tagja. F\u0151 kutat\u00e1si t\u00e9m\u00e1ja az autoimmun betegs\u00e9gek patogenezis\u00e9nek vizsg\u00e1lata volt. 1982-ben \u201eA T-sejt subpopulati\u00f3k szerepe az autoimmun betegs\u00e9gekben \u00e9s kapcsolatuk a humoralis immunv\u00e1lasszal\u201d c\u00edmmel v\u00e9dte meg kandid\u00e1tusi \u00e9rtekez\u00e9s\u00e9t. Kilencvenkilenc tudom\u00e1nyos publik\u00e1ci\u00f3ja jelent meg, ezek jelent\u0151s r\u00e9sz\u00e9ben immunpatol\u00f3giai betegs\u00e9gben szenved\u0151 terhes n\u0151k klinikai adatait dolgozta fel, kimutatva a n\u0151i nemi hormonok hat\u00e1s\u00e1t a lymphocyta-funkci\u00f3kra.<\/p>\n<p>Magyarorsz\u00e1gon munkat\u00e1rsaival els\u0151k\u00e9nt vizsg\u00e1lta \u00e9s mutatta ki retrospekt\u00edv (1993) \u00e9s prospekt\u00edv (1994) m\u00f3dszerekkel, hogy a prolactinkoncentr\u00e1ci\u00f3 SLE-ben szenved\u0151kben szignifik\u00e1nsan magasabb, mint eg\u00e9szs\u00e9ges egy\u00e9nekben, \u00e9s \u00f6sszef\u00fcgg\u00e9st mutat a terhess\u00e9gi sz\u00f6v\u0151dm\u00e9nyekkel.<\/p>\n<p>K\u00eds\u00e9rletes klinikai munk\u00e1ja mellett az elm\u00falt k\u00f6zel 30 esztend\u0151ben az oszt\u00e1lyon diagnosztiz\u00e1lt \u00e9s kezelt betegek gondoz\u00e1s\u00e1ra az immunol\u00f3giai szakrendel\u00e9sen volt lehet\u0151s\u00e9ge, \u00edgy t\u00f6bb sz\u00e1z autoimmun betegs\u00e9gben szenved\u0151 beteget \u00e9szlelhetett. E megfigyel\u00e9sek eredm\u00e9nyek\u00e9ppen \u00f6sszefoglal\u00f3 klinikai tanulm\u00e1nyokat k\u00f6z\u00f6lt, melyek t\u00e9m\u00e1ja: a k\u00f6zponti idegrendszer r\u00e9szv\u00e9tele SLE-ben (Orv. Hetil. 1991, 20:1065). \u201eAz antiphospholipid autoantitestek klinikai jelent\u0151s\u00e9ge SLE-ben\u201d c. k\u00f6zlem\u00e9nye szint\u00e9n az Orvosi Hetilapban (1998, 139:2363) jelent meg. Eredm\u00e9nyeket k\u00f6z\u00f6lt a scleroderma \u00e9s a malignus betegs\u00e9gek egy\u00fcttes el\u0151fordul\u00e1s\u00e1val kapcsolatban is.<\/p>\n<p>1989-ben \u00e9s 2003 m\u00e1jus\u00e1ban a Pr\u00e1ger J\u00f3zsef Alap\u00edtv\u00e1ny d\u00edjazottja lett, amellyel az autoimmun betegs\u00e9gekben szenved\u0151 betegek gy\u00f3gy\u00edt\u00e1s\u00e1ban (SLE, RA, PSS, dermato-polymyositis, polymyositis) el\u00e9rt t\u00f6bb \u00e9vtizedes klinikai gy\u00f3gy\u00edt\u00f3 munk\u00e1j\u00e1t, valamint ezen betegs\u00e9gek jobb megismer\u00e9s\u00e9t szolg\u00e1l\u00f3 k\u00eds\u00e9rleti kutat\u00f3i tev\u00e9kenys\u00e9g\u00e9t jutalmazt\u00e1k. 2001-ben a Semmelweis Egyetem \u201eKiv\u00e1l\u00f3 Oktat\u00f3ja\u201d eml\u00e9k\u00e9rem kit\u00fcntet\u00e9sben r\u00e9szes\u00fclt.<\/p>\n<p>Dr. Pozsonyi Ter\u00e9z, mindannyiunk szeretett \u00e9s tisztelt Terik\u00e9je mostant\u00f3l az \u00e9giek birodalm\u00e1nak lak\u00f3ja. Neh\u00e9z kifejezni, hogy sz\u00ednes egy\u00e9nis\u00e9ge mennyi k\u00f6z\u00f6s eml\u00e9k\u00fcnk maradand\u00f3 \u00e9lm\u00e9ny\u00e9t jelenti, amely egyben azt jelzi, hogy mennyire hi\u00e1nyzik k\u00f6z\u00f6ss\u00e9g\u00fcnkb\u0151l. A III. Sz. Belgy\u00f3gy\u00e1szati Klinika oszlopos \u00e9s meghat\u00e1roz\u00f3 tagja volt, aki sz\u00e1mos \u00e9rtelemben p\u00e9ld\u00e1t mutatott erk\u00f6lcsi tart\u00e1s\u00e1val, rend\u00edthetetlen, a betegek \u00e9rdek\u00e9ben kifejtett gy\u00f3gy\u00edt\u00f3 tev\u00e9kenys\u00e9g\u00e9vel. T\u0151le tanultuk meg a betegvizsg\u00e1lat minden r\u00e9szletre kiterjed\u0151 \u00e9s dokument\u00e1lt alaposs\u00e1g\u00e1t, mondhatjuk \u2013 j\u00f3 \u00e9rtelemben vett \u2013 maximalizmus\u00e1t. Egyszerre volt l\u00e1gy \u00e9s szeretetre m\u00e9lt\u00f3, valamint kem\u00e9ny \u00e9s k\u00e9rlelhetetlen, amennyiben a beteg \u00e9rdeke \u00fagy k\u00edv\u00e1nta.<\/p>\n<p>Gyakran \u2013 persze akkor fiatalon \u2013 szenvedt\u00fcnk szigor\u00fas\u00e1g\u00e1t\u00f3l, de az \u00e9let \u0151t igazolta: magasabb szinten \u00e9s magabiztosan v\u00e9gezhett\u00fck gy\u00f3gy\u00edt\u00f3 munk\u00e1nkat \u00e9s elnyerhett\u00fck meg\u00e9rdemelt dics\u00e9ret\u00e9t is.<\/p>\n<p>Neh\u00e9z sz\u00edvvel b\u00facs\u00fazunk t\u0151le, mert most is \u00fagy \u00e9rezz\u00fck, hogy k\u00f6zt\u00fcnk van, kedvess\u00e9ge, gondoskod\u00f3 egy\u00e9nis\u00e9ge \u00f6r\u00f6kk\u00e9 klinikai \u00e9let\u00fcnk r\u00e9sze marad.<\/p>\n<ol start=\"2025\">\n<li>november 21.<\/li>\n<\/ol>\n<p style=\"text-align: center;\">Prof. Dr. Kar\u00e1di Istv\u00e1n<br \/>\naz MTA r. tagja<br \/>\naz egykori III. Sz. Belgy\u00f3gy\u00e1szati Klinika volt igazgat\u00f3ja<\/p>\n","protected":false},"excerpt":{"rendered":"<p> <b>Dr. Pozsonyi Ter\u00e9z<\/b>, a Belgy\u00f3gy\u00e1szati \u00e9s Hematol\u00f3giai Klinika nyugalmazott docense,2025. november 21-\u00e9n elhunyt.<\/p>\n","protected":false},"author":12,"featured_media":8899,"comment_status":"closed","ping_status":"closed","sticky":true,"template":"","format":"standard","meta":{"_acf_changed":false,"footnotes":""},"categories":[46],"tags":[],"class_list":["post-8898","post","type-post","status-publish","format-standard","has-post-thumbnail","hentry","category-gyaszjelentes"],"acf":[],"_links":{"self":[{"href":"https:\/\/semmelweis.hu\/belhema\/wp-json\/wp\/v2\/posts\/8898","targetHints":{"allow":["GET"]}}],"collection":[{"href":"https:\/\/semmelweis.hu\/belhema\/wp-json\/wp\/v2\/posts"}],"about":[{"href":"https:\/\/semmelweis.hu\/belhema\/wp-json\/wp\/v2\/types\/post"}],"author":[{"embeddable":true,"href":"https:\/\/semmelweis.hu\/belhema\/wp-json\/wp\/v2\/users\/12"}],"replies":[{"embeddable":true,"href":"https:\/\/semmelweis.hu\/belhema\/wp-json\/wp\/v2\/comments?post=8898"}],"version-history":[{"count":8,"href":"https:\/\/semmelweis.hu\/belhema\/wp-json\/wp\/v2\/posts\/8898\/revisions"}],"predecessor-version":[{"id":8907,"href":"https:\/\/semmelweis.hu\/belhema\/wp-json\/wp\/v2\/posts\/8898\/revisions\/8907"}],"wp:featuredmedia":[{"embeddable":true,"href":"https:\/\/semmelweis.hu\/belhema\/wp-json\/wp\/v2\/media\/8899"}],"wp:attachment":[{"href":"https:\/\/semmelweis.hu\/belhema\/wp-json\/wp\/v2\/media?parent=8898"}],"wp:term":[{"taxonomy":"category","embeddable":true,"href":"https:\/\/semmelweis.hu\/belhema\/wp-json\/wp\/v2\/categories?post=8898"},{"taxonomy":"post_tag","embeddable":true,"href":"https:\/\/semmelweis.hu\/belhema\/wp-json\/wp\/v2\/tags?post=8898"}],"curies":[{"name":"wp","href":"https:\/\/api.w.org\/{rel}","templated":true}]}}