{"id":5802,"date":"2024-05-21T13:44:50","date_gmt":"2024-05-21T11:44:50","guid":{"rendered":"https:\/\/semmelweis.hu\/baratikor\/?p=5802"},"modified":"2024-05-23T17:31:07","modified_gmt":"2024-05-23T15:31:07","slug":"meghivo-2024-majus-29-hajdu-nagy-gergely-ph-d-a-romok-szerepe-magyarorszag-tajkepi-kertjeiben","status":"publish","type":"post","link":"https:\/\/semmelweis.hu\/baratikor\/2024\/05\/21\/meghivo-2024-majus-29-hajdu-nagy-gergely-ph-d-a-romok-szerepe-magyarorszag-tajkepi-kertjeiben\/","title":{"rendered":"Megh\u00edv\u00f3 \/2024. m\u00e1jus 29.\/ &#8211; Hajdu-Nagy Gergely Ph.D.: A romok szerepe Magyarorsz\u00e1g t\u00e1jk\u00e9pi kertjeiben"},"content":{"rendered":"<p style=\"text-align: center\"><strong><span style=\"font-size: 24pt\">M E G H \u00cd V \u00d3<\/span><\/strong><\/p>\n<p style=\"text-align: center\">a Semmelweis Egyetem Bar\u00e1ti K\u00f6r\u00e9nek<br \/>\nm\u00e1jus<br \/>\nh\u00f3napban tartand\u00f3 rendezv\u00e9ny\u00e9re<\/p>\n<p>&nbsp;<\/p>\n<p style=\"text-align: center\">\n<em><strong><span style=\"font-size: 18pt\">A romok szerepe Magyarorsz\u00e1g t\u00e1jk\u00e9pi kertjeiben<br \/>\n<\/span><\/strong><\/em><\/p>\n<p style=\"text-align: center\"><strong><span style=\"font-size: 18pt\">Hajdu-Nagy Gergely Ph.D.<\/span><\/strong><br \/>\n<span style=\"font-size: 18pt\">okl. t\u00e1j\u00e9p\u00edt\u00e9szm\u00e9rn\u00f6k,<\/span><br \/>\n<span style=\"font-size: 18pt\">m\u0171eml\u00e9kv\u00e9delmi szakm\u00e9rn\u00f6k<\/span><\/p>\n<p>&nbsp;<\/p>\n<p style=\"text-align: center\">A rendezv\u00e9ny ideje \u00e9s helye:<\/p>\n<p style=\"text-align: center\"><strong>2024. m\u00e1jus 29., szerda 17:00 \u00f3ra<\/strong><\/p>\n<p style=\"text-align: center\">Semmelweis Egyetem Nagyv\u00e1rad t\u00e9ri Elm\u00e9leti T\u00f6mb (NET), Alumni B terem<br \/>\n1089 Budapest, Nagyv\u00e1rad t\u00e9r 4. I. em.<\/p>\n<p style=\"text-align: center\">Szeretettel v\u00e1rjuk \u00d6nt!<br \/>\nK\u00e9rj\u00fck, sz\u00edveskedj\u00e9k \u00e9rtes\u00edteni bar\u00e1tait \u00e9s munkat\u00e1rsait is!<br \/>\nA program el\u0151tt f\u00e9l \u00f3r\u00e1val b\u00fcf\u00e9vel v\u00e1rjuk a r\u00e9sztvev\u0151ket.<\/p>\n<p>&nbsp;<\/p>\n<p style=\"text-align: center\">Dr. Moln\u00e1r L\u00e1szl\u00f3\u00a0 \u00a0 \u00a0 \u00a0 \u00a0 \u00a0 \u00a0 \u00a0 \u00a0 \u00a0 \u00a0 \u00a0 \u00a0 \u00a0 \u00a0 \u00a0 \u00a0 \u00a0 \u00a0 \u00a0 \u00a0 \u00a0 Prof. emer. Dr. Rosivall L\u00e1szl\u00f3<br \/>\na Bar\u00e1ti K\u00f6r titk\u00e1ra\u00a0 \u00a0 \u00a0 \u00a0 \u00a0 \u00a0 \u00a0 \u00a0 \u00a0 \u00a0 \u00a0 \u00a0 \u00a0 \u00a0 \u00a0 \u00a0 \u00a0 \u00a0 \u00a0 \u00a0 \u00a0 \u00a0 \u00a0 \u00a0 \u00a0 \u00a0 \u00a0 \u00a0 \u00a0 \u00a0 a Bar\u00e1ti K\u00f6r eln\u00f6ke<\/p>\n<p>&nbsp;<\/p>\n<p style=\"text-align: center\"><a class=\"btn btn-secondary\" href=\"https:\/\/semmelweis.hu\/baratikor\/files\/2024\/05\/megh_20240529.pdf\" target=\"null\" rel=\"noopener\">A MEGH\u00cdV\u00d3 LET\u00d6LT\u00c9SE<\/a><\/p>\n","protected":false},"excerpt":{"rendered":"<p>M E G H \u00cd V \u00d3 a Semmelweis Egyetem Bar\u00e1ti K\u00f6r\u00e9nek m\u00e1jus h\u00f3napban tartand\u00f3 rendezv\u00e9ny\u00e9re &nbsp; A romok szerepe Magyarorsz\u00e1g t\u00e1jk\u00e9pi kertjeiben Hajdu-Nagy Gergely Ph.D. okl. t\u00e1j\u00e9p\u00edt\u00e9szm\u00e9rn\u00f6k, m\u0171eml\u00e9kv\u00e9delmi szakm\u00e9rn\u00f6k &nbsp; A rendezv\u00e9ny ideje \u00e9s helye: 2024. m\u00e1jus 29., szerda 17:00 \u00f3ra Semmelweis Egyetem Nagyv\u00e1rad t\u00e9ri Elm\u00e9leti T\u00f6mb (NET), Alumni B terem 1089 Budapest, Nagyv\u00e1rad &hellip;<\/p>\n","protected":false},"author":102285,"featured_media":0,"comment_status":"closed","ping_status":"closed","sticky":false,"template":"","format":"standard","meta":{"_acf_changed":false,"footnotes":""},"categories":[1],"tags":[92],"class_list":["post-5802","post","type-post","status-publish","format-standard","hentry","category-hirek","tag-meghivo"],"acf":[],"_links":{"self":[{"href":"https:\/\/semmelweis.hu\/baratikor\/wp-json\/wp\/v2\/posts\/5802","targetHints":{"allow":["GET"]}}],"collection":[{"href":"https:\/\/semmelweis.hu\/baratikor\/wp-json\/wp\/v2\/posts"}],"about":[{"href":"https:\/\/semmelweis.hu\/baratikor\/wp-json\/wp\/v2\/types\/post"}],"author":[{"embeddable":true,"href":"https:\/\/semmelweis.hu\/baratikor\/wp-json\/wp\/v2\/users\/102285"}],"replies":[{"embeddable":true,"href":"https:\/\/semmelweis.hu\/baratikor\/wp-json\/wp\/v2\/comments?post=5802"}],"version-history":[{"count":10,"href":"https:\/\/semmelweis.hu\/baratikor\/wp-json\/wp\/v2\/posts\/5802\/revisions"}],"predecessor-version":[{"id":5816,"href":"https:\/\/semmelweis.hu\/baratikor\/wp-json\/wp\/v2\/posts\/5802\/revisions\/5816"}],"wp:attachment":[{"href":"https:\/\/semmelweis.hu\/baratikor\/wp-json\/wp\/v2\/media?parent=5802"}],"wp:term":[{"taxonomy":"category","embeddable":true,"href":"https:\/\/semmelweis.hu\/baratikor\/wp-json\/wp\/v2\/categories?post=5802"},{"taxonomy":"post_tag","embeddable":true,"href":"https:\/\/semmelweis.hu\/baratikor\/wp-json\/wp\/v2\/tags?post=5802"}],"curies":[{"name":"wp","href":"https:\/\/api.w.org\/{rel}","templated":true}]}}