{"id":3542,"date":"2011-01-03T08:56:23","date_gmt":"2011-01-03T07:56:23","guid":{"rendered":"https:\/\/semmelweis.hu\/baratikor\/?p=3542"},"modified":"2023-09-29T10:37:00","modified_gmt":"2023-09-29T08:37:00","slug":"korlevel-2011-januar","status":"publish","type":"post","link":"https:\/\/semmelweis.hu\/baratikor\/2011\/01\/03\/korlevel-2011-januar\/","title":{"rendered":"K\u00f6rlev\u00e9l (2011. janu\u00e1r)"},"content":{"rendered":"<p align=\"right\"><i>A Semmelweis Egyetem Bar\u00e1ti K\u00f6r\u00e9nek<br \/>\n\u00daj\u00e9vi t\u00e1j\u00e9koztat\u00f3 k\u00f6rlevele &#8211; 2011.<\/i><\/p>\n<h1 align=\"center\"><b>TISZTELT TAGT\u00c1RSUNK<br \/>\n\u00c9S J\u00d6V\u0150BENI TAGT\u00c1RSUNK!<\/b><\/h1>\n<h2 align=\"center\"><b><i>Bar\u00e1ti szeretettel k\u00edv\u00e1njuk, hogy 2011.<br \/>\nmegval\u00f3sult kreat\u00edv v\u00e1gyakban gazdag \u00e9v legyen mindannyiunk sz\u00e1m\u00e1ra!<\/i><\/b><\/h2>\n<h2 align=\"center\"><b><i>K\u00f6sz\u00f6nj\u00fck, ha az elm\u00falt \u00e9vben \u00d6n b\u00e1rmilyen m\u00f3don t\u00e1mogatta<br \/>\na Bar\u00e1ti K\u00f6r tev\u00e9kenys\u00e9g\u00e9t, k\u00e9rj\u00fck t\u00e1mogat\u00e1s\u00e1t ez \u00e9vben is!<\/i><\/b><\/h2>\n<p>Azzal a rem\u00e9nnyel ismertetj\u00fck <b>2010. eredm\u00e9nyeit \u00e9s 2011. \u00e9vi terveinket<\/b>, hogy ezek \u00f6r\u00f6meiben \u00d6n is osztozik, ill. c\u00e9lkit\u0171z\u00e9seink el\u00e9r\u00e9s\u00e9ben \u00d6n is r\u00e9szt v\u00e1llal. A Bar\u00e1ti K\u00f6r csup\u00e1n akkor tudja sikeresen fenntartani, s \u00fajabbakkal gyarap\u00edtani programjait, <b><u>ha \u00d6n t\u00e1mogatja a K\u00f6rt<\/u><\/b> a rendezv\u00e9nyek l\u00e1togat\u00e1s\u00e1val, a Semmelweis Egyetem \u00e9rt\u00e9kes hagyom\u00e1nyainak \u00e1pol\u00e1s\u00e1val, \u00faj hazai \u00e9s k\u00fclf\u00f6ldi tagok toborz\u00e1s\u00e1val, valamint adom\u00e1nnyal (tov\u00e1bbi inform\u00e1ci\u00f3 a 6. oldalon tal\u00e1lhat\u00f3)* \u00e9s adom\u00e1nyoz\u00f3k szervez\u00e9s\u00e9vel. Minden tagunk b\u00fcszke lehet arra, hogy m\u00e1r <b>\u00f6t p\u00e1ly\u00e1zhat\u00f3 Bar\u00e1ti K\u00f6r d\u00edjjal<\/b> t\u00e1mogatjuk az egyetemi ifj\u00fas\u00e1got \u00e9vr\u0151l-\u00e9vre! A K\u00f6r hat\u00e9konys\u00e1g\u00e1nak egyik elengedhetetlen felt\u00e9tele az is, hogy tov\u00e1bb n\u00f6velj\u00fck tagjaink l\u00e9tsz\u00e1m\u00e1t, s \u00d6n csatlakozzon hozz\u00e1nk, ha jelenleg m\u00e9g nem tagunk, ill. seg\u00edtsen a tagtoborz\u00e1sban. A <u>Jelentkez\u00e9si lap<\/u> let\u00f6lthet\u0151 az internetes honlapunk (www.baratikor.sote.hu) &#8222;Felh\u00edv\u00e1s&#8221; men\u00fcpontj\u00e1r\u00f3l, de k\u00e9rhet\u0151 &#8211; befizet\u00e9si csekkel egy\u00fctt &#8211; k\u00f6zvetlen\u00fcl is e-mailen (halasz@rekhiv.sote.hu), vagy telefonon (210-2930\/56385) Hal\u00e1sz Andrea munkat\u00e1rsunkt\u00f3l. A Bar\u00e1ti K\u00f6r akt\u00edv tagl\u00e9tsz\u00e1ma t\u00f6bb mint hatsz\u00e1z f\u0151, a t\u00falnyom\u00f3 t\u00f6bbs\u00e9g tagd\u00edjjal, ill. adom\u00e1nnyal t\u00e1mogatja tev\u00e9kenys\u00e9g\u00fcnket, <b><u>mindezt bar\u00e1ti k\u00f6sz\u00f6nettel nyugt\u00e1zzuk<\/u><\/b>.<\/p>\n<p>1.) <u>Klub\u00f6sszej\u00f6veteleinket eml\u00e9kezetes sikerrel tartottuk meg 2010-ben is.<\/u> Kiv\u00e1l\u00f3 felk\u00e9rt el\u0151ad\u00f3k, ill. vend\u00e9gl\u00e1t\u00f3k tiszteltek meg benn\u00fcnket \u00e9lm\u00e9nyt ad\u00f3 prezent\u00e1ci\u00f3kkal, ez\u00faton is kifejezz\u00fck k\u00f6sz\u00f6net\u00fcnket a k\u00f6vetkez\u0151 felsorol\u00e1ssal:<\/p>\n<ul>\n<li><b>Janu\u00e1r 27.<\/b>: Dr. Stubnya Guszt\u00e1v f\u0151igazgat\u00f3 <i>&#8222;Az Egyetem strat\u00e9giai menedzsmentje \u00e9s gyakorlata&#8221;<\/i>; Toldi Gergely orvostanhallgat\u00f3 <i>&#8222;Lymphocyta aktiv\u00e1ci\u00f3 vizsg\u00e1lata klinikai k\u00f3rk\u00e9pekben&#8221;<\/i><\/li>\n<li><b>Febru\u00e1r 24.<\/b>: Dr. Kiss Levente egyetemi tan\u00e1rseg\u00e9d <i>&#8222;80 nap a vil\u00e1g k\u00f6r\u00fcl&#8221;<\/i>; Tajnaf\u0151i Zita (Dr. M\u00e9sz\u00e1ros Gy\u00f6rgy EOK igazgat\u00f3t helyettes\u00edtette) <i>&#8222;A Semmelweis Egyetem Elm\u00e9leti Orvostudom\u00e1nyi K\u00f6zpontj\u00e1nak els\u0151 \u00e9ve&#8221;<\/i><\/li>\n<li><b>M\u00e1rcius 31.<\/b>: Prof. Dr. Gera Istv\u00e1n FOK d\u00e9k\u00e1n <i>&#8222;Mi lesz veled magyar fogorvos?&#8221;<\/i>; Dr. Hermann P\u00e9ter egyetemi docens, FOK d\u00e9k\u00e1nhelyettes <i>&#8222;Emberi er\u0151forr\u00e1s \u00e9s migr\u00e1ci\u00f3 a fogorvosi ell\u00e1t\u00f3rendszerben&#8221;<\/i>; Dr. Szomol\u00e1nyi Gy. Istv\u00e1n a Fogorvosi Szekci\u00f3 eln\u00f6ke <i>&#8222;Az SE Bar\u00e1ti K\u00f6r Fogorvosi Szekci\u00f3 2010-es programja, tervei, kultur\u00e1lis h\u00edrek&#8221;<\/i><\/li>\n<li><b>\u00c1prilis 28.<\/b>: Prof. emer. Dr. Lozs\u00e1di K\u00e1roly <i>&#8222;Hat\u00e1rk\u00f6vek a sz\u00edvseb\u00e9szet t\u00f6rt\u00e9net\u00e9ben&#8221;<\/i>; A Doktorandusz Kiv\u00e1l\u00f3s\u00e1gi D\u00edj 2009. \u00e9vi nyerteseinek r\u00f6vid bemutatkoz\u00e1sa: Dr. Szeifert Lilla, Dr. T\u00f6mb\u00f6l Zs\u00f3fia<\/li>\n<li><b>M\u00e1jus 26.<\/b>: Prof. emer. Dr. Brooser G\u00e1bor &#8211; Dr. Moln\u00e1r L\u00e1szl\u00f3 <i>&#8222;Haynal Imre professzor \u00f6r\u00f6ks\u00e9ge&#8221;<\/i>; Dr. T\u00e1ncos L\u00e1szl\u00f3 igazgat\u00f3 <i>&#8222;A Semmelweis Kiad\u00f3&#8221;<\/i><\/li>\n<li><b>Szeptember 29.<\/b>: Dr. Vasas L\u00edvia f\u0151igazgat\u00f3 <i>\u201cK\u00e9pekben az orvosi k\u00f6nyvt\u00e1r 180 \u00e9ve&#8221;<\/i> (vend\u00e9gs\u00e9gben a Semmelweis Egyetem \u00fajraszervezett K\u00f6zponti K\u00f6nyvt\u00e1r\u00e1ban)<\/li>\n<li><b>Okt\u00f3ber 27.<\/b>: Prof. Dr. Papp Zolt\u00e1n <i>&#8222;Rendhagy\u00f3 tansz\u00e9kelhagy\u00f3 el\u0151ad\u00e1s&#8221;<\/i>; Prof. Dr. Nemes Gy\u00f6rgy <i>&#8222;A k\u00f6zleked\u00e9si s\u00e9r\u00fcl\u00e9sek \u00e9s kezel\u00e9s\u00fck v\u00e1ltoz\u00e1sa az elm\u00falt \u00e9vezredekben&#8221;<\/i><\/li>\n<li><b>November 24.<\/b>: Dr. Kiss Jen\u0151 oszt\u00e1lyvezet\u0151 f\u0151orvos <i>&#8222;Az \u00e9n hivat\u00e1som&#8221;<\/i>; Sz\u00e9cs\u00e9nyi-Nagy Bal\u00e1zs, az Egyetemi Hallgat\u00f3i \u00d6nkorm\u00e1nyzat eln\u00f6ke <i>&#8222;Hallgat\u00f3i \u00e9let a Semmelweis Egyetemen&#8221;<\/i>.<\/li>\n<\/ul>\n<p>2.) <u>2011. folyam\u00e1n szint\u00e9n ig\u00e9nyes \u00e9s gazdag klubprogramok v\u00e1rnak r\u00e1nk.<\/u> Felk\u00e9rt el\u0151ad\u00f3ink neveit ABC sorrendben, el\u0151ad\u00e1saikat <i>el\u0151zetes c\u00edmmel<\/i> soroljuk fel:<\/p>\n<ul>\n<li>Prof. Dr. Balla P\u00e9ter mb. rektor (K\u00e1roli G\u00e1sp\u00e1r Reform\u00e1tus Egyetem) <i>&#8222;Egyetemeink k\u00f6z\u00f6tti kapcsolat&#8221;<\/i><\/li>\n<li>Dr. Boga B\u00e1lint f\u0151orvos <i>&#8222;Az \u00f6reged\u00e9s tudom\u00e1nyos megk\u00f6zel\u00edt\u00e9s\u00e9nek t\u00f6rt\u00e9nete&#8221;<\/i><\/li>\n<li>Prof. Dr. Fej\u00e9rdy P\u00e1l d\u00e9k\u00e1n <i>&#8222;Bumer\u00e1ng, avagy m\u00e1sodszor a Fogorvostudom\u00e1nyi Kar \u00e9l\u00e9n&#8221;<\/i> (Fogorvosi Tagozat)<\/li>\n<li>Dr. Forbath P\u00e9ter (Kanada) <i>&#8222;Ami a magyar kardiol\u00f3gia t\u00f6rt\u00e9net\u00edr\u00e1s\u00e1b\u00f3l kimaradt &#8230;&#8221;<\/i><\/li>\n<li>Prof. Dr. Kar\u00e1di Istv\u00e1n d\u00e9k\u00e1n <i>&#8222;Az \u00c1OK j\u00f6v\u0151k\u00e9pe&#8221;<\/i><\/li>\n<li>Dr. Kiss L\u00e1szl\u00f3 orvost\u00f6rt\u00e9n\u00e9sz (Szlov\u00e1kia) <i>&#8222;Az els\u0151k legjobbjai: Chernyei J\u00e1nos, Haidenreich Lajos \u00e9s Stipsics Ferdin\u00e1nd Nagyszombatban v\u00e9gzett doktorok eml\u00e9kezete&#8221;<\/i><\/li>\n<li>Prof. Dr. L\u00e9n\u00e1rd L\u00e1szl\u00f3 akad\u00e9mikus, a PTE rector emeritusa <i>&#8222;Egyetemeink kapcsolata&#8221;<\/i><\/li>\n<li>Prof. Dr. Lenkovics Barnab\u00e1s alkotm\u00e1nyb\u00edr\u00f3 <i>&#8222;Jog az eg\u00e9szs\u00e9ghez&#8221;<\/i><\/li>\n<li>Prof. Dr. Ligeti Erzs\u00e9bet akad\u00e9mikus <i>&#8222;Alkalmazott \u00e9lettan &#8211; h\u00e1tizs\u00e1kkal&#8221;<\/i><\/li>\n<li>Prof. emer. Dr. Monos Emil &#8211; Dr. Moln\u00e1r L\u00e1szl\u00f3 <i>&#8222;BOTE-SOTE-SE: 60 \u00e9ves az \u00f6n\u00e1ll\u00f3 Orvosegyetem&#8221;<\/i><\/li>\n<li>Prof. emer. Dr. Robert L\u00e1szl\u00f3 (P\u00e1rizs) <i>&#8222;Huzella Tivadar a k\u00f6t\u0151sz\u00f6vet kutat\u00e1s \u00fatt\u00f6r\u0151je&#8221;<\/i> (m\u00e1jus 25.)<\/li>\n<li>Prof. emer. Dr. R\u00f3zsa P\u00e1l (BME matematikus) <i>&#8222;Az aranymetsz\u00e9s \u00e9s a Fibonacci-sorozat: tekinthet\u0151k-e term\u00e9szeti t\u00f6rv\u00e9nyeknek?&#8221;<\/i><\/li>\n<li>Simon Katalin lev\u00e9lt\u00e1ros (F\u0151v\u00e1rosi Lev\u00e9lt\u00e1r) <i>&#8222;A 18-19. sz\u00e1zadi magyarorsz\u00e1gi orvosi professzionaliz\u00e1ci\u00f3 k\u00e9rd\u00e9sei&#8221;<\/i><\/li>\n<li>Prof. Dr. Sz\u00e9l \u00c1goston \u00e1ltal\u00e1nos rektorhelyettes <i>&#8222;A Doktori Tan\u00e1cs eln\u00f6ki tiszt\u00e9b\u0151l a Semmelweis Egyetem \u00e1ltal\u00e1nos rektorhelyettess\u00e9gig&#8221;<\/i><\/li>\n<li>Prof. Dr. Tulassay Tivadar rektor <i>&#8222;Egyetem\u00fcnk m\u00faltja \u00e9s j\u00f6v\u0151je&#8221;<\/i>.<\/li>\n<\/ul>\n<p><u>R\u00f6vid prezent\u00e1ci\u00f3k terve:<\/u><\/p>\n<ul>\n<li>Dr. Balogh K\u00e1roly <i>&#8222;Ap\u00e1m, Balogh K\u00e1roly professzor&#8221;<\/i><\/li>\n<li>Berze Ildik\u00f3 fogorvostanhallgat\u00f3, a Magyar Fogorvostanhallgat\u00f3k Egyes\u00fclete Budapesti Helyi Bizotts\u00e1g\u00e1nak eln\u00f6ke <i>&#8222;T\u00e1j\u00e9koztat\u00f3 a hallgat\u00f3i egyes\u00fclet munk\u00e1j\u00e1r\u00f3l, k\u00fcl\u00f6n\u00f6s tekintettel a prevenci\u00f3s tev\u00e9kenys\u00e9gre&#8221;<\/i> (Fogorvosi Tagozat)<\/li>\n<li>Dr. Bog\u00e1rdi Mih\u00e1ly ny. f\u0151orvos <i>&#8222;Egy csal\u00e1dban 1 r\u00e9gi b\u00e1ba \u00e9s 4 orvos&#8221; <\/i><\/li>\n<li>Dr. Farkas Zsolt f\u0151orvos (Heim P\u00e1l Gyermekk\u00f3rh\u00e1z) <i>&#8222;\u00dajabb klinikai tapasztalatok N\u00e9metorsz\u00e1gban&#8221;<\/i><\/li>\n<li>Dr. Fr\u00f6hlich Georgina PhD hallgat\u00f3 <i>&#8222;Modern sug\u00e1rter\u00e1pia &#8211; Metszetk\u00e9palkot\u00f3 elj\u00e1r\u00e1sokon alapul\u00f3 3D-s brachyter\u00e1pi\u00e1s besug\u00e1rz\u00e1stervez\u00e9s&#8221;<\/i><\/li>\n<li>Dr. M\u00e1ttyus Istv\u00e1n egyetemi adjunktus <i>&#8222;Dr. M\u00e1tyus Istv\u00e1n&#8221; <\/i><\/li>\n<li>Kerpel-Fronius \u00d6d\u00f6n Tehets\u00e9ggondoz\u00f3 Program di\u00e1kjai &#8211; <u>kultur\u00e1lis program<\/u>.<\/li>\n<\/ul>\n<p>(Az el\u0151ad\u00e1sok id\u0151pontj\u00e1t, hely\u00e9t meghirdetj\u00fck k\u00f6rlevelek, valamint a &#8222;Semmelweis Egyetem&#8221; \u00e9s a &#8222;Szinapszis&#8221; \u00fajs\u00e1g, tov\u00e1bb\u00e1 az internetes honlapunk r\u00e9v\u00e9n. Az el\u0151ad\u00e1sok el\u0151tt f\u00e9l\u00f3r\u00e1val b\u00fcf\u00e9vel v\u00e1rjuk a r\u00e9sztvev\u0151ket.)<\/p>\n<p>3.) <u>Az egyetemi ifj\u00fas\u00e1g t\u00e1mogat\u00e1s\u00e1ra<\/u> 2010-ben is kiemelt figyelmet ford\u00edtottunk.<\/p>\n<ul>\n<li><i>A Dr. Bal\u00e1zs Dezs\u0151 \u00e9s Walter Julianna p\u00e1ly\u00e1zat keret\u00e9ben Dr. Koz\u00e1k Lajos Rudolf<\/i> egyetemi tan\u00e1rseg\u00e9d (MR Kutat\u00f3k\u00f6zpont) nyerte el a <i>100eFt-os els\u0151 d\u00edjat<\/i> nemzetk\u00f6zi kongresszuson (Symposium Neuroradiologicum, Bologna) val\u00f3 r\u00e9szv\u00e9tele t\u00e1mogat\u00e1s\u00e1ra. Ugyancsak nemzetk\u00f6zi kongresszuson (a Genfben megrendez\u00e9sre ker\u00fcl\u0151 European Society of Surgical Research 45. Kongresszuson) t\u00f6rt\u00e9n\u0151 r\u00e9szv\u00e9tel t\u00e1mogat\u00e1s\u00e1ra kapta <i>Dr. Szij\u00e1rt\u00f3 Attila<\/i> egyetemi tan\u00e1rseg\u00e9d (I. sz. Seb\u00e9szeti Klinika) a <i>80eFt-os m\u00e1sodik d\u00edjat<\/i>. <i>M\u00e9sz\u00e1ros Gerg\u0151<\/i> \u00f6t\u00f6d\u00e9ves orvostanhallgat\u00f3 n\u00e9metorsz\u00e1gi (Bottrop) tanulm\u00e1ny\u00fatj\u00e1nak t\u00e1mogat\u00e1s\u00e1ra nyerte a <i>60eFt-os harmadik d\u00edjat<\/i>. A d\u00edjakat a Semmelweis Egyetem m\u00e1rcius 12-i \u00fcnneps\u00e9g\u00e9n adtuk \u00e1t<\/li>\n<li><i>4x15eFt-tal d\u00edjaztuk<\/i> a 2010. \u00e9vi <i>Kor\u00e1nyi Frigyes Tudom\u00e1nyos F\u00f3rum<\/i> kiv\u00e1l\u00f3 teljes\u00edtm\u00e9nyt ny\u00fajt\u00f3 di\u00e1kszerepl\u0151it<\/li>\n<li><i>200eFt-ot<\/i> biztos\u00edtottunk az <i>SE Testnevel\u00e9si \u00e9s Sportk\u00f6zpont<\/i> r\u00e9sz\u00e9re egyetemi hallgat\u00f3ink testnevel\u00e9s\u00e9nek \u00e9s szabadid\u0151 sportj\u00e1nak fejleszt\u00e9se c\u00e9lj\u00e1ra<\/li>\n<li>A <i>Doktorandusz Kiv\u00e1l\u00f3s\u00e1gi D\u00edjat<\/i> (2x100eFt) <i>Balogh Zs\u00f3fia<\/i> (t\u00e9mavezet\u0151: Prof. Dr. M\u00e9sz\u00e1ros Tam\u00e1s) \u00e9s <i>Dr. Butz Henriett<\/i> (t\u00e9mavezet\u0151: Prof. Dr. R\u00e1cz K\u00e1roly) PhD hallgat\u00f3 nyerte el. A d\u00edjakat a Semmelweis Egyetem <i>Dies Academicus<\/i> \u00fcnneps\u00e9g\u00e9n (nov. 6.) adtuk \u00e1t<\/li>\n<li>A <i>Bar\u00e1ti K\u00f6r Tehets\u00e9ggondoz\u00f3 Kiv\u00e1l\u00f3s\u00e1gi D\u00edj\u00e1t (2x50eFt)<\/i> els\u0151 alkalommal december 10-\u00e9n, a Kerpel-Fronius \u00d6d\u00f6n Tehets\u00e9ggondoz\u00f3 Program \u00fcnnepi \u00fcl\u00e9s\u00e9n, a Semmelweis Szalonban adtuk \u00e1t. A Program Tan\u00e1cs javaslat\u00e1ra a d\u00edjazottak: <i>Dr. Fr\u00f6hlich Georgina<\/i> \u00e9s <i>Toldi Gergely<\/i>.<\/li>\n<\/ul>\n<p>4.) <u>A Bar\u00e1ti K\u00f6r ifj\u00fas\u00e1gi d\u00edjait 2011-ben is \u00f6t \u00e1gon tervezz\u00fck!<\/u><\/p>\n<ul>\n<li>A hagyom\u00e1nyos <i>Dr. Bal\u00e1zs Dezs\u0151 \u00e9s Walter Julianna ifj\u00fas\u00e1gi p\u00e1ly\u00e1zat<\/i>: 60-80-100eFt-os d\u00edjak<\/li>\n<li><i>Az egyetemi testnevel\u00e9s t\u00e1mogat\u00e1sa:<\/i> 300eFt<\/li>\n<li>K\u00e9t 100eFt-os <i>d\u00edj kiv\u00e1l\u00f3 doktorandusz (PhD) hallgat\u00f3k jutalmaz\u00e1s\u00e1ra<\/i> &#8211; SE Doktori Tan\u00e1ccsal egy\u00fcttm\u0171k\u00f6dve<\/li>\n<li>A Kerpel-Fronius Tehets\u00e9ggondoz\u00f3 Program t\u00e1mogat\u00e1sa k\u00e9t 50eFt-os <i>Kiv\u00e1l\u00f3s\u00e1gi D\u00edjjal<\/i> &#8211; egy\u00fcttm\u0171k\u00f6d\u00e9s a Program Tan\u00e1ccsal<\/li>\n<li>A Kor\u00e1nyi Frigyes Tudom\u00e1nyos F\u00f3rum <i>kiv\u00e1l\u00f3 teljes\u00edtm\u00e9nyt ny\u00fajt\u00f3 di\u00e1kszerepl\u0151i-nek jutalmaz\u00e1sa<\/i>: 4x15eFt.<\/li>\n<\/ul>\n<p>5.) Semmelweis Napon (j\u00falius 1.), az Egyetem \u00fcnneps\u00e9ge keret\u00e9ben, a Bar\u00e1ti K\u00f6r k\u00e9pvisel\u0151i &#8211; Prof. emer. Dr. S\u00f3tonyi P\u00e9ter \u00e9s Prof. Dr. Schmidt P\u00e9ter &#8211; is helyeztek el <i>koszor\u00fat a bels\u0151 telepi Semmelweis szobor el\u0151tt<\/i>. 2011-ben szint\u00e9n tervezz\u00fck a koszor\u00faz\u00e1st.<\/p>\n<p>6.) &#8222;Az 1891-ben l\u00e9tes\u00fclt els\u0151 magyar \u00e9lettani t\u00e1rsul\u00e1s alap\u00edt\u00f3i&#8221; c. jubileumi szimp\u00f3ziumunk (BK-MOTT-M\u00c9T LXXIII-2009, SE EOK) <i>el\u0151ad\u00e1s-kivonatai angol nyelven is megjelentek<\/i> az Acta Physiologica Hungarica 97\/1 (2010. m\u00e1rcius) sz\u00e1m\u00e1ban. A szimp\u00f3zium \u00e9s a fogad\u00e1s <i>k\u00e9pes besz\u00e1mol\u00f3i<\/i> az internetes <i>honlapunkon<\/i> (<i>&#8222;H\u00edrek&#8221; men\u00fcpont<\/i>) megtekinthet\u0151k.<\/p>\n<p>7.) A NET aul\u00e1j\u00e1ban 2009. november 25-\u00e9n tartott, felemel\u0151 <i>jubileumi-eml\u00e9kt\u00e1bla<\/i> avat\u00f3 \u00fcnneps\u00e9g\u00fcnk r\u00e9szletes f\u00e9nyk\u00e9pes riportja szint\u00e9n megtekinthet\u0151 a <i>Bar\u00e1ti K\u00f6r honlapj\u00e1n<\/i> (<i>&#8222;H\u00edrek&#8221; men\u00fcpont<\/i>).<\/p>\n<p>8.) A K\u00f6r \u00e9s a Semmelweis Kiad\u00f3 egy\u00fcttm\u0171k\u00f6d\u00e9s\u00e9vel k\u00e9sz\u00fclt sz\u00ednvonalas <i>2010. \u00e9vi egyetemt\u00f6rt\u00e9neti falinapt\u00e1r<\/i> nagy sikert aratott, a K\u00f6r tagjai kedvezm\u00e9nyesen, a bolti \u00e1r fel\u00e9\u00e9rt v\u00e1s\u00e1rolhatt\u00e1k.<\/p>\n<p>9.) El\u0151bbiekb\u0151l is l\u00e1that\u00f3, hogy az <u><i>internetes port\u00e1l<\/i> (www.baratikor.sote.hu)<\/u> n\u00e9lk\u00fcl\u00f6zhetetlen h\u00edrm\u00e9di\u00e1nk; \u00e9rt\u00e9k\u00e1pol\u00f3 \u00e9s \u00e9rt\u00e9kterjeszt\u0151 adatb\u00e1zis ez, \u00e9s folyamatosan gyarapodik. K\u00e9rem, l\u00e1togass\u00e1k rendszeresen! A K\u00f6rrel kapcsolatos \u00e1ltal\u00e1nos t\u00e1j\u00e9koztat\u00e1s (<i>vezet\u0151s\u00e9g, t\u00f6rt\u00e9net, alapszab\u00e1ly<\/i>) \u00e9s naprak\u00e9sz \u00faj inform\u00e1ci\u00f3k mellett hozz\u00e1f\u00e9rhet\u0151 a rektorok, a d\u00e9k\u00e1nok, az els\u0151 tansz\u00e9kvezet\u0151k, ill. int\u00e9zetigazgat\u00f3k, valamint a K\u00f6r eln\u00f6keinek gal\u00e9ri\u00e1ja (\u00f6sszesen <i>210 portr\u00e9 \u00e9s \u00e9letrajz<\/i>), tov\u00e1bb\u00e1 sz\u00e1mos egyetemi int\u00e9zet\u00fcnk <i>elektronikus m\u00fazeuma<\/i>, valamint \u00e9rdekesn\u00e9l-\u00e9rdekesebb <i>el\u0151ad\u00e1sok<\/i> k\u00e9pekkel gazdagon dokument\u00e1lt, szerkesztett v\u00e1ltozata (\u00f6sszesen 30, \u00e9vr\u0151l-\u00e9vre jelent\u0151sen gyarapodik!).<\/p>\n<p>10.) A <i>Semmelweis Egyetem \u00fajs\u00e1g<\/i> fontos &#8222;sz\u00f3cs\u00f6ve&#8221; a K\u00f6rnek. A Szerkeszt\u0151bizotts\u00e1g eln\u00f6ke Prof. emer. Dr. S\u00f3tonyi P\u00e9ter \u00e9s Prof. emer. Dr. Don\u00e1th Tibor tiszteletbeli eln\u00f6k, Tolnai Kata felel\u0151s szerkeszt\u0151vel egy\u00fctt, gondozz\u00e1k h\u00edreinket, besz\u00e1mol\u00f3inkat. Minden klub\u00f6sszej\u00f6vetel\u00fcnk\u00f6n d\u00edjtalanul hozz\u00e1 lehet jutni a lap leg\u00fajabb p\u00e9ld\u00e1nyaihoz, elektronikus v\u00e1ltozata pedig el\u00e9rhet\u0151 az internetes honlapunk r\u00e9v\u00e9n is (www.baratikor.sote.hu: &#8222;Kapcsolatok&#8221; men\u00fcpont).<\/p>\n<p>Egy\u00fcttm\u0171k\u00f6d\u00e9s\u00fcnk a <i>Szinapszis hallgat\u00f3i lappal<\/i> is \u00e9rt\u00e9kes \u00e9s gyarapszik.<\/p>\n<p>Dr. Forrai Judit kezdem\u00e9nyez\u00e9s\u00e9re, a BK 2010. \u00e9vi K\u00f6zgy\u0171l\u00e9s\u00e9nek t\u00e1mogat\u00f3 egyet\u00e9rt\u00e9s\u00e9vel, egy\u00fcttm\u0171k\u00f6d\u0151 partnerk\u00e9nt csatlakoztunk a k\u00e9tnyelv\u0171 <i>&#8222;Kaleidoscope &#8211; Integr\u00e1lt M\u0171vel\u0151d\u00e9s-, Tudom\u00e1ny- \u00e9s Orvost\u00f6rt\u00e9neti Foly\u00f3irat; Kaleidoscope &#8211; Integrated Magazine of History of Science, Culture and Medicine&#8221;<\/i> on-line internetes quarterly m\u00f6g\u00e9 felsorakozott int\u00e9zm\u00e9nyekhez, ill. szervezetekhez.<\/p>\n<p>11.) Tov\u00e1bbra is c\u00e9lunk, hogy \u00e1poljuk, fejlessz\u00fck a <i>kapcsolatokat hazai \u00e9s k\u00fclf\u00f6ldi t\u00e1rsas\u00e1gokkal, int\u00e9zm\u00e9nyekkel<\/i>: a t\u00e1rsegyetemekkel, a Magyar Orvost\u00f6rt\u00e9nelmi T\u00e1rsas\u00e1ggal, a Semmelweis M\u00fazeummal \u00e9s K\u00f6nyvt\u00e1rral, a Magyar Orvosok Nemzetk\u00f6zi Akad\u00e9mi\u00e1j\u00e1val (WHMA), az Orsz\u00e1gos Lev\u00e9lt\u00e1rral, a Sz\u00e9pm\u0171v\u00e9szeti M\u00fazeummal, a D\u00fcsseldorfi Semmelweis T\u00e1rsas\u00e1ggal, az Amerikai-Magyar Orvossz\u00f6vets\u00e9ggel (HMAA), a Finn-Magyar-\u00c9szt Orvos T\u00e1rsas\u00e1ggal.<\/p>\n<p>Felk\u00e9r\u00e9sre az SE-ELTE 375. Jubileumi eml\u00e9k\u00fcl\u00e9s\u00e9n (2010. szeptember 21.) a Bar\u00e1ti K\u00f6r eln\u00f6ke \u00e9s Dr. Moln\u00e1r L\u00e1szl\u00f3 vezet\u0151s\u00e9gi tag <i>&#8222;Az \u00f6n\u00e1ll\u00f3 orvosegyetem: BOTE, SOTE, SE&#8221;<\/i> c\u00edmmel el\u0151ad\u00e1st tartott.<\/p>\n<p>Az SE Magyar Alumni Tal\u00e1lkoz\u00f3 programj\u00e1ban (2010. november 27.), ugyancsak felk\u00e9r\u00e9sre, hasonl\u00f3 el\u0151ad\u00e1s prezent\u00e1l\u00e1s\u00e1ra ker\u00fclt sor <i>&#8222;Az \u00f6n\u00e1ll\u00f3 orvosegyetem els\u0151 6 \u00e9vtized\u00e9nek t\u00f6rt\u00e9neti kronol\u00f3gi\u00e1ja&#8221;<\/i> c\u00edmmel. Mivel az \u00f6n\u00e1ll\u00f3 orvosk\u00e9pz\u00e9s minisztertan\u00e1csi elrendel\u00e9s\u00e9nek 60. \u00e9vfordul\u00f3ja 2011-re (janu\u00e1r 28.) esik, e t\u00e9ma bemutat\u00e1s\u00e1t a Bar\u00e1ti K\u00f6r \u00e9ves programj\u00e1ban is tervezz\u00fck.<\/p>\n<p>12.) A Bar\u00e1ti K\u00f6r speci\u00e1lis programjaihoz n\u00e9lk\u00fcl\u00f6zhetetlen forr\u00e1s a <u>tagd\u00edjak, t\u00e1mogat\u00e1sok<\/u> befizet\u00e9se, valamint a <u>rendszeres szolg\u00e1ltat\u00e1sok<\/u> ny\u00fajt\u00e1sa &#8211; mindezek\u00e9rt h\u00e1l\u00e1s k\u00f6sz\u00f6net\u00fcnket fejezz\u00fck ki a k\u00f6vetkez\u0151 vezet\u0151knek, ill. int\u00e9zm\u00e9nyeknek (ABC sorrendben): Juh\u00e1sz Ir\u00e9n a NET gazdas\u00e1gi igazgat\u00f3ja \u00e9s munkat\u00e1rsai; Dr. M\u00e9sz\u00e1ros Gy\u00f6rgy az EOK igazgat\u00f3ja \u00e9s munkat\u00e1rsai; Dr. Moln\u00e1r L\u00e1szl\u00f3 a K\u00f6zponti Lev\u00e9lt\u00e1r vezet\u0151je \u00e9s munkat\u00e1rsai; a Semmelweis Egyetem szakmai \u00e9s gazdas\u00e1gi vezet\u0151i, B\u00fas \u00c1gota a Rektori Hivatal vezet\u0151je; Szir\u00e1nyi Andr\u00e1s informatikus; Dr. T\u00e1ncos L\u00e1szl\u00f3 a Semmelweis Kiad\u00f3 igazgat\u00f3ja \u00e9s munkat\u00e1rsai; Dr. T\u00f3th Barnab\u00e1s az Informatikai Igazgat\u00f3s\u00e1g igazgat\u00f3ja \u00e9s munkat\u00e1rsai; Dr. Vasas L\u00edvia a K\u00f6zponti K\u00f6nyvt\u00e1r f\u0151igazgat\u00f3ja \u00e9s munkat\u00e1rsai. E helyen is k\u00f6sz\u00f6netet mondunk a minimum tagd\u00edjat nagys\u00e1grenddel meghalad\u00f3 befizet\u00e9sek\u00e9rt sz\u00e1mos bar\u00e1tunknak.<\/p>\n<p align=\"center\"><b><i>\u00daj\u00e9vi j\u00f3k\u00edv\u00e1ns\u00e1gainkat megism\u00e9telve, szeretettel v\u00e1rjuk az \u00d6n t\u00e1mogat\u00e1s\u00e1t, valamint a szem\u00e9lyes tal\u00e1lkoz\u00e1st a K\u00f6r rendezv\u00e9nyein.<\/i><\/b><\/p>\n<p align=\"center\"><b><i>Sz\u00edv\u00e9lyes \u00fcdv\u00f6zlettel a Bar\u00e1ti K\u00f6r Vezet\u0151s\u00e9g\u00e9nek minden tagja nev\u00e9ben,<\/i><\/b><\/p>\n<p>Budapest, 2011. janu\u00e1r 3.<\/p>\n<div align=\"right\">\n<table cellspacing=\"0\" cellpadding=\"0\">\n<tbody>\n<tr>\n<td style=\"border-style: hidden\">\n<div align=\"center\">Prof. emer. Dr. Monos Emil<br \/>\na Bar\u00e1ti K\u00f6r eln\u00f6ke<\/div>\n<\/td>\n<\/tr>\n<\/tbody>\n<\/table>\n<\/div>\n<p>&nbsp;<\/p>\n<p><i>* A Bar\u00e1ti K\u00f6r m\u0171k\u00f6d\u00e9s\u00e9nek fenntart\u00e1sa &#8211; az Egyetem \u00e1ltal ny\u00fajtott t\u00e1mogat\u00e1s mellett &#8211; a tags\u00e1g \u00e1ltal fizetett tagd\u00edj, ill. adom\u00e1nyok seg\u00edts\u00e9g\u00e9vel t\u00f6rt\u00e9nik. A tagd\u00edj c\u00edm\u00e9n javasolt t\u00e1mogat\u00e1s \u00f6sszege magyar \u00e1llampolg\u00e1rs\u00e1g\u00fa akt\u00edv dolgoz\u00f3k eset\u00e9ben legal\u00e1bb 1500, nyugd\u00edjasok \u00e9s egyetemi hallgat\u00f3k eset\u00e9ben pedig legal\u00e1bb 500Ft\/\u00e9v.<br \/>\nK\u00fclf\u00f6ld\u00f6n \u00e9l\u0151 akt\u00edv dolgoz\u00f3 tagjainknak legal\u00e1bb 50, nyugd\u00edjas tagok eset\u00e9ben pedig 20USD\/\u00e9v, ill. a megfelel\u0151 forint, vagy euro \u00f6sszeg javasolt. A befizet\u00e9s k\u00fclf\u00f6ldr\u0151l t\u00f6rt\u00e9nhet lev\u00e9lben k\u00fcld\u00f6tt szem\u00e9lyi csekk r\u00e9v\u00e9n &#8222;Semmelweis University Alumni Association &#8211; Bar\u00e1ti K\u00f6r&#8221; megjel\u00f6l\u00e9ssel; banki \u00e1tutal\u00e1s eset\u00e9n pedig az al\u00e1bbi c\u00edmre: <\/i><\/p>\n<div><i> Magyar K\u00fclkereskedelmi Bank Nyrt. (1051 Budapest, Szent Istv\u00e1n t\u00e9r 11.)<br \/>\nSOTE Bar\u00e1ti K\u00f6r (1085 Budapest, \u00dcll\u0151i \u00fat 26.)<br \/>\nSz\u00e1mlasz\u00e1m: 10300002-20314006-00003285<br \/>\n(SWIFT-k\u00f3d: MKKBHUHB)<br \/>\n(IBAN sz\u00e1m: HU09 1030 0002 2031 4006 0000 3285) <\/i><\/div>\n<p>&nbsp;<\/p>\n<p align=\"center\"><a href=\"https:\/\/semmelweis.hu\/baratikor\/files\/2023\/04\/2011_01_03_korlevel_2011_januar.docx\">Let\u00f6lthet\u0151 anyag<\/a><\/p>\n","protected":false},"excerpt":{"rendered":"<p>A Semmelweis Egyetem Bar\u00e1ti K\u00f6r\u00e9nek \u00daj\u00e9vi t\u00e1j\u00e9koztat\u00f3 k\u00f6rlevele &#8211; 2011. TISZTELT TAGT\u00c1RSUNK \u00c9S J\u00d6V\u0150BENI TAGT\u00c1RSUNK! Bar\u00e1ti szeretettel k\u00edv\u00e1njuk, hogy 2011. megval\u00f3sult kreat\u00edv v\u00e1gyakban gazdag \u00e9v legyen mindannyiunk sz\u00e1m\u00e1ra! K\u00f6sz\u00f6nj\u00fck, ha az elm\u00falt \u00e9vben \u00d6n b\u00e1rmilyen m\u00f3don t\u00e1mogatta a Bar\u00e1ti K\u00f6r tev\u00e9kenys\u00e9g\u00e9t, k\u00e9rj\u00fck t\u00e1mogat\u00e1s\u00e1t ez \u00e9vben is! Azzal a rem\u00e9nnyel ismertetj\u00fck 2010. eredm\u00e9nyeit \u00e9s 2011. \u00e9vi &hellip;<\/p>\n","protected":false},"author":282,"featured_media":0,"comment_status":"closed","ping_status":"closed","sticky":false,"template":"","format":"standard","meta":{"_acf_changed":false,"footnotes":""},"categories":[1],"tags":[],"class_list":["post-3542","post","type-post","status-publish","format-standard","hentry","category-hirek"],"acf":[],"_links":{"self":[{"href":"https:\/\/semmelweis.hu\/baratikor\/wp-json\/wp\/v2\/posts\/3542","targetHints":{"allow":["GET"]}}],"collection":[{"href":"https:\/\/semmelweis.hu\/baratikor\/wp-json\/wp\/v2\/posts"}],"about":[{"href":"https:\/\/semmelweis.hu\/baratikor\/wp-json\/wp\/v2\/types\/post"}],"author":[{"embeddable":true,"href":"https:\/\/semmelweis.hu\/baratikor\/wp-json\/wp\/v2\/users\/282"}],"replies":[{"embeddable":true,"href":"https:\/\/semmelweis.hu\/baratikor\/wp-json\/wp\/v2\/comments?post=3542"}],"version-history":[{"count":1,"href":"https:\/\/semmelweis.hu\/baratikor\/wp-json\/wp\/v2\/posts\/3542\/revisions"}],"predecessor-version":[{"id":3544,"href":"https:\/\/semmelweis.hu\/baratikor\/wp-json\/wp\/v2\/posts\/3542\/revisions\/3544"}],"wp:attachment":[{"href":"https:\/\/semmelweis.hu\/baratikor\/wp-json\/wp\/v2\/media?parent=3542"}],"wp:term":[{"taxonomy":"category","embeddable":true,"href":"https:\/\/semmelweis.hu\/baratikor\/wp-json\/wp\/v2\/categories?post=3542"},{"taxonomy":"post_tag","embeddable":true,"href":"https:\/\/semmelweis.hu\/baratikor\/wp-json\/wp\/v2\/tags?post=3542"}],"curies":[{"name":"wp","href":"https:\/\/api.w.org\/{rel}","templated":true}]}}