{"id":3526,"date":"2011-03-20T08:47:03","date_gmt":"2011-03-20T07:47:03","guid":{"rendered":"https:\/\/semmelweis.hu\/baratikor\/?p=3526"},"modified":"2023-09-29T10:37:00","modified_gmt":"2023-09-29T08:37:00","slug":"a-barati-kor-ifjusagi-dijainak-atadasa-a-semmelweis-egyetem","status":"publish","type":"post","link":"https:\/\/semmelweis.hu\/baratikor\/2011\/03\/20\/a-barati-kor-ifjusagi-dijainak-atadasa-a-semmelweis-egyetem\/","title":{"rendered":"A Bar\u00e1ti K\u00f6r ifj\u00fas\u00e1gi d\u00edjainak \u00e1tad\u00e1sa a Semmelweis Egyetem"},"content":{"rendered":"<h1 align=\"center\">A Bar\u00e1ti K\u00f6r ifj\u00fas\u00e1gi d\u00edjainak \u00e1tad\u00e1sa a Semmelweis Egyetem M\u00e1rcius 15. alkalm\u00e1b\u00f3l tartott 2011. \u00e9vi \u00fcnnep\u00e9ly\u00e9n<\/h1>\n<p>Nemzeti \u00fcnnep\u00fcnk alkalm\u00e1b\u00f3l &#8211; imm\u00e1r hagyom\u00e1nyosan &#8211; adtuk \u00e1t a Semmelweis Egyetem Bar\u00e1ti K\u00f6r\u00e9nek h\u00e1rom ifj\u00fas\u00e1gi d\u00edj\u00e1t dokument\u00e1l\u00f3 eml\u00e9klapokat, ez\u00fattal \u00f6sszesen n\u00e9gyet.<\/p>\n<p>A Bar\u00e1ti K\u00f6r f\u0151 c\u00e9lkit\u0171z\u00e9sei k\u00f6z\u00f6tt az \u00e9len szerepel tehets\u00e9ges egyetemi ifj\u00fas\u00e1gunk szellemi \u00e9s lelki nevel\u00e9s\u00e9nek, fizikai edzetts\u00e9g\u00e9nek el\u0151seg\u00edt\u00e9se anyagi eszk\u00f6z\u00f6kkel is. E t\u00f6rekv\u00e9s\u00fcnket egyar\u00e1nt t\u00e1mogatj\u00e1k szponzorok, hazai \u00e9s k\u00fclf\u00f6ldi &#8211; k\u00f6zel f\u00e9lezer f\u0151s &#8211; tags\u00e1gunk, valamint Egyetem\u00fcnk vezet\u00e9se.<\/p>\n<p>N\u00e9hai Dr. Bal\u00e1zs Dezs\u0151 10 milli\u00f3 Ft-os adom\u00e1ny\u00e1nak kamataib\u00f3l 2011-ben is meghirdett\u00fck a <u>&#8222;Dr. Bal\u00e1zs Dezs\u0151 \u00e9s Walter Julianna&#8221;<\/u> p\u00e1ly\u00e1zatot ifj\u00fa tagt\u00e1rsainknak. \u00d6r\u00f6m sz\u00e1munkra, hogy elismer\u00e9sre m\u00e9lt\u00f3 p\u00e1ly\u00e1zatok \u00e9rkeztek.<\/p>\n<p>A <i>100 eFt-os els\u0151 d\u00edjat<\/i> <u>Dr. Gy\u00f6rgy Bence<\/u> PhD hallgat\u00f3 (Semmelweis Egyetem Genetikai, Sejt- \u00e9s Immunbiol\u00f3giai Int\u00e9zete) nyerte el a Baltimore-ban (USA) megrendez\u00e9sre ker\u00fcl\u0151 <i>CYTO 2011<\/i> elnevez\u00e9s\u0171 nemzetk\u00f6zi kongresszuson t\u00f6rt\u00e9n\u0151 r\u00e9szv\u00e9tele t\u00e1mogat\u00e1s\u00e1ra.<\/p>\n<p>Ugyancsak nemzetk\u00f6zi kongresszuson, a Genfben (Sv\u00e1jc) tartand\u00f3 <i>Joint Congress of SOE\/AAO 2011<\/i> t\u00f6rt\u00e9n\u0151 r\u00e9szv\u00e9tel t\u00e1mogat\u00e1s\u00e1ra kapja <u>Dr. T\u00e1trai Erika<\/u> PhD hallgat\u00f3 (Semmelweis Egyetem Szem\u00e9szeti Klinika) a <i>80 eFt-os m\u00e1sodik d\u00edjat<\/i>.<\/p>\n<p>A t\u00e1mogatottak \u00e9lm\u00e9nybesz\u00e1mol\u00f3 tart\u00e1s\u00e1ra is fognak lehet\u0151s\u00e9get kapni a Bar\u00e1ti K\u00f6r egyik klubestj\u00e9n.<\/p>\n<p>Ez \u00e9vben is oda\u00edt\u00e9lt a Bar\u00e1ti K\u00f6r Vezet\u0151s\u00e9ge tov\u00e1bbi <u>k\u00e9t &#8211; rendk\u00edv\u00fcli &#8211; ifj\u00fas\u00e1gi d\u00edjat<\/u>.<\/p>\n<p>A Semmelweis Egyetem koll\u00e9giumainak f\u0151igazgat\u00f3ja, <u>Dr. God\u00f3 Ferenc<\/u> kezdem\u00e9nyez\u00e9s\u00e9re a Bar\u00e1ti K\u00f6r <i>4&#215;20 eFt-os d\u00edjjal jutalmazza<\/i> a 2011. \u00e9vi <i>Kor\u00e1nyi Frigyes Tudom\u00e1nyos F\u00f3rum<\/i> n\u00e9gy szekci\u00f3j\u00e1nak 1-1 kiv\u00e1l\u00f3 teljes\u00edtm\u00e9nyt ny\u00fajt\u00f3 di\u00e1kszerepl\u0151j\u00e9t.<\/p>\n<p>Egyetem\u00fcnk <i>Testnevel\u00e9si \u00e9s Sportk\u00f6zpontj\u00e1nak<\/i> igazgat\u00f3ja, <u>Dr. Kiss K\u00e1lm\u00e1n<\/u> k\u00e9r\u00e9s\u00e9re a Bar\u00e1ti K\u00f6r 200 eFt-ot biztos\u00edt egyetemi hallgat\u00f3ink testnevel\u00e9s\u00e9nek \u00e9s szabadid\u0151 sportj\u00e1nak fejleszt\u00e9s\u00e9re.<\/p>\n<p>A Bar\u00e1ti K\u00f6r, 20 \u00e9ves fenn\u00e1ll\u00e1sa alkalm\u00e1b\u00f3l, 2009-ben m\u00e9g tov\u00e1bbi 2-2 d\u00edjat alap\u00edtott kiv\u00e1l\u00f3 <u>PhD hallgat\u00f3k<\/u>, ill. a <u>Kerpel-Fronius Tehets\u00e9ggondoz\u00f3 Programhoz tartoz\u00f3 di\u00e1kok<\/u> r\u00e9sz\u00e9re. Ezek \u00e1tad\u00e1s\u00e1ra az \u0151szi egyetemi \u00fcnnepeinken ker\u00fcl sor.<\/p>\n<p>&nbsp;<\/p>\n<table width=\"100%\" cellspacing=\"0\" cellpadding=\"0\">\n<tbody>\n<tr>\n<td style=\"border-style: hidden\" width=\"50%\">\n<div align=\"center\">Dr. N\u00e9medy Edit<br \/>\na Bar\u00e1ti K\u00f6r eln\u00f6ks\u00e9g\u00e9nek tagja<\/div>\n<\/td>\n<td style=\"border-style: hidden\" width=\"50%\">\n<div align=\"center\">Dr. Monos Emil<br \/>\na Bar\u00e1ti K\u00f6r eln\u00f6ke<\/div>\n<\/td>\n<\/tr>\n<\/tbody>\n<\/table>\n","protected":false},"excerpt":{"rendered":"<p>A Bar\u00e1ti K\u00f6r ifj\u00fas\u00e1gi d\u00edjainak \u00e1tad\u00e1sa a Semmelweis Egyetem M\u00e1rcius 15. alkalm\u00e1b\u00f3l tartott 2011. \u00e9vi \u00fcnnep\u00e9ly\u00e9n Nemzeti \u00fcnnep\u00fcnk alkalm\u00e1b\u00f3l &#8211; imm\u00e1r hagyom\u00e1nyosan &#8211; adtuk \u00e1t a Semmelweis Egyetem Bar\u00e1ti K\u00f6r\u00e9nek h\u00e1rom ifj\u00fas\u00e1gi d\u00edj\u00e1t dokument\u00e1l\u00f3 eml\u00e9klapokat, ez\u00fattal \u00f6sszesen n\u00e9gyet. A Bar\u00e1ti K\u00f6r f\u0151 c\u00e9lkit\u0171z\u00e9sei k\u00f6z\u00f6tt az \u00e9len szerepel tehets\u00e9ges egyetemi ifj\u00fas\u00e1gunk szellemi \u00e9s lelki nevel\u00e9s\u00e9nek, fizikai &hellip;<\/p>\n","protected":false},"author":282,"featured_media":0,"comment_status":"closed","ping_status":"closed","sticky":false,"template":"","format":"standard","meta":{"_acf_changed":false,"footnotes":""},"categories":[1],"tags":[],"class_list":["post-3526","post","type-post","status-publish","format-standard","hentry","category-hirek"],"acf":[],"_links":{"self":[{"href":"https:\/\/semmelweis.hu\/baratikor\/wp-json\/wp\/v2\/posts\/3526","targetHints":{"allow":["GET"]}}],"collection":[{"href":"https:\/\/semmelweis.hu\/baratikor\/wp-json\/wp\/v2\/posts"}],"about":[{"href":"https:\/\/semmelweis.hu\/baratikor\/wp-json\/wp\/v2\/types\/post"}],"author":[{"embeddable":true,"href":"https:\/\/semmelweis.hu\/baratikor\/wp-json\/wp\/v2\/users\/282"}],"replies":[{"embeddable":true,"href":"https:\/\/semmelweis.hu\/baratikor\/wp-json\/wp\/v2\/comments?post=3526"}],"version-history":[{"count":1,"href":"https:\/\/semmelweis.hu\/baratikor\/wp-json\/wp\/v2\/posts\/3526\/revisions"}],"predecessor-version":[{"id":3527,"href":"https:\/\/semmelweis.hu\/baratikor\/wp-json\/wp\/v2\/posts\/3526\/revisions\/3527"}],"wp:attachment":[{"href":"https:\/\/semmelweis.hu\/baratikor\/wp-json\/wp\/v2\/media?parent=3526"}],"wp:term":[{"taxonomy":"category","embeddable":true,"href":"https:\/\/semmelweis.hu\/baratikor\/wp-json\/wp\/v2\/categories?post=3526"},{"taxonomy":"post_tag","embeddable":true,"href":"https:\/\/semmelweis.hu\/baratikor\/wp-json\/wp\/v2\/tags?post=3526"}],"curies":[{"name":"wp","href":"https:\/\/api.w.org\/{rel}","templated":true}]}}