{"id":3337,"date":"2013-03-21T12:38:41","date_gmt":"2013-03-21T11:38:41","guid":{"rendered":"https:\/\/semmelweis.hu\/baratikor\/?p=3337"},"modified":"2023-09-29T10:36:56","modified_gmt":"2023-09-29T08:36:56","slug":"a-barati-kor-ifjusagi-dijainak-atadasa-2013-marcius-14-en","status":"publish","type":"post","link":"https:\/\/semmelweis.hu\/baratikor\/2013\/03\/21\/a-barati-kor-ifjusagi-dijainak-atadasa-2013-marcius-14-en\/","title":{"rendered":"A Bar\u00e1ti K\u00f6r ifj\u00fas\u00e1gi d\u00edjainak \u00e1tad\u00e1sa 2013. m\u00e1rcius 14-\u00e9n"},"content":{"rendered":"<h1 align=\"center\">Az 1848\/49-es forradalom \u00e9s szabads\u00e1gharc 165. \u00e9vfordul\u00f3ja alkalm\u00e1b\u00f3l rendezett egyetemi \u00fcnnep\u00e9ly keret\u00e9ben ker\u00fclt sor a Bar\u00e1ti K\u00f6r ifj\u00fas\u00e1gi d\u00edjainak \u00e1tad\u00e1s\u00e1ra 2013. m\u00e1rcius 14-\u00e9n a Nagyv\u00e1rad t\u00e9ri Elm\u00e9leti T\u00f6mb D\u00edszterm\u00e9ben.<\/h1>\n<p><b><i>A Narr\u00e1tor a k\u00f6vetkez\u0151ket jelentette be:<\/i><\/b><\/p>\n<p>A Semmelweis Egyetem t\u00f6bb mint f\u00e9lezer tagot sz\u00e1ml\u00e1l\u00f3 Bar\u00e1ti K\u00f6r\u00e9nek f\u0151 c\u00e9ljai k\u00f6z\u00f6tt szerepel, hogy eszmei \u00e9s anyagi eszk\u00f6z\u00f6kkel seg\u00edtse a tehets\u00e9ges egyetemi ifj\u00fas\u00e1g szellemi \u00e9s lelki nevel\u00e9s\u00e9t, fizikai edzetts\u00e9g\u00e9t, elitteljes\u00edtm\u00e9ny\u00e9t. Ez\u00e9rt a K\u00f6r 2013-ban is meghirdette ifj\u00fas\u00e1gi tagjai r\u00e9sz\u00e9re a &#8222;<u>Dr. Bal\u00e1zs Dezs\u0151 \u00e9s Walter Julianna<\/u>&#8221; p\u00e1ly\u00e1zatot.<\/p>\n<p>Felk\u00e9rem <u>Dr. Monos Emil<\/u> professzor urat, a Bar\u00e1ti K\u00f6r eln\u00f6k\u00e9t \u00e9s <u>Dr. N\u00e9medy Edit<\/u> f\u0151orvos asszonyt, a Bar\u00e1ti K\u00f6r vezet\u0151s\u00e9gi tagj\u00e1t, f\u00e1radjanak ki a d\u00edjak \u00e1tad\u00e1s\u00e1hoz.<\/p>\n<p><i>100eFt-os d\u00edjat<\/i> nyert <b><i>Dr. Sz\u00e1sz A. Marcell<\/i><\/b>, a II. sz. Patol\u00f3giai Int\u00e9zet munkat\u00e1rsa, az Eur\u00f3pai Klinikai Onkol\u00f3gus T\u00e1rsas\u00e1g 2013 m\u00e1rcius\u00e1ban, Spanyolorsz\u00e1gban megrendezett szakmai kurzuson val\u00f3 r\u00e9szv\u00e9tel\u00e9nek t\u00e1mogat\u00e1s\u00e1ra.<\/p>\n<p>Ebben az \u00e9vben is oda\u00edt\u00e9lt a Bar\u00e1ti K\u00f6r vezet\u0151s\u00e9ge egy tov\u00e1bbi &#8211; <i>rendk\u00edv\u00fcli<\/i> &#8211; <i>ifj\u00fas\u00e1gi d\u00edjat<\/i>.<\/p>\n<p align=\"center\"><img loading=\"lazy\" decoding=\"async\" class=\"size-full wp-image-4477 aligncenter\" src=\"https:\/\/semmelweis.hu\/baratikor\/files\/2013\/03\/image1-1.jpg\" alt=\"\" width=\"480\" height=\"321\" srcset=\"https:\/\/semmelweis.hu\/baratikor\/files\/2013\/03\/image1-1.jpg 480w, https:\/\/semmelweis.hu\/baratikor\/files\/2013\/03\/image1-1-400x268.jpg 400w, https:\/\/semmelweis.hu\/baratikor\/files\/2013\/03\/image1-1-203x135.jpg 203w\" sizes=\"auto, (max-width: 480px) 100vw, 480px\" \/><\/p>\n<p align=\"center\"><b><i>Dr. God\u00f3 Ferenc \u00e1tveszi az eml\u00e9klapot.<\/i><\/b><\/p>\n<p><u>Dr. God\u00f3 Ferenc<\/u> f\u0151igazgat\u00f3 \u00far kezdem\u00e9nyez\u00e9s\u00e9re a Bar\u00e1ti K\u00f6r \u00f6sszesen <i>100eFt-os d\u00edjjal<\/i> jutalmazza a 2013. \u00e9vi <b><i>Kor\u00e1nyi Frigyes Tudom\u00e1nyos F\u00f3rum<\/i><\/b> n\u00e9gy szekci\u00f3j\u00e1nak 1-1 kiv\u00e1l\u00f3 teljes\u00edtm\u00e9nyt ny\u00fajt\u00f3 di\u00e1kszerepl\u0151j\u00e9t.<\/p>\n<p>Egyetem\u00fcnk jelenlegi \u00e9s kor\u00e1bbi munkat\u00e1rsai mellett a hallgat\u00f3it is szeretettel v\u00e1rja tagjai sor\u00e1ba a Bar\u00e1ti K\u00f6r!<\/p>\n<p><i>(Dr. Monos Emil \u00e9s Dr. N\u00e9medy Edit \u00e1tadt\u00e1k a d\u00edjakat dokument\u00e1l\u00f3 eml\u00e9klapokat.)<\/i><\/p>\n","protected":false},"excerpt":{"rendered":"<p>Az 1848\/49-es forradalom \u00e9s szabads\u00e1gharc 165. \u00e9vfordul\u00f3ja alkalm\u00e1b\u00f3l rendezett egyetemi \u00fcnnep\u00e9ly keret\u00e9ben ker\u00fclt sor a Bar\u00e1ti K\u00f6r ifj\u00fas\u00e1gi d\u00edjainak \u00e1tad\u00e1s\u00e1ra 2013. m\u00e1rcius 14-\u00e9n a Nagyv\u00e1rad t\u00e9ri Elm\u00e9leti T\u00f6mb D\u00edszterm\u00e9ben. A Narr\u00e1tor a k\u00f6vetkez\u0151ket jelentette be: A Semmelweis Egyetem t\u00f6bb mint f\u00e9lezer tagot sz\u00e1ml\u00e1l\u00f3 Bar\u00e1ti K\u00f6r\u00e9nek f\u0151 c\u00e9ljai k\u00f6z\u00f6tt szerepel, hogy eszmei \u00e9s anyagi eszk\u00f6z\u00f6kkel seg\u00edtse &hellip;<\/p>\n","protected":false},"author":282,"featured_media":0,"comment_status":"closed","ping_status":"closed","sticky":false,"template":"","format":"standard","meta":{"_acf_changed":false,"footnotes":""},"categories":[1],"tags":[],"class_list":["post-3337","post","type-post","status-publish","format-standard","hentry","category-hirek"],"acf":[],"_links":{"self":[{"href":"https:\/\/semmelweis.hu\/baratikor\/wp-json\/wp\/v2\/posts\/3337","targetHints":{"allow":["GET"]}}],"collection":[{"href":"https:\/\/semmelweis.hu\/baratikor\/wp-json\/wp\/v2\/posts"}],"about":[{"href":"https:\/\/semmelweis.hu\/baratikor\/wp-json\/wp\/v2\/types\/post"}],"author":[{"embeddable":true,"href":"https:\/\/semmelweis.hu\/baratikor\/wp-json\/wp\/v2\/users\/282"}],"replies":[{"embeddable":true,"href":"https:\/\/semmelweis.hu\/baratikor\/wp-json\/wp\/v2\/comments?post=3337"}],"version-history":[{"count":2,"href":"https:\/\/semmelweis.hu\/baratikor\/wp-json\/wp\/v2\/posts\/3337\/revisions"}],"predecessor-version":[{"id":4478,"href":"https:\/\/semmelweis.hu\/baratikor\/wp-json\/wp\/v2\/posts\/3337\/revisions\/4478"}],"wp:attachment":[{"href":"https:\/\/semmelweis.hu\/baratikor\/wp-json\/wp\/v2\/media?parent=3337"}],"wp:term":[{"taxonomy":"category","embeddable":true,"href":"https:\/\/semmelweis.hu\/baratikor\/wp-json\/wp\/v2\/categories?post=3337"},{"taxonomy":"post_tag","embeddable":true,"href":"https:\/\/semmelweis.hu\/baratikor\/wp-json\/wp\/v2\/tags?post=3337"}],"curies":[{"name":"wp","href":"https:\/\/api.w.org\/{rel}","templated":true}]}}