{"id":3256,"date":"2014-01-10T10:57:51","date_gmt":"2014-01-10T09:57:51","guid":{"rendered":"https:\/\/semmelweis.hu\/baratikor\/?p=3256"},"modified":"2023-09-29T10:36:55","modified_gmt":"2023-09-29T08:36:55","slug":"ujevi-tajekoztato-korlevel-2014-januar-2","status":"publish","type":"post","link":"https:\/\/semmelweis.hu\/baratikor\/2014\/01\/10\/ujevi-tajekoztato-korlevel-2014-januar-2\/","title":{"rendered":"\u00daj\u00e9vi t\u00e1j\u00e9koztat\u00f3 k\u00f6rlev\u00e9l (2014. janu\u00e1r 2.)"},"content":{"rendered":"<p align=\"right\"><i>A Semmelweis Egyetem Bar\u00e1ti K\u00f6re<br \/>\neln\u00f6k\u00e9nek t\u00e1j\u00e9koztat\u00f3 k\u00f6rlevele &#8211; 2014.<\/i><\/p>\n<p align=\"center\"><b>TISZTELT TAGT\u00c1RSUNK<\/b><\/p>\n<p align=\"center\">Bar\u00e1ti szeretettel k\u00edv\u00e1njuk,<br \/>\nhogy 2014<br \/>\nEREDM\u00c9NYEKBEN \u00c9S \u00d6R\u00d6M\u00d6KBEN b\u0151velked\u0151 esztend\u0151 legyen az \u00d6N \u00c9S SZERETTEI SZ\u00c1M\u00c1RA!<\/p>\n<p align=\"center\"><b><i>Sz\u00edvb\u0151l k\u00f6sz\u00f6nj\u00fck, hogy az elm\u00falt \u00e9vben tags\u00e1g\u00e1val, s esetleg m\u00e1s m\u00f3don is t\u00e1mogatta a Bar\u00e1ti K\u00f6r tev\u00e9kenys\u00e9g\u00e9t.<br \/>\nEz \u00e9vben szint\u00e9n k\u00e9rj\u00fck t\u00e1mogat\u00e1s\u00e1t! <\/i><\/b><\/p>\n<p>Azzal a meggy\u0151z\u0151d\u00e9ssel ismertetj\u00fck <b>2013. eredm\u00e9nyeit<\/b> \u00e9s a <b>2014. \u00e9vi terveinket<\/b>, hogy ezek \u00f6r\u00f6meiben \u00d6n is sz\u00edvesen osztozik vel\u00fcnk, illetve tov\u00e1bbra is r\u00e9szt v\u00e1llal programjaink megval\u00f3s\u00edt\u00e1s\u00e1ban. Term\u00e9szetesen a Bar\u00e1ti K\u00f6r csup\u00e1n akkor tudja sikeresen fenntartani, s \u00fajabbakkal gyarap\u00edtani \u00e9rt\u00e9kteremt\u0151 tev\u00e9kenys\u00e9g\u00e9t, <b><u>ha \u00d6n t\u00e1mogatja a K\u00f6rt<\/u><\/b> a rendezv\u00e9nyek l\u00e1togat\u00e1s\u00e1val, a Semmelweis Egyetem \u00e9rt\u00e9kes hagyom\u00e1nyainak \u00e1pol\u00e1s\u00e1val, \u00faj hazai \u00e9s k\u00fclf\u00f6ldi tagok toborz\u00e1s\u00e1val, adom\u00e1nyoz\u00f3k szervez\u00e9s\u00e9vel, s <u>nem utols\u00f3sorban adom\u00e1nnyal<\/u> <i>(tov\u00e1bbi inform\u00e1ci\u00f3 a 6. oldalon tal\u00e1lhat\u00f3*)<\/i>. Minden tagunk b\u00fcszke lehet arra, hogy \u00e9vr\u0151l-\u00e9vre <b>\u00f6t k\u00fcl\u00f6nb\u00f6z\u0151, ma m\u00e1r k\u00f6zismert, p\u00e1ly\u00e1zhat\u00f3 Bar\u00e1ti K\u00f6r d\u00edjjal seg\u00edtj\u00fck<\/b>, serkentj\u00fck elitteljes\u00edtm\u00e9nyre mi is <b>az egyetemi ifj\u00fas\u00e1got<\/b>! A legut\u00f3bbi \u00e9vekben, k\u00f6zismert okokn\u00e1l fogva, <i>cs\u00f6kkent a bev\u00e9tel<\/i>, ez\u00e9rt csak akkor tudjuk folytatni az eddigi szinten a nagyszer\u0171 ifj\u00fas\u00e1gi programokat, ha e cs\u00f6kken\u0151 tendenci\u00e1t megford\u00edtjuk. A K\u00f6r hat\u00e9konys\u00e1g\u00e1nak elengedhetetlen felt\u00e9tele az is, hogy tov\u00e1bb n\u00f6velj\u00fck tagjaink l\u00e9tsz\u00e1m\u00e1t, s \u00d6n seg\u00edtsen a tagtoborz\u00e1sban. Hangs\u00falyozzuk, hogy <b>\u00e9letkorra \u00e9s foglalkoz\u00e1sra val\u00f3 tekintet n\u00e9lk\u00fcl tagjaink soraiba v\u00e1rjuk<\/b> mindazokat, akik b\u00e1rmilyen okb\u00f3l szimpatiz\u00e1lnak c\u00e9lkit\u0171z\u00e9seinkkel, s a Semmelweis Egyetemmel. A <u>Jelentkez\u00e9si lap<\/u> let\u00f6lthet\u0151 az internetes honlapunkr\u00f3l (www.baratikor.sote.hu), de k\u00e9rhet\u0151 \u2013 <u>befizet\u00e9si csekkel egy\u00fctt<\/u> \u2013 k\u00f6zvetlen\u00fcl is e-mailen (baratikor@semmelweis-univ.hu), vagy telefonon (210-2930\/56385) Hal\u00e1sz Andrea munkat\u00e1rsunkt\u00f3l. A Bar\u00e1ti K\u00f6r akt\u00edv tagl\u00e9tsz\u00e1ma jelenleg 626 f\u0151, a t\u00falnyom\u00f3 t\u00f6bbs\u00e9g \u00e9vi tagd\u00edjjal, sokan azt jelent\u0151sen meghalad\u00f3 \u00f6sszeg adom\u00e1nyoz\u00e1s\u00e1val, valamint szellemi munk\u00e1val t\u00e1mogatj\u00e1k tev\u00e9kenys\u00e9g\u00fcnket; <b><u>mindezt bar\u00e1ti k\u00f6sz\u00f6nettel nyugt\u00e1zzuk<\/u><\/b>.<\/p>\n<p><b>1.) <i><u>Eml\u00e9kezetes sikerrel tartottuk meg kultur\u00e1lis-tudom\u00e1nyos klub\u00f6sszej\u00f6veteleinket, valamint a m\u00fazeuml\u00e1togat\u00e1si programunkat 2013-ban is.<\/u><\/i><\/b> \u00c9lm\u00e9nyt ad\u00f3 prezent\u00e1ci\u00f3kkal tiszteltek meg benn\u00fcnket felk\u00e9rt kiv\u00e1l\u00f3 el\u0151ad\u00f3k, akiknek ez\u00faton k\u00fcl\u00f6n is kifejezz\u00fck k\u00f6sz\u00f6net\u00fcnket.<\/p>\n<p><i>A rendezv\u00e9nyek \u00e9vi programj\u00e1t, kronol\u00f3giai sorrendben, a k\u00f6vetkez\u0151kben foglaljuk \u00f6ssze:<\/i><\/p>\n<ul>\n<li>Janu\u00e1r 30.: Prof. emer. Dr. <i>Anderlik Piroska<\/i> <i>&#8222;Eml\u00e9kez\u00e9s Preisz Hug\u00f3ra, egyetem\u00fcnk egykori rektor\u00e1ra&#8221;<\/i>; Prof. Dr. <i>S\u00e1ndor J\u00f3zsef<\/i> <i>&#8222;A j\u00f6v\u0151 seb\u00e9szete&#8221;<\/i><\/li>\n<li>Febru\u00e1r 27. (Fogorvosi Tagozat): Dr. <i>T\u00f3th Zsuzsanna<\/i> egyetemi docens, d\u00e9k\u00e1nhelyettes <i>&#8222;Nem enged\u00fcnk a 32-b\u0151l!&#8221;<\/i>; Dr. <i>Lohinai Zsolt<\/i> egyetemi adjunktus <i>&#8222;Fogas k\u00e9rd\u00e9sek, tudom\u00e1nyos k\u00f6rk\u00e9p aktu\u00e1lis munk\u00e1inkr\u00f3l&#8221;<\/i><\/li>\n<li>M\u00e1rcius 27.: Prof. emer. Dr. <i>R\u00e9thelyi Mikl\u00f3s<\/i> <i>&#8222;K\u00e9t \u00e9v a Nemzeti Er\u0151forr\u00e1s Miniszt\u00e9rium \u00e9l\u00e9n&#8221;<\/i>; <i>Bukosza \u00c9va N\u00f3ra<\/i> szigorl\u00f3 orvostanhallgat\u00f3 <i>&#8222;Tanulm\u00e1nyutam Freiburgban&#8221;<\/i><\/li>\n<li>\u00c1prilis 24.: Prof. emer. Dr. <i>Hal\u00e1sz B\u00e9la<\/i> akad\u00e9mikus <i>&#8222;P\u00e1ly\u00e1m gy\u00f6kerei a Szent\u00e1gothai iskol\u00e1ban&#8221;<\/i>; Dr. <i>Domonkos Andor<\/i> PhD-hallgat\u00f3 (a Bar\u00e1ti K\u00f6r Kerpel d\u00edjasa, 2012) <i>&#8222;Glutam\u00e1t a szerotoninerg rendszerben&#8221;<\/i><\/li>\n<li>M\u00e1jus 24.: <i>L\u00e1togat\u00e1s a Terror H\u00e1za M\u00fazeumba (Alumni Irod\u00e1val k\u00f6z\u00f6s szervez\u00e9sben)<\/i><\/li>\n<li>M\u00e1jus 29.: Prof. Dr. <i>T\u00fary Ferenc<\/i> <i>&#8222;Citerasz\u00f3&#8221;<\/i>; Prof. Dr. <i>Kellermayer Mikl\u00f3s<\/i> <i>&#8222;Egyedi molekul\u00e1kt\u00f3l az organizmusig &#8211; P\u00e9cst\u0151l a Semmelweis Egyetemig&#8221;<\/i><\/li>\n<li>Szeptember 25.: Dr. <i>F\u0151zy Istv\u00e1n<\/i> paleontol\u00f3gus (Magyar Term\u00e9szettudom\u00e1nyi M\u00fazeum) <i>&#8222;B\u00e1r\u00f3 Nopcsa Ferenc \u00e9s a K\u00e1rp\u00e1t-medence dinoszauruszai&#8221;<\/i>; Dr. <i>Bikov Andr\u00e1s<\/i> (a Bar\u00e1ti K\u00f6r Dr. Bal\u00e1zs Dezs\u0151 \u00e9s Walter Julianna p\u00e1ly\u00e1zat\u00e1nak 2012. \u00e9vi d\u00edjazottja) <i>&#8222;A l\u00e9gutak non-invaz\u00edv vizsg\u00e1lata&#8221;<\/i><\/li>\n<li>Okt\u00f3ber 30.: Dr. <i>Varga Benedek<\/i> f\u0151igazgat\u00f3 (Semmelweis Orvost\u00f6rt\u00e9neti M\u00fazeum, K\u00f6nyvt\u00e1r \u00e9s Lev\u00e9lt\u00e1r) <i>&#8222;&#8216;A Semmelweis ikon&#8217; Egy ki\u00e1ll\u00edt\u00e1s gondolatai&#8221;<\/i>; Prof. emer. Dr. <i>Monos Emil<\/i> <i>&#8222;A Semmelweis serleg &#8211; t\u00f6rt\u00e9nete r\u00f6viden&#8221;<\/i><\/li>\n<li>November 27.: Prof. Dr. <i>Romics Imre<\/i> <i>&#8222;Az \u00e9n katedr\u00e1m az Urol\u00f3giai Klinik\u00e1n (1997-2012)&#8221;<\/i>; <i>Kolonics Ferenc<\/i> egyetemi hallgat\u00f3 (a Bar\u00e1ti K\u00f6r Kerpel d\u00edjasa, 2012) <i>&#8222;Szeptikus funkci\u00f3zavarok neutrofil granulocit\u00e1k m\u0171k\u00f6d\u00e9s\u00e9ben&#8221;<\/i><\/li>\n<\/ul>\n<p><b>2.) <u><i>2014. folyam\u00e1n is ig\u00e9nyes \u00e9s gazdag program v\u00e1r r\u00e1nk.<\/i><\/u> Felk\u00e9rt el\u0151ad\u00f3ink nev\u00e9t ABC sorrendben, el\u0151ad\u00e1saikat el\u0151zetes c\u00edmmel soroljuk fel:<\/b><\/p>\n<p><u><i>Nagyel\u0151ad\u00e1sok, m\u00fazeuml\u00e1togat\u00e1s:<\/i><\/u><\/p>\n<ul>\n<li>Prof. Dr. Acs\u00e1dy Gy\u00f6rgy <i>&#8222;Az \u00c9r- \u00e9s Sz\u00edvseb\u00e9szeti Klinika igazgat\u00f3ja voltam&#8221;<\/i><\/li>\n<li>Cs\u00e1ky P\u00e1l (Szlov\u00e1kia), a program el\u0151k\u00e9sz\u00fcletben <i>(&#8222;Szlov\u00e1kiai \u00e9s magyarorsz\u00e1gi egyetemek k\u00f6z\u00f6tti kapcsolatok&#8221;)<\/i><\/li>\n<li>Prof. Dr. Falus Andr\u00e1s akad\u00e9mikus <i>&#8222;Mit \u00f6r\u00f6kl\u00fcnk \u00e9s mit nem?&#8221;<\/i><\/li>\n<li>Prof. Dr. Hermann P\u00e9ter, a FOK d\u00e9k\u00e1nja (Fogorvosi Tagozat, febru\u00e1r) <i>&#8222;Fog\u00e1sz vagy fogorvos, ez itt a k\u00e9rd\u00e9s&#8221;<\/i><\/li>\n<li>Prof. Dr. Hunyady L\u00e1szl\u00f3 akad\u00e9mikus, az \u00c1OK d\u00e9k\u00e1nja <i>&#8222;A Kar ma \u00e9s holnap&#8221;<\/i> (\u0151sszel)<\/li>\n<li>Dr. Kiss L\u00e1szl\u00f3 (Szlov\u00e1kia) <i>&#8222;Az els\u0151k legjobbjai: Chernyei J\u00e1nos, Haidenreich Lajos \u00e9s Stipsics Ferdin\u00e1nd Nagyszombatban v\u00e9gzett doktorok eml\u00e9kezete&#8221;<\/i><\/li>\n<li>Dr. Kov\u00e1cs Andr\u00e1s urol\u00f3gus-seb\u00e9sz f\u0151orvos <i>&#8222;\u00c9letutam, amerre haladok&#8221;<\/i><\/li>\n<li>Madarassy Istv\u00e1n szobr\u00e1sz- \u00e9s \u00f6tv\u00f6sm\u0171v\u00e9sz <i>&#8222;Dante Isteni sz\u00ednj\u00e1t\u00e9ka t\u0171zecsettel&#8221;<\/i><\/li>\n<li>Dr. Menyhei M\u00e1ria <i>&#8222;Egy magyar orvosn\u0151 Jap\u00e1nban&#8221;<\/i><\/li>\n<li>Prof. Dr. Merkely B\u00e9la <i>&#8222;A kardiol\u00f3gia jelene \u00e9s j\u00f6v\u0151je Egyetem\u00fcnk\u00f6n&#8221;<\/i> (janu\u00e1r)<\/li>\n<li>Dr. Moln\u00e1r L\u00e1szl\u00f3 lev\u00e9lt\u00e1rvezet\u0151 <i>&#8222;Szent\u00e1gothai J\u00e1nos irathagyat\u00e9ka a Semmelweis Egyetem Lev\u00e9lt\u00e1r\u00e1ban&#8221;<\/i><\/li>\n<li>Prof. Dr. Rad\u00e1k Zsolt, a TF d\u00e9k\u00e1nja <i>&#8222;A TF jelene \u00e9s j\u00f6v\u0151je&#8221;<\/i><\/li>\n<li>Prof. Dr. Rosivall L\u00e1szl\u00f3 int\u00e9zetigazgat\u00f3 <i>&#8222;Vese-mese&#8221;<\/i><\/li>\n<li>Prof. Dr. T\u00f3th Mikl\u00f3s, el\u0151z\u0151 TF d\u00e9k\u00e1n <i>&#8222;Utam a TF d\u00e9k\u00e1ns\u00e1gig&#8221;<\/i><\/li>\n<li>Prof. Dr. W\u00e9ber Gy\u00f6rgy igazgat\u00f3 <i>&#8222;M\u0171t\u00e9ttan most \u00e9s 150 \u00e9vvel ezel\u0151tt&#8221;<\/i><\/li>\n<li><i>L\u00e1togat\u00e1s a Magyar Term\u00e9szettudom\u00e1nyi M\u00fazeumba Dr. F\u0151zy Istv\u00e1n f\u0151muzeol\u00f3gus t\u00e1rlatvezet\u00e9s\u00e9vel (Horosz \u00c1ronnal, az Alumni Iroda vezet\u0151j\u00e9vel k\u00f6z\u00f6s szervez\u00e9sben)<\/i><\/li>\n<\/ul>\n<p><b><i><u>R\u00f6vid programok terve:<\/u><\/i><\/b><\/p>\n<ul>\n<li>Prof. Dr. Anderlik Piroska <i>&#8222;Rektoraink s\u00edrjai&#8221;<\/i><\/li>\n<li>Bombera Krisztina riporter, m\u0171sorvezet\u0151 <i>&#8222;Mik\u00e9nt l\u00e1tom \u00e9n az Egyetem helyzet\u00e9t a h\u00edrvil\u00e1gban&#8221;<\/i><\/li>\n<li>Prof. Dr. G\u0151bl G\u00e1bor <i>&#8222;A helysz\u00edni ment\u0151ell\u00e1t\u00e1s k\u00e9rd\u00e9sei&#8221;<\/i><\/li>\n<li>Dr. H\u00e1betler Andr\u00e1s, a Magyar Operah\u00e1z tagja: <i>opera\u00e1ri\u00e1k<\/i><\/li>\n<li>Dr. Madlena Melinda <i>&#8222;Al dente &#8211; avagy a prevenci\u00f3 jelent\u0151s\u00e9ge \u00e9s lehet\u0151s\u00e9gei a stomatol\u00f3gi\u00e1ban&#8221;<\/i><\/li>\n<li>Dr. Moln\u00e1r B\u00e1lint egyetemi tan\u00e1rseg\u00e9d (Fogorvosi Tagozat, febru\u00e1r) <i>&#8222;Egyszeres \u00e9s t\u00f6bbsz\u00f6r\u00f6s \u00ednyrecesszi\u00f3k korszer\u0171 seb\u00e9szi rekonstrukci\u00f3s lehet\u0151s\u00e9gei&#8221;<\/i><\/li>\n<li>Dr. Pataki Gergely seb\u00e9sz \u00e9s plasztikai seb\u00e9sz szakorvos <i>&#8222;Magyar alap\u00edt\u00e1s\u00fa plasztikai seb\u00e9szeti misszi\u00f3 Bangladesben&#8221;<\/i><\/li>\n<li>Prof. Dr. R\u00e9thelyi Mikl\u00f3s <i>&#8222;Podhradszky Lajos orvos eml\u00e9kezete&#8221;<\/i><\/li>\n<li>A BK \u00e1ltal d\u00edjazott egyetemi PhD \u00e9s gradu\u00e1lis hallgat\u00f3k <i>r\u00f6vid szakmai, ill. kultur\u00e1lis prezent\u00e1ci\u00f3i<\/i><\/li>\n<\/ul>\n<p><b>3.) <i><u>Az egyetemi ifj\u00fas\u00e1g t\u00e1mogat\u00e1s\u00e1ra<\/u><\/i><\/b>, mint fentebb \u00edrtuk, 2013-ban is kiemelt hangs\u00falyt helyezt\u00fcnk:<\/p>\n<ul>\n<li>A <i>Dr. Bal\u00e1zs Dezs\u0151 \u00e9s Walter Julianna p\u00e1ly\u00e1zat keret\u00e9ben 100eFt-os d\u00edjat<\/i> nyert <i>Dr. Sz\u00e1sz A. Marcell<\/i>, a II. sz. Patol\u00f3giai Int\u00e9zet munkat\u00e1rsa, az Eur\u00f3pai Klinikai Onkol\u00f3gus T\u00e1rsas\u00e1g 2013 m\u00e1rcius\u00e1ban, Spanyolorsz\u00e1gban megrendezett szakmai kurzus\u00e1n val\u00f3 r\u00e9szv\u00e9tel\u00e9nek t\u00e1mogat\u00e1s\u00e1ra.<br \/>\nA Semmelweis Egyetem koll\u00e9giumainak f\u0151igazgat\u00f3ja, Dr. God\u00f3 Ferenc kezdem\u00e9nyez\u00e9s\u00e9re a <i>Bar\u00e1ti K\u00f6r \u00f6sszesen 4x25eFt-os d\u00edjjal jutalmazta a 2013. \u00e9vi Kor\u00e1nyi Frigyes Tudom\u00e1nyos F\u00f3rum n\u00e9gy szekci\u00f3j\u00e1nak 1-1 kiv\u00e1l\u00f3 teljes\u00edtm\u00e9nyt ny\u00fajt\u00f3 di\u00e1kszerepl\u0151j\u00e9t.<\/i><br \/>\nA d\u00edjakat a Semmelweis Egyetem m\u00e1rcius 14-i \u00fcnneps\u00e9g\u00e9n adtuk \u00e1t.<\/li>\n<li>A <i>Doktorandusz (PhD) Kiv\u00e1l\u00f3s\u00e1gi D\u00edj<\/i> \u00fcnnep\u00e9lyes \u00e1tad\u00e1sa a Dies Academicus-on, november 16-\u00e1n t\u00f6rt\u00e9nt.<br \/>\n<i>100eFt-os d\u00edjat nyert Dr. Nguyen Minh Tu<\/i> az Orvosi Vegytani, Molekul\u00e1ris Biol\u00f3giai \u00e9s Patobiok\u00e9miai Int\u00e9zet munkat\u00e1rsa, doktori t\u00e9mavezet\u0151je Dr. S\u0151ti Csaba. D\u00edjazott k\u00f6zlem\u00e9ny\u00e9ben kimutatta, hogy a Hsp90 feh\u00e9rje a zs\u00edrsejtek fejl\u0151d\u00e9s\u00e9nek kritikus regul\u00e1tora, amelynek hi\u00e1ny\u00e1ban destabiliz\u00e1l\u00f3dik \u00e9s lebomlik a PPARgamma nukle\u00e1ris receptor, \u00e9s megsz\u0171nik az \u00e1ltala ir\u00e1ny\u00edtott feh\u00e9rj\u00e9k expresszi\u00f3ja. A k\u00f6zlem\u00e9ny a Nature csoporthoz tartoz\u00f3, 8,3-as impakt faktor\u00fa Cell Death and Differentiation c. foly\u00f3iratban jelent meg.<br \/>\nUgyancsak <i>100eFt-os d\u00edjat nyert Dr. Tim\u00e1r Csaba<\/i> az \u00c9lettani Int\u00e9zet munkat\u00e1rsa, doktori t\u00e9mavezet\u0151je Prof. Dr. Ligeti Erzs\u00e9bet. D\u00edjazott k\u00f6zlem\u00e9ny\u00e9ben le\u00edrta a neutrofil granulocita-eredet\u0171 bakt\u00e9rium-ellenes hat\u00e1s\u00fa mikrovezikulumok keletkez\u00e9s\u00e9t, \u00e9s az eddig ismert mechanizmusokt\u00f3l teljesen elt\u00e9r\u0151 g\u00e1tl\u00f3 hat\u00e1sukat a bakt\u00e9rium-n\u00f6veked\u00e9sre. A k\u00f6zlem\u00e9ny a Blood <i>c\u00edm\u0171, 9 feletti impakt faktor\u00fa foly\u00f3iratban jelent meg.<\/i><\/li>\n<li>A <i>Kerpel-Fronius Tehets\u00e9ggondoz\u00f3 Kiv\u00e1l\u00f3s\u00e1gi D\u00edj<\/i> \u00fcnnep\u00e9lyes \u00e1tad\u00e1s\u00e1ra a Kerpel Napon, 2013. november 28-\u00e1n ker\u00fclt sor; a <i>k\u00e9t 50eFt-os d\u00edjat T\u00f3th-Vajna Zsombor \u00e9s T\u00f3th-Vajna Gergely<\/i> kapta.<\/li>\n<\/ul>\n<p><b>4.) <u><i>A Bar\u00e1ti K\u00f6r ifj\u00fas\u00e1gi d\u00edjait 2014-ben ism\u00e9t \u00f6t \u00e1gon szeretn\u00e9nk meghirdetni! Ezek:<\/i><\/u><\/b><\/p>\n<ul>\n<li>A hagyom\u00e1nyos <i>Dr. Bal\u00e1zs Dezs\u0151 \u00e9s Walter Julianna ifj\u00fas\u00e1gi p\u00e1ly\u00e1zat<\/i>: 60-80-100eFt-os d\u00edjak.<\/li>\n<li><i>Az egyetemi testnevel\u00e9s t\u00e1mogat\u00e1sa<\/i>: 250eFt.<\/li>\n<li>2x100eFt-os <i>d\u00edj kiv\u00e1l\u00f3 doktorandusz (PhD) hallgat\u00f3k jutalmaz\u00e1s\u00e1ra<\/i> \u2013 a Semmelweis Egyetem Doktori Tan\u00e1cs\u00e1val egy\u00fcttm\u0171k\u00f6dve.<\/li>\n<li>A Kerpel-Fronius Tehets\u00e9ggondoz\u00f3 Program t\u00e1mogat\u00e1sa 2x50eFt-os <i>Kiv\u00e1l\u00f3s\u00e1gi D\u00edjjal<\/i> \u2013 egy\u00fcttm\u0171k\u00f6d\u00e9s a Kerpel-Fronius Program Tan\u00e1ccsal.<\/li>\n<li>A Kor\u00e1nyi Frigyes Tudom\u00e1nyos F\u00f3rum <i>kiv\u00e1l\u00f3 teljes\u00edtm\u00e9nyt ny\u00fajt\u00f3 di\u00e1kszerepl\u0151inek jutalmaz\u00e1sa<\/i>: 4x25eFt \u2013 a F\u00f3rum zs\u0171rij\u00e9nek javaslata alapj\u00e1n.<\/li>\n<\/ul>\n<p>(Sajnos reduk\u00e1lnunk kell a jelzett \u00f6sszegeket az esetben, ha nem n\u00f6vekszik a bev\u00e9tel\u00fcnk!)<\/p>\n<p><b>5.)<\/b> A <b><u><i>Semmelweis Napi<\/i><\/u><\/b> egyetemi \u00fcnneps\u00e9g keret\u00e9ben, a Bar\u00e1ti K\u00f6r k\u00e9pvisel\u0151i \u2013 Prof. Dr. Rosivall L\u00e1szl\u00f3, Prof. Dr. Schmidt P\u00e9ter \u00e9s Prof. emer. Dr. Monos Emil &#8211; is helyeztek el <i>koszor\u00fat a bels\u0151 telepi Semmelweis szobor el\u0151tt<\/i>. 2014-ben szint\u00e9n tervezz\u00fck a koszor\u00faz\u00e1st.<\/p>\n<p><b>6.)<\/b> A T\u00e1rsas\u00e1gi T\u00f6rv\u00e9ny szerinti alapszab\u00e1lyunkat k\u00f6vetve, 2013-ban is megtartottuk a Bar\u00e1ti K\u00f6r k\u00e9t <b><u><i>Vezet\u0151s\u00e9gi \u00e9s Fel\u00fcgyel\u0151 Bizotts\u00e1gi \u00fcl\u00e9s\u00e9t<\/i><\/u><\/b> (V. 29. \u00e9s X. 30.), valamint <b><u><i>K\u00f6zgy\u0171l\u00e9s\u00e9t<\/i><\/u><\/b> (XI. 27.), amely egyhang\u00falag j\u00f3v\u00e1hagyta a Vezet\u0151s\u00e9g tev\u00e9kenys\u00e9g\u00e9t (a jegyz\u0151k\u00f6nyvek megtekinthet\u0151k a Bar\u00e1ti K\u00f6r irod\u00e1j\u00e1ban).<\/p>\n<p><b>7.) <u><i>Internetes honlapunk<\/i><\/u><\/b> (www.baratikor.sote.hu) m\u0171k\u00f6dtet\u00e9se, <i>gyarap\u00edt\u00e1sa<\/i> tov\u00e1bbra is folyik, a K\u00f6zgy\u0171l\u00e9s jegyz\u0151k\u00f6nyvbe foglalta k\u00f6sz\u00f6net\u00e9t a k\u00f6zrem\u0171k\u00f6d\u0151 t\u00e1rsainknak sz\u00ednvonalas, \u00f6nzetlen munk\u00e1juk\u00e9rt. Az <i>internetes port\u00e1l<\/i> n\u00e9lk\u00fcl\u00f6zhetetlen h\u00edrm\u00e9di\u00e1nk. \u00c9rt\u00e9k\u00e1pol\u00f3 \u00e9s \u00e9rt\u00e9kfelt\u00e1r\u00f3 adatb\u00e1zis is ez, folyamatosan gyarap\u00edtjuk. A K\u00f6rrel kapcsolatos \u00e1ltal\u00e1nos t\u00e1j\u00e9koztat\u00e1s <i>(Vezet\u0151s\u00e9g, T\u00f6rt\u00e9net, Alapszab\u00e1ly, Bel\u00e9p\u00e9si nyilatkozat)<\/i> \u00e9s naprak\u00e9sz \u00faj inform\u00e1ci\u00f3k mellett hozz\u00e1f\u00e9rhet\u0151 a rektorok, a d\u00e9k\u00e1nok, az els\u0151 tansz\u00e9kvezet\u0151k, illetve int\u00e9zetigazgat\u00f3k, valamint a K\u00f6r eln\u00f6keinek <i>Gal\u00e9ri\u00e1ja<\/i> (k\u00e9tsz\u00e1z felett a portr\u00e9k-\u00e9letrajzok sz\u00e1ma), tov\u00e1bb\u00e1 sz\u00e1mos egyetemi int\u00e9zet\u00fcnk <i>elektronikus m\u00fazeuma (\u00fajabban kieg\u00e9sz\u00edtve t\u00f6rt\u00e9neti kronol\u00f3gi\u00e1ikkal)<\/i> \u00e9s sok, elhangzott \u00e9rt\u00e9kes el\u0151ad\u00e1s k\u00e9pekkel gazdagon dokument\u00e1lt, szerkesztett v\u00e1ltozata. Dr. Moln\u00e1r L\u00e1szl\u00f3 (K\u00f6zponti Lev\u00e9lt\u00e1r) vezet\u0151s\u00e9gi tagunk \u00e9s Dr. Kov\u00e1cs \u00c9va (Nyelvi Kommunik\u00e1ci\u00f3s K\u00f6zpont) ir\u00e1ny\u00edt\u00e1s\u00e1val tov\u00e1bb folyik a Gal\u00e9ria adatainak b\u0151v\u00edt\u00e9se is, valamint angol v\u00e1ltozat\u00e1nak fejleszt\u00e9se (az angol nyelv\u0171 <i>D\u00e9k\u00e1nok<\/i> gal\u00e9ri\u00e1ja ez \u00e9vben m\u00e1r megny\u00edlt).<\/p>\n<p><b>8.) <u><i>A Semmelweis Egyetem<\/i><\/u><\/b> \u00fajs\u00e1g fontos &#8222;sz\u00f3cs\u00f6ve&#8221; a K\u00f6rnek. A Szerkeszt\u0151bizotts\u00e1g tiszteletbeli eln\u00f6ke, Prof. emer. Dr. Don\u00e1th Tibor a Szerkeszt\u0151s\u00e9g munkat\u00e1rsaival egy\u00fctt, fokozott figyelemmel gondozz\u00e1k h\u00edreinket, besz\u00e1mol\u00f3inkat. Minden klubtal\u00e1lkoz\u00f3n d\u00edjtalanul hozz\u00e1 lehet jutni a lap leg\u00fajabb p\u00e9ld\u00e1nyaihoz, elektronikus v\u00e1ltozata pedig el\u00e9rhet\u0151 az interneten honlapunk r\u00e9v\u00e9n (www.baratikor.sote.hu: &#8222;Kapcsolatok&#8221; men\u00fcpont). A Bar\u00e1ti K\u00f6r K\u00f6zgy\u0171l\u00e9se k\u00fcl\u00f6n kifejezte k\u00f6sz\u00f6net\u00e9t <i>Don\u00e1th professzornak<\/i> a rendezv\u00e9nyeinkr\u0151l \u00edrt \u00e9rt\u00e9kes tud\u00f3s\u00edt\u00e1sok\u00e9rt, melyek egy r\u00e9sze m\u00e1r be\u00e9p\u00fclt a <i>&#8222;Kr\u00f3nik\u00e1s is voltam a Semmelweis Egyetemen&#8221;<\/i> c\u00edm\u0171, 2013-ban megjelent \u00e9rt\u00e9kes k\u00f6nyv\u00e9be (Semmelweis Kiad\u00f3). Egy\u00fcttm\u0171k\u00f6d\u00e9si lehet\u0151s\u00e9g\u00fcnk a <i><b><u>Szinapszis<\/u><\/b> hallgat\u00f3i lappal<\/i> is eml\u00edt\u00e9sre \u00e9rdemes.<\/p>\n<p><b>9.)<\/b> Tov\u00e1bbra is nyitottak maradunk, hogy \u00e1poljuk, fejlessz\u00fck a <b><u><i>kapcsolatokat hazai \u00e9s k\u00fclf\u00f6ldi t\u00e1rsas\u00e1gokkal, int\u00e9zm\u00e9nyekkel, szervezetekkel<\/i><\/u><\/b>, \u00edgy a t\u00e1rsegyetemekkel, a Magyar Orvost\u00f6rt\u00e9nelmi T\u00e1rsas\u00e1ggal, a Semmelweis M\u00fazeummal \u00e9s K\u00f6nyvt\u00e1rral, a Magyar Orvosok Nemzetk\u00f6zi Akad\u00e9mi\u00e1j\u00e1val (WHMA), a D\u00fcsseldorfi Semmelweis T\u00e1rsas\u00e1ggal, az Amerikai-Magyar Orvossz\u00f6vets\u00e9ggel (HMAA), a Finn-Magyar-\u00c9szt Orvos T\u00e1rsas\u00e1ggal.<\/p>\n<p>Egyetem\u00fcnk <i>Alumni Irod\u00e1j\u00e1val<\/i> tov\u00e1bbra is \u00e9l\u0151 az egy\u00fcttm\u0171k\u00f6d\u00e9s. Egyeztetj\u00fck \u00e9s saj\u00e1t h\u00edrfel\u00fcleteinken (honlap, e-mail) egy\u00fctt hirdetj\u00fck a k\u00f6vetkez\u0151ket: <i>Bar\u00e1ti K\u00f6r havi \u00f6sszej\u00f6vetelei, Alumni kultur\u00e1lis programjai, Alumni kir\u00e1ndul\u00e1sai<\/i> (http:\/\/alumni.semmelweis-egyetem.hu). A Terror H\u00e1za M\u00fazeum l\u00e1togat\u00e1s\u00e1t k\u00f6z\u00f6sen szervezt\u00fck 2013-ban, ez \u00e9vben pedig a Magyar Term\u00e9szettudom\u00e1nyi M\u00fazeum k\u00f6vetkezik.<\/p>\n<p><b>10.)<\/b> A Bar\u00e1ti K\u00f6r programjainak megval\u00f3s\u00edt\u00e1s\u00e1hoz n\u00e9lk\u00fcl\u00f6zhetetlen forr\u00e1s a <b><u><i>rendszeres szolg\u00e1ltat\u00e1sok biztos\u00edt\u00e1sa az Egyetem int\u00e9zm\u00e9nyei r\u00e9sz\u00e9r\u0151l \u2013 mindezek\u00e9rt h\u00e1l\u00e1s k\u00f6sz\u00f6net\u00fcnket fejezz\u00fck ki<\/i><\/u><\/b>, k\u00fcl\u00f6n\u00f6sen a k\u00f6vetkez\u0151knek (ABC sorrendben): <i>Aknai K\u00e1rolyn\u00e9<\/i> p\u00e9nzt\u00e1ros, <i>Heged\u0171s Judit<\/i>, illetve <i>dr. M\u00e9sz\u00e1ros Gy\u00f6rgy<\/i> az EOK el\u0151z\u0151, illetve jelenlegi igazgat\u00f3ja \u00e9s munkat\u00e1rsaik, <i>Dr. Moln\u00e1r L\u00e1szl\u00f3<\/i> a K\u00f6zponti Lev\u00e9lt\u00e1r vezet\u0151je \u00e9s munkat\u00e1rsai, <i>Prof. Dr. Sz\u00e9l \u00c1goston<\/i> a <i>Semmelweis Egyetem rektora<\/i> \u00e9s szakmai-adminisztrat\u00edv-gazdas\u00e1gi munkat\u00e1rsai, <i>Dr. T\u00e1ncos L\u00e1szl\u00f3<\/i> a Semmelweis Kiad\u00f3 igazgat\u00f3ja \u00e9s munkat\u00e1rsai.<\/p>\n<p>E helyen <b><u><i>k\u00fcl\u00f6n is k\u00f6sz\u00f6netet mondunk mindazoknak, akik a minimum tagd\u00edj feletti befizet\u00e9sekkel t\u00e1mogatt\u00e1k, illetve t\u00e1mogatj\u00e1k k\u00f6z\u00f6s c\u00e9ljaink megval\u00f3s\u00edt\u00e1s\u00e1t, s ezt fokozott m\u00e9rt\u00e9kben k\u00e9rj\u00fck 2014-ben!<\/i><\/u><\/b><\/p>\n<p><b><u><i>K\u00fcl\u00f6n k\u00f6sz\u00f6net illeti az Eg\u00e9szs\u00e9ges Nemzed\u00e9k\u00e9rt Alap\u00edtv\u00e1nyt a szponzori t\u00e1mogat\u00e1s\u00e9rt.<\/i><\/u><\/b><\/p>\n<p><b><i>\u00daj\u00e9vi j\u00f3k\u00edv\u00e1ns\u00e1gainkat meger\u0151s\u00edtve, szeretettel v\u00e1rjuk a szem\u00e9lyes tal\u00e1lkoz\u00e1sokat \u00d6nnel, szeretteivel, munkat\u00e1rsaival a K\u00f6r rendezv\u00e9nyein!<\/i><\/b><\/p>\n<p><b><i>Sok \u00fcdv\u00f6zlettel, a Bar\u00e1ti K\u00f6r Vezet\u0151s\u00e9g\u00e9nek minden tagja nev\u00e9ben,<\/i><\/b><\/p>\n<p>Budapest, 2014. janu\u00e1r 2.<\/p>\n<p>&nbsp;<\/p>\n<div align=\"right\">\n<table cellspacing=\"0\" cellpadding=\"0\">\n<tbody>\n<tr>\n<td style=\"border-style: hidden\">\n<div align=\"center\">Prof. emer. Dr. Monos Emil<br \/>\na Bar\u00e1ti K\u00f6r eln\u00f6ke<\/div>\n<\/td>\n<\/tr>\n<\/tbody>\n<\/table>\n<\/div>\n<p>&nbsp;<\/p>\n<p><i>* A Bar\u00e1ti K\u00f6r m\u0171k\u00f6d\u00e9s\u00e9nek fenntart\u00e1sa \u2013 az Egyetem \u00e1ltal ny\u00fajtott t\u00e1mogat\u00e1s mellett \u2013 a tags\u00e1g \u00e1ltal fizetett tagd\u00edj, illetve adom\u00e1nyok seg\u00edts\u00e9g\u00e9vel t\u00f6rt\u00e9nik. A tagd\u00edj c\u00edm\u00e9n javasolt t\u00e1mogat\u00e1s \u00f6sszege magyar \u00e1llampolg\u00e1rs\u00e1g\u00fa akt\u00edv dolgoz\u00f3k eset\u00e9ben legal\u00e1bb 1500Ft\/\u00e9v, nyugd\u00edjasok \u00e9s egyetemi hallgat\u00f3k eset\u00e9ben pedig legal\u00e1bb 500Ft\/\u00e9v. (K\u00e9rj\u00fck, hogy a mell\u00e9kelt csekken t\u00f6rt\u00e9n\u0151 befizet\u00e9s lehet\u0151leg m\u00e9g janu\u00e1r-febru\u00e1r folyam\u00e1n megt\u00f6rt\u00e9nj\u00e9k, \u00edgy cs\u00f6kkenthet\u0151 a banki kezel\u00e9si k\u00f6lts\u00e9g.)<br \/>\nK\u00fclf\u00f6ld\u00f6n \u00e9l\u0151 akt\u00edv dolgoz\u00f3 tagjainknak legal\u00e1bb 50 USD\/\u00e9v, nyugd\u00edjas tagok eset\u00e9ben pedig 20USD\/\u00e9v, illetve a megfelel\u0151 forint, vagy euro \u00f6sszeg\u0171 tagd\u00edj javasolt. A befizet\u00e9s k\u00fclf\u00f6ldr\u0151l t\u00f6rt\u00e9nhet lev\u00e9lben k\u00fcld\u00f6tt szem\u00e9lyi csekk r\u00e9v\u00e9n &#8222;Semmelweis University Alumni Association \u2013 Bar\u00e1ti K\u00f6r&#8221; megjel\u00f6l\u00e9ssel (bor\u00edt\u00e9k mell\u00e9kelve); banki \u00e1tutal\u00e1s eset\u00e9n pedig az al\u00e1bbi c\u00edmre: <\/i><\/p>\n<div><i> Magyar K\u00fclkereskedelmi Bank Zrt. (1056 Budapest, V\u00e1ci utca 38.)<br \/>\nSOTE Bar\u00e1ti K\u00f6r (1085 Budapest, \u00dcll\u0151i \u00fat 26.)<br \/>\nSz\u00e1mlasz\u00e1m: 10300002-20314006-00003285<br \/>\n(SWIFT-k\u00f3d: MKKB HU HB)<br \/>\n(IBAN sz\u00e1m: HU09 1030 0002 2031 4006 0000 3285) <\/i><\/div>\n<p align=\"center\"><a href=\"https:\/\/semmelweis.hu\/baratikor\/files\/2023\/03\/2014_01_10_ujevi_tajekoztato_korlevel_2014_januar_21.doc\">Let\u00f6lthet\u0151 anyag<\/a><\/p>\n","protected":false},"excerpt":{"rendered":"<p>A Semmelweis Egyetem Bar\u00e1ti K\u00f6re eln\u00f6k\u00e9nek t\u00e1j\u00e9koztat\u00f3 k\u00f6rlevele &#8211; 2014. TISZTELT TAGT\u00c1RSUNK Bar\u00e1ti szeretettel k\u00edv\u00e1njuk, hogy 2014 EREDM\u00c9NYEKBEN \u00c9S \u00d6R\u00d6M\u00d6KBEN b\u0151velked\u0151 esztend\u0151 legyen az \u00d6N \u00c9S SZERETTEI SZ\u00c1M\u00c1RA! Sz\u00edvb\u0151l k\u00f6sz\u00f6nj\u00fck, hogy az elm\u00falt \u00e9vben tags\u00e1g\u00e1val, s esetleg m\u00e1s m\u00f3don is t\u00e1mogatta a Bar\u00e1ti K\u00f6r tev\u00e9kenys\u00e9g\u00e9t. Ez \u00e9vben szint\u00e9n k\u00e9rj\u00fck t\u00e1mogat\u00e1s\u00e1t! Azzal a meggy\u0151z\u0151d\u00e9ssel ismertetj\u00fck 2013. &hellip;<\/p>\n","protected":false},"author":282,"featured_media":0,"comment_status":"closed","ping_status":"closed","sticky":false,"template":"","format":"standard","meta":{"_acf_changed":false,"footnotes":""},"categories":[1],"tags":[],"class_list":["post-3256","post","type-post","status-publish","format-standard","hentry","category-hirek"],"acf":[],"_links":{"self":[{"href":"https:\/\/semmelweis.hu\/baratikor\/wp-json\/wp\/v2\/posts\/3256","targetHints":{"allow":["GET"]}}],"collection":[{"href":"https:\/\/semmelweis.hu\/baratikor\/wp-json\/wp\/v2\/posts"}],"about":[{"href":"https:\/\/semmelweis.hu\/baratikor\/wp-json\/wp\/v2\/types\/post"}],"author":[{"embeddable":true,"href":"https:\/\/semmelweis.hu\/baratikor\/wp-json\/wp\/v2\/users\/282"}],"replies":[{"embeddable":true,"href":"https:\/\/semmelweis.hu\/baratikor\/wp-json\/wp\/v2\/comments?post=3256"}],"version-history":[{"count":1,"href":"https:\/\/semmelweis.hu\/baratikor\/wp-json\/wp\/v2\/posts\/3256\/revisions"}],"predecessor-version":[{"id":3258,"href":"https:\/\/semmelweis.hu\/baratikor\/wp-json\/wp\/v2\/posts\/3256\/revisions\/3258"}],"wp:attachment":[{"href":"https:\/\/semmelweis.hu\/baratikor\/wp-json\/wp\/v2\/media?parent=3256"}],"wp:term":[{"taxonomy":"category","embeddable":true,"href":"https:\/\/semmelweis.hu\/baratikor\/wp-json\/wp\/v2\/categories?post=3256"},{"taxonomy":"post_tag","embeddable":true,"href":"https:\/\/semmelweis.hu\/baratikor\/wp-json\/wp\/v2\/tags?post=3256"}],"curies":[{"name":"wp","href":"https:\/\/api.w.org\/{rel}","templated":true}]}}