{"id":2966,"date":"2016-05-08T13:29:18","date_gmt":"2016-05-08T11:29:18","guid":{"rendered":"https:\/\/semmelweis.hu\/baratikor\/?p=2966"},"modified":"2023-09-29T10:36:48","modified_gmt":"2023-09-29T08:36:48","slug":"a-barati-kor-ifjusagi-dijainak-atadasa-2016-marcius-11-en","status":"publish","type":"post","link":"https:\/\/semmelweis.hu\/baratikor\/2016\/05\/08\/a-barati-kor-ifjusagi-dijainak-atadasa-2016-marcius-11-en\/","title":{"rendered":"A Bar\u00e1ti K\u00f6r ifj\u00fas\u00e1gi D\u00edjainak \u00e1tad\u00e1sa 2016. m\u00e1rcius 11-\u00e9n"},"content":{"rendered":"<p style=\"text-align: justify\" align=\"center\"><b>Az 1848\/49-es forradalom \u00e9s szabads\u00e1gharc 168. \u00e9vfordul\u00f3ja alkalm\u00e1b\u00f3l rendezett egyetemi \u00fcnnep\u00e9ly keret\u00e9ben ker\u00fclt sor a Bar\u00e1ti K\u00f6r ifj\u00fas\u00e1gi d\u00edjainak \u00e1tad\u00e1s\u00e1ra 2016. m\u00e1rcius 11-\u00e9n az Elm\u00e9leti Orvostudom\u00e1nyi K\u00f6zpont Szent-Gy\u00f6rgyi Albert el\u0151ad\u00f3term\u00e9ben.<\/b><\/p>\n<p style=\"text-align: justify\"><b><u>Narr\u00e1tor:<\/u><\/b><\/p>\n<p style=\"text-align: justify\">A Semmelweis Egyetem t\u00f6bb mint f\u00e9lezer tagot sz\u00e1ml\u00e1l\u00f3 Bar\u00e1ti K\u00f6r\u00e9nek f\u0151 c\u00e9ljai k\u00f6z\u00f6tt szerepel, hogy eszmei \u00e9s anyagi eszk\u00f6z\u00f6kkel seg\u00edtse a tehets\u00e9ges egyetemi hallgat\u00f3k szellemi \u00e9s lelki nevel\u00e9s\u00e9t, fizikai edzetts\u00e9g\u00e9t, elitteljes\u00edtm\u00e9ny\u00e9t. Ez\u00e9rt a Bar\u00e1ti K\u00f6r 2016-ban is meghirdette ifj\u00fas\u00e1gi tagjai r\u00e9sz\u00e9re a \u201eDr. Bal\u00e1zs Dezs\u0151 \u00e9s Walter Julianna\u201d p\u00e1ly\u00e1zatot.<br \/>\nFelk\u00e9rem Dr. Monos Emil professzor urat, a Bar\u00e1ti K\u00f6r eln\u00f6k\u00e9t \u00e9s Dr. N\u00e9medy Edit f\u0151orvos asszonyt, a Bar\u00e1ti K\u00f6r vezet\u0151s\u00e9gi tagj\u00e1t, f\u00e1radjanak ki a d\u00edjak \u00e1tad\u00e1s\u00e1hoz. K\u00e9rem a d\u00edjazottakat, hogy nev\u00fck elhangz\u00e1sakor j\u00f6jjenek ki \u00e1tvenni a d\u00edjat igazol\u00f3 Eml\u00e9klapot.<\/p>\n<p style=\"text-align: justify\">120 000 Ft-os d\u00edjat nyert <b>Dr. Szab\u00f3 B\u00e1lint Gergely<\/b> (Szent L\u00e1szl\u00f3 K\u00f3rh\u00e1z, I. sz\u00e1m\u00fa Infektol\u00f3giai Oszt\u00e1ly), melyb\u0151l r\u00e9szt vehet az Amszterdamban 2016. \u00e1prilis 9-12. k\u00f6z\u00f6tt megrendez\u00e9sre ker\u00fcl\u0151 26. ECCMID-en (26th European Congress of Clinical Microbiology and Infectious Diseases).<\/p>\n<p style=\"text-align: justify\">A Bar\u00e1ti K\u00f6r vezet\u0151s\u00e9ge ebben az \u00e9vben is oda\u00edt\u00e9lt k\u00e9t tov\u00e1bbi &#8211; rendk\u00edv\u00fcli \u2013 ifj\u00fas\u00e1gi d\u00edjat. A Semmelweis Egyetem koll\u00e9giumainak igazgat\u00f3ja, <b>Dr. God\u00f3 Ferenc<\/b> kezdem\u00e9nyez\u00e9s\u00e9re a Bar\u00e1ti K\u00f6r 120 000 Ft-tal jutalmazza majd az idei Kor\u00e1nyi Frigyes Tudom\u00e1nyos F\u00f3rum kiv\u00e1l\u00f3 teljes\u00edtm\u00e9nyt ny\u00fajt\u00f3 hallgat\u00f3it. Az ezt igazol\u00f3 Eml\u00e9klapot <b>P\u00e1lya Fanni veszi \u00e1t<\/b> Dr. God\u00f3 Ferenc megb\u00edz\u00e1s\u00e1b\u00f3l.<\/p>\n<p style=\"text-align: justify\">Egyetem\u00fcnk Testnevel\u00e9si \u00e9s Sportk\u00f6zpontj\u00e1nak igazgat\u00f3ja, <b>V\u00e1rszegi Korn\u00e9lia<\/b> p\u00e1ly\u00e1zat\u00e1ra a Bar\u00e1ti K\u00f6r 250 000 Ft-ot biztos\u00edt az egyetemi hallgat\u00f3k testnevel\u00e9s\u00e9nek \u00e9s szabadid\u0151 sportj\u00e1nak fejleszt\u00e9s\u00e9re. K\u00e9rem <b>Fodor \u00c1kos<\/b> igazgat\u00f3 helyettes urat, hogy V\u00e1rszegi Korn\u00e9lia megb\u00edz\u00e1s\u00e1b\u00f3l vegye \u00e1t az Eml\u00e9klapot.<\/p>\n<p style=\"text-align: justify\">Minden kit\u00fcntetettnek sz\u00edvb\u0151l gratul\u00e1lunk!<\/p>\n","protected":false},"excerpt":{"rendered":"<p>Az 1848\/49-es forradalom \u00e9s szabads\u00e1gharc 168. \u00e9vfordul\u00f3ja alkalm\u00e1b\u00f3l rendezett egyetemi \u00fcnnep\u00e9ly keret\u00e9ben ker\u00fclt sor a Bar\u00e1ti K\u00f6r ifj\u00fas\u00e1gi d\u00edjainak \u00e1tad\u00e1s\u00e1ra 2016. m\u00e1rcius 11-\u00e9n az Elm\u00e9leti Orvostudom\u00e1nyi K\u00f6zpont Szent-Gy\u00f6rgyi Albert el\u0151ad\u00f3term\u00e9ben. Narr\u00e1tor: A Semmelweis Egyetem t\u00f6bb mint f\u00e9lezer tagot sz\u00e1ml\u00e1l\u00f3 Bar\u00e1ti K\u00f6r\u00e9nek f\u0151 c\u00e9ljai k\u00f6z\u00f6tt szerepel, hogy eszmei \u00e9s anyagi eszk\u00f6z\u00f6kkel seg\u00edtse a tehets\u00e9ges egyetemi hallgat\u00f3k &hellip;<\/p>\n","protected":false},"author":282,"featured_media":0,"comment_status":"closed","ping_status":"closed","sticky":false,"template":"","format":"standard","meta":{"_acf_changed":false,"footnotes":""},"categories":[1],"tags":[],"class_list":["post-2966","post","type-post","status-publish","format-standard","hentry","category-hirek"],"acf":[],"_links":{"self":[{"href":"https:\/\/semmelweis.hu\/baratikor\/wp-json\/wp\/v2\/posts\/2966","targetHints":{"allow":["GET"]}}],"collection":[{"href":"https:\/\/semmelweis.hu\/baratikor\/wp-json\/wp\/v2\/posts"}],"about":[{"href":"https:\/\/semmelweis.hu\/baratikor\/wp-json\/wp\/v2\/types\/post"}],"author":[{"embeddable":true,"href":"https:\/\/semmelweis.hu\/baratikor\/wp-json\/wp\/v2\/users\/282"}],"replies":[{"embeddable":true,"href":"https:\/\/semmelweis.hu\/baratikor\/wp-json\/wp\/v2\/comments?post=2966"}],"version-history":[{"count":1,"href":"https:\/\/semmelweis.hu\/baratikor\/wp-json\/wp\/v2\/posts\/2966\/revisions"}],"predecessor-version":[{"id":2967,"href":"https:\/\/semmelweis.hu\/baratikor\/wp-json\/wp\/v2\/posts\/2966\/revisions\/2967"}],"wp:attachment":[{"href":"https:\/\/semmelweis.hu\/baratikor\/wp-json\/wp\/v2\/media?parent=2966"}],"wp:term":[{"taxonomy":"category","embeddable":true,"href":"https:\/\/semmelweis.hu\/baratikor\/wp-json\/wp\/v2\/categories?post=2966"},{"taxonomy":"post_tag","embeddable":true,"href":"https:\/\/semmelweis.hu\/baratikor\/wp-json\/wp\/v2\/tags?post=2966"}],"curies":[{"name":"wp","href":"https:\/\/api.w.org\/{rel}","templated":true}]}}