{"id":2859,"date":"2017-04-26T09:41:55","date_gmt":"2017-04-26T07:41:55","guid":{"rendered":"https:\/\/semmelweis.hu\/baratikor\/?p=2859"},"modified":"2023-09-29T10:36:46","modified_gmt":"2023-09-29T08:36:46","slug":"meghivo-2017-aprilis-26","status":"publish","type":"post","link":"https:\/\/semmelweis.hu\/baratikor\/2017\/04\/26\/meghivo-2017-aprilis-26\/","title":{"rendered":"Megh\u00edv\u00f3 &#8211; 2017. \u00e1prilis 26."},"content":{"rendered":"<h1 align=\"center\">Megh\u00edv\u00f3<\/h1>\n<p align=\"center\">a Semmelweis Egyetem Bar\u00e1ti K\u00f6r\u00e9nek<\/p>\n<p align=\"center\"><b>\u00e1prilis<\/b><\/p>\n<p align=\"center\">h\u00f3napban tartand\u00f3 rendezv\u00e9ny\u00e9re<\/p>\n<p align=\"center\"><i>&#8222;&#8216;Fert\u0151z\u00e9st kiz\u00e1rni nem tudunk&#8230;&#8217; &#8211; jelent\u00e9s egy hat\u00e1rter\u00fcleti orvosszakma mindennapjair\u00f3l&#8221;<\/i><\/p>\n<p align=\"center\"><b>Dr. Szab\u00f3 B\u00e1lint Gergely<\/b><br \/>\ninfektol\u00f3gus szakorvosjel\u00f6lt<br \/>\n(a Bar\u00e1ti K\u00f6r &#8222;Dr. Bal\u00e1zs Dezs\u0151 \u00e9s Walter Julianna&#8221; p\u00e1ly\u00e1zat\u00e1nak 2016. \u00e9vi d\u00edjazottja)<\/p>\n<p align=\"center\">*<\/p>\n<p align=\"center\"><i>&#8222;A Gy\u00f3gyszer\u00e9sztudom\u00e1nyi Kar jelene \u00e9s j\u00f6v\u0151je&#8221;<\/i><\/p>\n<p align=\"center\"><b>Prof. Dr. Zelk\u00f3 Rom\u00e1na<\/b><br \/>\nd\u00e9k\u00e1n<\/p>\n<p align=\"center\"><u>A rendezv\u00e9ny ideje \u00e9s helye:<\/u><\/p>\n<p align=\"center\"><b>2017. \u00e1prilis 26., szerda 17:00 \u00f3ra<\/b><\/p>\n<p align=\"center\">Semmelweis Egyetem Elm\u00e9leti Orvostudom\u00e1nyi K\u00f6zpont, Bezn\u00e1k Alad\u00e1r terem<br \/>\n(1094 Budapest, T\u0171zolt\u00f3 u. 37-47. I. em.;<br \/>\nbej\u00e1rat a Thaly K\u00e1lm\u00e1n u. fel\u0151l, megk\u00f6zel\u00edthet\u0151 a Klinik\u00e1k metr\u00f3\u00e1llom\u00e1st\u00f3l)<\/p>\n<p align=\"center\">Szeretettel v\u00e1rjuk \u00d6nt!<br \/>\nK\u00e9rj\u00fck, sz\u00edveskedj\u00e9k \u00e9rtes\u00edteni bar\u00e1tait \u00e9s munkat\u00e1rsait is!<br \/>\nA program el\u0151tt f\u00e9l \u00f3r\u00e1val b\u00fcf\u00e9vel v\u00e1rjuk a r\u00e9sztvev\u0151ket.<\/p>\n<p>&nbsp;<\/p>\n<table width=\"100%\" cellspacing=\"0\" cellpadding=\"0\">\n<tbody>\n<tr>\n<td style=\"border-style: hidden\" width=\"50%\">\n<div align=\"center\">Dr. Moln\u00e1r L\u00e1szl\u00f3<br \/>\na Bar\u00e1ti K\u00f6r titk\u00e1ra<\/div>\n<\/td>\n<td style=\"border-style: hidden\" width=\"50%\">\n<div align=\"center\">Prof. emer. Dr. Monos Emil<br \/>\na Bar\u00e1ti K\u00f6r eln\u00f6ke<\/div>\n<\/td>\n<\/tr>\n<\/tbody>\n<\/table>\n<p>&nbsp;<\/p>\n<p align=\"center\"><a class=\"button\" href=\"https:\/\/semmelweis.hu\/baratikor\/files\/2023\/01\/2017_04_21_meghivo_2017_04_261.doc\">Let\u00f6lthet\u0151 anyag<\/a><\/p>\n","protected":false},"excerpt":{"rendered":"<p>Megh\u00edv\u00f3 a Semmelweis Egyetem Bar\u00e1ti K\u00f6r\u00e9nek \u00e1prilis h\u00f3napban tartand\u00f3 rendezv\u00e9ny\u00e9re &#8222;&#8216;Fert\u0151z\u00e9st kiz\u00e1rni nem tudunk&#8230;&#8217; &#8211; jelent\u00e9s egy hat\u00e1rter\u00fcleti orvosszakma mindennapjair\u00f3l&#8221; Dr. Szab\u00f3 B\u00e1lint Gergely infektol\u00f3gus szakorvosjel\u00f6lt (a Bar\u00e1ti K\u00f6r &#8222;Dr. Bal\u00e1zs Dezs\u0151 \u00e9s Walter Julianna&#8221; p\u00e1ly\u00e1zat\u00e1nak 2016. \u00e9vi d\u00edjazottja) * &#8222;A Gy\u00f3gyszer\u00e9sztudom\u00e1nyi Kar jelene \u00e9s j\u00f6v\u0151je&#8221; Prof. Dr. Zelk\u00f3 Rom\u00e1na d\u00e9k\u00e1n A rendezv\u00e9ny ideje \u00e9s &hellip;<\/p>\n","protected":false},"author":282,"featured_media":0,"comment_status":"closed","ping_status":"closed","sticky":false,"template":"","format":"standard","meta":{"_acf_changed":false,"footnotes":""},"categories":[1],"tags":[],"class_list":["post-2859","post","type-post","status-publish","format-standard","hentry","category-hirek"],"acf":[],"_links":{"self":[{"href":"https:\/\/semmelweis.hu\/baratikor\/wp-json\/wp\/v2\/posts\/2859","targetHints":{"allow":["GET"]}}],"collection":[{"href":"https:\/\/semmelweis.hu\/baratikor\/wp-json\/wp\/v2\/posts"}],"about":[{"href":"https:\/\/semmelweis.hu\/baratikor\/wp-json\/wp\/v2\/types\/post"}],"author":[{"embeddable":true,"href":"https:\/\/semmelweis.hu\/baratikor\/wp-json\/wp\/v2\/users\/282"}],"replies":[{"embeddable":true,"href":"https:\/\/semmelweis.hu\/baratikor\/wp-json\/wp\/v2\/comments?post=2859"}],"version-history":[{"count":1,"href":"https:\/\/semmelweis.hu\/baratikor\/wp-json\/wp\/v2\/posts\/2859\/revisions"}],"predecessor-version":[{"id":2861,"href":"https:\/\/semmelweis.hu\/baratikor\/wp-json\/wp\/v2\/posts\/2859\/revisions\/2861"}],"wp:attachment":[{"href":"https:\/\/semmelweis.hu\/baratikor\/wp-json\/wp\/v2\/media?parent=2859"}],"wp:term":[{"taxonomy":"category","embeddable":true,"href":"https:\/\/semmelweis.hu\/baratikor\/wp-json\/wp\/v2\/categories?post=2859"},{"taxonomy":"post_tag","embeddable":true,"href":"https:\/\/semmelweis.hu\/baratikor\/wp-json\/wp\/v2\/tags?post=2859"}],"curies":[{"name":"wp","href":"https:\/\/api.w.org\/{rel}","templated":true}]}}