{"id":2713,"date":"2019-01-23T10:39:21","date_gmt":"2019-01-23T09:39:21","guid":{"rendered":"https:\/\/semmelweis.hu\/baratikor\/?p=2713"},"modified":"2023-09-29T10:36:41","modified_gmt":"2023-09-29T08:36:41","slug":"dr-boga-balint-a-barati-kor-ugyvezeto-titkaranak-legujabb-konyve","status":"publish","type":"post","link":"https:\/\/semmelweis.hu\/baratikor\/2019\/01\/23\/dr-boga-balint-a-barati-kor-ugyvezeto-titkaranak-legujabb-konyve\/","title":{"rendered":"Dr. Boga B\u00e1lint, a Bar\u00e1ti K\u00f6r \u00fcgyvezet\u0151 titk\u00e1r\u00e1nak leg\u00fajabb k\u00f6nyve"},"content":{"rendered":"<h1 align=\"center\">A belgy\u00f3gy\u00e1szatt\u00f3l az \u00f6reged\u00e9s tudom\u00e1ny\u00e1ig<\/h1>\n<p><img loading=\"lazy\" decoding=\"async\" class=\"alignleft size-full wp-image-4092\" src=\"https:\/\/semmelweis.hu\/baratikor\/files\/2019\/01\/image1.jpg\" alt=\"\" width=\"198\" height=\"318\" \/> Szerz\u0151(k)\/Szerkeszt\u0151(k): Boga B\u00e1lint<br \/>\nOldalsz\u00e1m: 120<br \/>\nKiad\u00e1s \u00e9ve: 2019<br \/>\nKiad\u00e1s: Els\u0151 kiad\u00e1s<br \/>\nISBN: 9789633314609<br \/>\nM\u00e9ret: 125&#215;200 mm<br \/>\nK\u00f6t\u00e9s: Puhat\u00e1bl\u00e1s, matt f\u00f3lia<br \/>\nNyelvek: magyar<br \/>\nKiad\u00f3: Semmelweis Kiad\u00f3 \u00e9s Multim\u00e9dia St\u00fadi\u00f3<\/p>\n<p>Le\u00edr\u00e1s: Szakmai \u00f6n\u00e9letrajzot \u00e1ltal\u00e1ban akkor k\u00e9sz\u00edt\u00fcnk, amikor p\u00e1ly\u00e1zat kapcs\u00e1n egy poz\u00edci\u00f3t el akarunk nyerni. \u00c9let\u00fcnk folyam\u00e1n, f\u0151leg els\u0151 fel\u00e9ben ez n\u00e9h\u00e1nyszor el\u0151fordul. Amikor azonban megett\u00fck kenyer\u00fcnk jav\u00e1t, t\u00f6bb\u00fcnkben megsz\u00fcletik az a bels\u0151 ig\u00e9ny, hogy visszatekints\u00fcnk szakmai \u00e9let\u00fcnk alakul\u00e1s\u00e1ra, szorongat\u00f3, de megharcolt epiz\u00f3djaira \u00e9s sikereire, kellemes eml\u00e9kk\u00e9nt \u00e9l\u0151 t\u00f6rt\u00e9n\u00e9seire egyar\u00e1nt, kiemelve, hogy benn\u00fcnk mi zajlott le. Magam 80. \u00e9let\u00e9vemhez k\u00f6zeledve ebb\u0151l a k\u00e9sztet\u00e9sb\u0151l kiindulva elkezdtem meg\u00edrni egyes korszakaim t\u00f6rt\u00e9net\u00e9t, most \u00e1tl\u00e9pve a 80 \u00e9v hat\u00e1r\u00e1t, v\u00e9g\u00e9re \u00e9rtem ennek. Szakmai \u00e9letem mellett persze a nagypolitika tette a maga t\u00f6rt\u00e9nelmi l\u00e9p\u00e9seit, amelyek visszahatottak a szakmapolitik\u00e1n kereszt\u00fcl az \u00e9n mikrovil\u00e1gomra is. Az ebb\u0151l fakad\u00f3 neh\u00e9zs\u00e9geket t\u00f6bbs\u00e9g\u00e9ben siker\u00fclt legy\u0151zn\u00f6m \u00e9s igyekv\u00e9sem nagyr\u00e9szt eredm\u00e9nyes volt. A sz\u00e9lesebb emberismereti motiv\u00e1lts\u00e1gom kiel\u00e9g\u00edt\u00e9s\u00e9re is kaptam a sorst\u00f3l lehet\u0151s\u00e9get, els\u0151sorban a gerontol\u00f3gia m\u0171vel\u00e9s\u00e9ben.<\/p>\n<p>\u00dagy gondolom, hogy szakmai \u00e9letutam k\u00f6vet\u00e9se, a r\u00e9szletekben megnyilv\u00e1nul\u00f3 jelens\u00e9gek le\u00edr\u00e1sa a hivat\u00e1st kezd\u0151, folytat\u00f3 vagy befejez\u0151 \u00e9rtelmis\u00e9gi szem\u00e9ly sz\u00e1m\u00e1ra ad tapasztalatkieg\u00e9sz\u00edt\u0151 ismeretet, ny\u00fajt tov\u00e1bb gondol\u00e1sra k\u00e9sztet\u0151 meg\u00e1llap\u00edt\u00e1st.<\/p>\n<p>\u00dagy v\u00e9lem emellett, hogy szakmai \u00e9letemet az\u00e9rt is \u00e9rdemes r\u00e9szleteiben is bemutatni, mert a laikus olvas\u00f3 sz\u00e1m\u00e1ra is betekint\u00e9st enged az orvosi p\u00e1ly\u00e1n mozg\u00f3 ember bels\u0151 vil\u00e1g\u00e1ba, interperszon\u00e1lis kapcsolataiba. (Boga B\u00e1lint)<\/p>\n<p>2.400 Ft<\/p>\n","protected":false},"excerpt":{"rendered":"<p>A belgy\u00f3gy\u00e1szatt\u00f3l az \u00f6reged\u00e9s tudom\u00e1ny\u00e1ig Szerz\u0151(k)\/Szerkeszt\u0151(k): Boga B\u00e1lint Oldalsz\u00e1m: 120 Kiad\u00e1s \u00e9ve: 2019 Kiad\u00e1s: Els\u0151 kiad\u00e1s ISBN: 9789633314609 M\u00e9ret: 125&#215;200 mm K\u00f6t\u00e9s: Puhat\u00e1bl\u00e1s, matt f\u00f3lia Nyelvek: magyar Kiad\u00f3: Semmelweis Kiad\u00f3 \u00e9s Multim\u00e9dia St\u00fadi\u00f3 Le\u00edr\u00e1s: Szakmai \u00f6n\u00e9letrajzot \u00e1ltal\u00e1ban akkor k\u00e9sz\u00edt\u00fcnk, amikor p\u00e1ly\u00e1zat kapcs\u00e1n egy poz\u00edci\u00f3t el akarunk nyerni. \u00c9let\u00fcnk folyam\u00e1n, f\u0151leg els\u0151 fel\u00e9ben ez n\u00e9h\u00e1nyszor el\u0151fordul. &hellip;<\/p>\n","protected":false},"author":282,"featured_media":0,"comment_status":"closed","ping_status":"closed","sticky":false,"template":"","format":"standard","meta":{"_acf_changed":false,"footnotes":""},"categories":[1],"tags":[],"class_list":["post-2713","post","type-post","status-publish","format-standard","hentry","category-hirek"],"acf":[],"_links":{"self":[{"href":"https:\/\/semmelweis.hu\/baratikor\/wp-json\/wp\/v2\/posts\/2713","targetHints":{"allow":["GET"]}}],"collection":[{"href":"https:\/\/semmelweis.hu\/baratikor\/wp-json\/wp\/v2\/posts"}],"about":[{"href":"https:\/\/semmelweis.hu\/baratikor\/wp-json\/wp\/v2\/types\/post"}],"author":[{"embeddable":true,"href":"https:\/\/semmelweis.hu\/baratikor\/wp-json\/wp\/v2\/users\/282"}],"replies":[{"embeddable":true,"href":"https:\/\/semmelweis.hu\/baratikor\/wp-json\/wp\/v2\/comments?post=2713"}],"version-history":[{"count":2,"href":"https:\/\/semmelweis.hu\/baratikor\/wp-json\/wp\/v2\/posts\/2713\/revisions"}],"predecessor-version":[{"id":4093,"href":"https:\/\/semmelweis.hu\/baratikor\/wp-json\/wp\/v2\/posts\/2713\/revisions\/4093"}],"wp:attachment":[{"href":"https:\/\/semmelweis.hu\/baratikor\/wp-json\/wp\/v2\/media?parent=2713"}],"wp:term":[{"taxonomy":"category","embeddable":true,"href":"https:\/\/semmelweis.hu\/baratikor\/wp-json\/wp\/v2\/categories?post=2713"},{"taxonomy":"post_tag","embeddable":true,"href":"https:\/\/semmelweis.hu\/baratikor\/wp-json\/wp\/v2\/tags?post=2713"}],"curies":[{"name":"wp","href":"https:\/\/api.w.org\/{rel}","templated":true}]}}