{"id":2605,"date":"2020-03-12T14:22:46","date_gmt":"2020-03-12T13:22:46","guid":{"rendered":"https:\/\/semmelweis.hu\/baratikor\/?p=2605"},"modified":"2023-09-29T10:36:40","modified_gmt":"2023-09-29T08:36:40","slug":"marcius-25-i-rendezveny-elhalasztasa","status":"publish","type":"post","link":"https:\/\/semmelweis.hu\/baratikor\/2020\/03\/12\/marcius-25-i-rendezveny-elhalasztasa\/","title":{"rendered":"M\u00e1rcius 25-i rendezv\u00e9ny elhalaszt\u00e1sa"},"content":{"rendered":"<div class=\"belsooldal12\">\n<p>A Semmelweis Egyetem Bar\u00e1ti K\u00f6re a m\u00e1rcius 25-re tervezett rendezv\u00e9ny\u00e9t a korona v\u00edrus j\u00e1rv\u00e1nyra \u00e9s tags\u00e1ga kor\u00e1ra val\u00f3 tekintettel elhalasztja.<\/p>\n<\/div>\n","protected":false},"excerpt":{"rendered":"<p>A Semmelweis Egyetem Bar\u00e1ti K\u00f6re a m\u00e1rcius 25-re tervezett rendezv\u00e9ny\u00e9t a korona v\u00edrus j\u00e1rv\u00e1nyra \u00e9s tags\u00e1ga kor\u00e1ra val\u00f3 tekintettel elhalasztja.<\/p>\n","protected":false},"author":282,"featured_media":0,"comment_status":"closed","ping_status":"closed","sticky":false,"template":"","format":"standard","meta":{"_acf_changed":false,"footnotes":""},"categories":[1],"tags":[],"class_list":["post-2605","post","type-post","status-publish","format-standard","hentry","category-hirek"],"acf":[],"_links":{"self":[{"href":"https:\/\/semmelweis.hu\/baratikor\/wp-json\/wp\/v2\/posts\/2605","targetHints":{"allow":["GET"]}}],"collection":[{"href":"https:\/\/semmelweis.hu\/baratikor\/wp-json\/wp\/v2\/posts"}],"about":[{"href":"https:\/\/semmelweis.hu\/baratikor\/wp-json\/wp\/v2\/types\/post"}],"author":[{"embeddable":true,"href":"https:\/\/semmelweis.hu\/baratikor\/wp-json\/wp\/v2\/users\/282"}],"replies":[{"embeddable":true,"href":"https:\/\/semmelweis.hu\/baratikor\/wp-json\/wp\/v2\/comments?post=2605"}],"version-history":[{"count":1,"href":"https:\/\/semmelweis.hu\/baratikor\/wp-json\/wp\/v2\/posts\/2605\/revisions"}],"predecessor-version":[{"id":2606,"href":"https:\/\/semmelweis.hu\/baratikor\/wp-json\/wp\/v2\/posts\/2605\/revisions\/2606"}],"wp:attachment":[{"href":"https:\/\/semmelweis.hu\/baratikor\/wp-json\/wp\/v2\/media?parent=2605"}],"wp:term":[{"taxonomy":"category","embeddable":true,"href":"https:\/\/semmelweis.hu\/baratikor\/wp-json\/wp\/v2\/categories?post=2605"},{"taxonomy":"post_tag","embeddable":true,"href":"https:\/\/semmelweis.hu\/baratikor\/wp-json\/wp\/v2\/tags?post=2605"}],"curies":[{"name":"wp","href":"https:\/\/api.w.org\/{rel}","templated":true}]}}