{"id":2442,"date":"2022-11-10T12:08:32","date_gmt":"2022-11-10T11:08:32","guid":{"rendered":"https:\/\/semmelweis.hu\/baratikor\/?p=2442"},"modified":"2023-09-08T10:16:56","modified_gmt":"2023-09-08T08:16:56","slug":"meghivo-a-semmelweis-egyetem-barati-korenek-kozgyulesere","status":"publish","type":"post","link":"https:\/\/semmelweis.hu\/baratikor\/2022\/11\/10\/meghivo-a-semmelweis-egyetem-barati-korenek-kozgyulesere\/","title":{"rendered":"Megh\u00edv\u00f3 a Semmelweis Egyetem Bar\u00e1ti K\u00f6r\u00e9nek k\u00f6zgy\u0171l\u00e9s\u00e9re"},"content":{"rendered":"<p style=\"text-align: center\">\u00c9rtes\u00edtj\u00fck \u00d6nt, mint a Semmelweis Egyetem Bar\u00e1ti K\u00f6r\u00e9nek tagj\u00e1t, hogy a 2022. \u00e9vi k\u00f6zgy\u0171l\u00e9s\u00fcnk<\/p>\n<p style=\"text-align: center\"><i><u>id\u0151pontja:<\/u><\/i> 2022. november 28. (h\u00e9tf\u0151) 16:00 \u00f3ra; hat\u00e1rozatk\u00e9ptelens\u00e9g eset\u00e9n ugyanezen a napon 16:30 \u00f3ra;<br \/>\n<i><u>helye:<\/u><\/i> Semmelweis Egyetem Nagyv\u00e1rad t\u00e9ri Elm\u00e9leti T\u00f6mb \/1089 Budapest, Nagyv\u00e1rad t\u00e9r 4.\/ XVIII. emeleti K\u00f6nyvt\u00e1r.<\/p>\n<p style=\"text-align: center\">A k\u00f6zgy\u0171l\u00e9sre \u00d6nt tisztelettel megh\u00edvjuk.<\/p>\n<p style=\"text-align: center\"><u>Napirend:<\/u><\/p>\n<p style=\"text-align: center\">1.) Eln\u00f6ki besz\u00e1mol\u00f3 a Bar\u00e1ti K\u00f6r 2022. \u00e9vi tev\u00e9kenys\u00e9g\u00e9r\u0151l, terveir\u0151l<br \/>\n<i>Dr. Rosivall L\u00e1szl\u00f3<\/i><\/p>\n<p style=\"text-align: center\">2.) A Fogorvosi Tagozat tev\u00e9kenys\u00e9ge<br \/>\n<i>Dr. Szomol\u00e1nyi Gy. Istv\u00e1n<\/i><\/p>\n<p style=\"text-align: center\">3.) T\u00e1j\u00e9koztat\u00f3 a Bar\u00e1ti K\u00f6r tagl\u00e9tsz\u00e1m\u00e1nak alakul\u00e1s\u00e1r\u00f3l<br \/>\n<i>Dr. Moln\u00e1r L\u00e1szl\u00f3<\/i><\/p>\n<p style=\"text-align: center\">4.) P\u00e9nzt\u00e1rosi besz\u00e1mol\u00f3<br \/>\n<i>Aknai K\u00e1rolyn\u00e9<\/i><\/p>\n<p style=\"text-align: center\">5.) A Fel\u00fcgyel\u0151 Bizotts\u00e1g jelent\u00e9se<br \/>\n<i>Dr. Kelemen Zsolt<\/i><\/p>\n<p style=\"text-align: center\">6.) Egyebek<\/p>\n<p style=\"text-align: center\">Fontos k\u00e9rd\u00e9sekben k\u00f6z\u00f6s d\u00f6nt\u00e9seket kell hoznunk, ez\u00e9rt sz\u00e1m\u00edtunk megjelen\u00e9s\u00e9re.<\/p>\n<p style=\"text-align: center\" align=\"center\">Nagyrabecs\u00fcl\u00e9ssel \u00e9s sz\u00edv\u00e9lyes \u00fcdv\u00f6zlettel,<\/p>\n<p align=\"center\">Dr. Moln\u00e1r L\u00e1szl\u00f3<br \/>\na Bar\u00e1ti K\u00f6r titk\u00e1ra<\/p>\n<p style=\"text-align: center\">Prof. emer. Dr. Rosivall L\u00e1szl\u00f3<br \/>\na Bar\u00e1ti K\u00f6r eln\u00f6ke<\/p>\n<p style=\"text-align: center\" align=\"center\"><a class=\"button\" href=\"https:\/\/semmelweis.hu\/baratikor\/files\/2023\/01\/2022_11_10_meghivo_kozgyulesre_2022_11_281.pdf\">Let\u00f6lthet\u0151 anyag<\/a><\/p>\n","protected":false},"excerpt":{"rendered":"<p>\u00c9rtes\u00edtj\u00fck \u00d6nt, mint a Semmelweis Egyetem Bar\u00e1ti K\u00f6r\u00e9nek tagj\u00e1t, hogy a 2022. \u00e9vi k\u00f6zgy\u0171l\u00e9s\u00fcnk id\u0151pontja: 2022. november 28. (h\u00e9tf\u0151) 16:00 \u00f3ra; hat\u00e1rozatk\u00e9ptelens\u00e9g eset\u00e9n ugyanezen a napon 16:30 \u00f3ra; helye: Semmelweis Egyetem Nagyv\u00e1rad t\u00e9ri Elm\u00e9leti T\u00f6mb \/1089 Budapest, Nagyv\u00e1rad t\u00e9r 4.\/ XVIII. emeleti K\u00f6nyvt\u00e1r. A k\u00f6zgy\u0171l\u00e9sre \u00d6nt tisztelettel megh\u00edvjuk. Napirend: 1.) Eln\u00f6ki besz\u00e1mol\u00f3 a Bar\u00e1ti K\u00f6r &hellip;<\/p>\n","protected":false},"author":282,"featured_media":0,"comment_status":"closed","ping_status":"closed","sticky":false,"template":"","format":"standard","meta":{"_acf_changed":false,"footnotes":""},"categories":[1],"tags":[92],"class_list":["post-2442","post","type-post","status-publish","format-standard","hentry","category-hirek","tag-meghivo"],"acf":[],"_links":{"self":[{"href":"https:\/\/semmelweis.hu\/baratikor\/wp-json\/wp\/v2\/posts\/2442","targetHints":{"allow":["GET"]}}],"collection":[{"href":"https:\/\/semmelweis.hu\/baratikor\/wp-json\/wp\/v2\/posts"}],"about":[{"href":"https:\/\/semmelweis.hu\/baratikor\/wp-json\/wp\/v2\/types\/post"}],"author":[{"embeddable":true,"href":"https:\/\/semmelweis.hu\/baratikor\/wp-json\/wp\/v2\/users\/282"}],"replies":[{"embeddable":true,"href":"https:\/\/semmelweis.hu\/baratikor\/wp-json\/wp\/v2\/comments?post=2442"}],"version-history":[{"count":3,"href":"https:\/\/semmelweis.hu\/baratikor\/wp-json\/wp\/v2\/posts\/2442\/revisions"}],"predecessor-version":[{"id":5878,"href":"https:\/\/semmelweis.hu\/baratikor\/wp-json\/wp\/v2\/posts\/2442\/revisions\/5878"}],"wp:attachment":[{"href":"https:\/\/semmelweis.hu\/baratikor\/wp-json\/wp\/v2\/media?parent=2442"}],"wp:term":[{"taxonomy":"category","embeddable":true,"href":"https:\/\/semmelweis.hu\/baratikor\/wp-json\/wp\/v2\/categories?post=2442"},{"taxonomy":"post_tag","embeddable":true,"href":"https:\/\/semmelweis.hu\/baratikor\/wp-json\/wp\/v2\/tags?post=2442"}],"curies":[{"name":"wp","href":"https:\/\/api.w.org\/{rel}","templated":true}]}}