{"id":576,"date":"2020-03-20T12:12:49","date_gmt":"2020-03-20T11:12:49","guid":{"rendered":"http:\/\/semmelweis.hu\/asszisztaltreprodukcio\/?p=576"},"modified":"2020-03-26T15:20:46","modified_gmt":"2020-03-26T14:20:46","slug":"25-eves-evfordulo-media-megjelenesek","status":"publish","type":"post","link":"https:\/\/semmelweis.hu\/asszisztaltreprodukcio\/2020\/03\/20\/25-eves-evfordulo-media-megjelenesek\/","title":{"rendered":"25 \u00e9ves \u00e9vfordul\u00f3, m\u00e9dia megjelen\u00e9sek"},"content":{"rendered":"<p>Az oszt\u00e1ly 25 \u00e9ves fenn\u00e1ll\u00e1sa alkalm\u00e1b\u00f3l sz\u00e1mos m\u00e9diumon kereszt\u00fcl oszthattuk meg \u00f6r\u00f6m\u00fcnket m\u00e1sokkal.<\/p>\n<p>&nbsp;<\/p>\n<p>Az RTL Klub Reggelij\u00e9ben Prof. Urbancsek J\u00e1nos \u00e9s a Tokl\u00e1sz csal\u00e1d vett r\u00e9szt egy k\u00f6tetlen hangulat\u00fa besz\u00e9lget\u00e9sen:\u00a0<\/p>\n\n<!-- iframe plugin v.4.9 wordpress.org\/plugins\/iframe\/ -->\n<iframe loading=\"lazy\" src=\"\/\/www.youtube.com\/embed\/WlM6FaM5Ob0\" width=\"560\" height=\"315\" scrolling=\"yes\" class=\"iframe-class\" frameborder=\"0\"><\/iframe>\n\n<p>Az RTL Klub H\u00edrad\u00f3j\u00e1ban:\u00a0<\/p>\n\n<!-- iframe plugin v.4.9 wordpress.org\/plugins\/iframe\/ -->\n<iframe loading=\"lazy\" src=\"\/\/www.youtube.com\/embed\/3wjzh2B4P0E\" width=\"560\" height=\"315\" scrolling=\"yes\" class=\"iframe-class\" frameborder=\"0\"><\/iframe>\n\n<p>&nbsp;<\/p>\n<p>Az M1 Ma reggel\u00e9ben is megjelent\u00fcnk!<\/p>\n\n<!-- iframe plugin v.4.9 wordpress.org\/plugins\/iframe\/ -->\n<iframe loading=\"lazy\" src=\"\/\/www.youtube.com\/embed\/a6rHZNN-Rmc\" width=\"560\" height=\"315\" scrolling=\"yes\" class=\"iframe-class\" frameborder=\"0\"><\/iframe>\n\n<p>Valamint a Csal\u00e1d 19 m\u0171sorban is:\u00a0<\/p>\n\n<!-- iframe plugin v.4.9 wordpress.org\/plugins\/iframe\/ -->\n<iframe loading=\"lazy\" src=\"\/\/www.youtube.com\/embed\/_FQrT9ukB9s\" width=\"560\" height=\"315\" scrolling=\"yes\" class=\"iframe-class\" frameborder=\"0\"><\/iframe>\n\n<p>&nbsp;<\/p>\n<p>A Kossuth R\u00e1di\u00f3 Felfedez\u0151 m\u0171sor\u00e1ban:\u00a0<\/p>\n<!--[if lt IE 9]><script>document.createElement('audio');<\/script><![endif]-->\n<audio class=\"wp-audio-shortcode\" id=\"audio-576-1\" preload=\"none\" style=\"width: 100%;\" controls=\"controls\"><source type=\"audio\/mpeg\" src=\"https:\/\/semmelweis.hu\/asszisztaltreprodukcio\/files\/2020\/03\/ARO-25-Kossuth-r\u00e1di\u00f3190620-FELFEDEZ\u0150-TUDOM\u00c1NYROL-1.mp3?_=1\" \/><a href=\"https:\/\/semmelweis.hu\/asszisztaltreprodukcio\/files\/2020\/03\/ARO-25-Kossuth-r\u00e1di\u00f3190620-FELFEDEZ\u0150-TUDOM\u00c1NYROL-1.mp3\">https:\/\/semmelweis.hu\/asszisztaltreprodukcio\/files\/2020\/03\/ARO-25-Kossuth-r\u00e1di\u00f3190620-FELFEDEZ\u0150-TUDOM\u00c1NYROL-1.mp3<\/a><\/audio>\n<p>&nbsp;<\/p>\n<p>&nbsp;<\/p>\n<p>&nbsp;<\/p>\n<p>A Kossuth R\u00e1di\u00f3 J\u00f3 Napot, Magyarorsz\u00e1g\u00e1ban:<\/p>\n<div style=\"width: 376px;\" class=\"wp-video\"><!--[if lt IE 9]><script>document.createElement('video');<\/script><![endif]-->\n<video class=\"wp-video-shortcode\" id=\"video-576-1\" width=\"376\" height=\"772\" preload=\"metadata\" controls=\"controls\"><source type=\"video\/mp4\" src=\"https:\/\/semmelweis.hu\/asszisztaltreprodukcio\/files\/2020\/03\/ARO25-Kossuth-r\u00e1di\u00f3-Napk\u00f6zben.mp4?_=1\" \/><a href=\"https:\/\/semmelweis.hu\/asszisztaltreprodukcio\/files\/2020\/03\/ARO25-Kossuth-r\u00e1di\u00f3-Napk\u00f6zben.mp4\">https:\/\/semmelweis.hu\/asszisztaltreprodukcio\/files\/2020\/03\/ARO25-Kossuth-r\u00e1di\u00f3-Napk\u00f6zben.mp4<\/a><\/video><\/div>\n<p>&nbsp;<\/p>\n<p>&nbsp;<\/p>\n","protected":false},"excerpt":{"rendered":"<p>Az oszt\u00e1ly 25 \u00e9ves fenn\u00e1ll\u00e1sa alkalm\u00e1b\u00f3l sz\u00e1mos m\u00e9diumon kereszt\u00fcl oszthattuk meg \u00f6r\u00f6m\u00fcnket m\u00e1sokkal. &nbsp; Az RTL Klub Reggelij\u00e9ben Prof. Urbancsek J\u00e1nos \u00e9s a Tokl\u00e1sz csal\u00e1d vett r\u00e9szt egy k\u00f6tetlen hangulat\u00fa besz\u00e9lget\u00e9sen:\u00a0 Az RTL Klub H\u00edrad\u00f3j\u00e1ban:\u00a0 &nbsp; Az M1 Ma reggel\u00e9ben is megjelent\u00fcnk! Valamint a Csal\u00e1d 19 m\u0171sorban is:\u00a0 &nbsp; A Kossuth R\u00e1di\u00f3 Felfedez\u0151 m\u0171sor\u00e1ban:\u00a0 &nbsp; &hellip;<\/p>\n","protected":false},"author":101727,"featured_media":76,"comment_status":"closed","ping_status":"closed","sticky":false,"template":"","format":"standard","meta":{"_acf_changed":false,"footnotes":""},"categories":[21,38],"tags":[25,23,22,24],"class_list":["post-576","post","type-post","status-publish","format-standard","has-post-thumbnail","hentry","category-25-ev","category-media","tag-25-ev","tag-aro","tag-asszisztalt-reprodukcio","tag-unnepseg"],"acf":[],"_links":{"self":[{"href":"https:\/\/semmelweis.hu\/asszisztaltreprodukcio\/wp-json\/wp\/v2\/posts\/576","targetHints":{"allow":["GET"]}}],"collection":[{"href":"https:\/\/semmelweis.hu\/asszisztaltreprodukcio\/wp-json\/wp\/v2\/posts"}],"about":[{"href":"https:\/\/semmelweis.hu\/asszisztaltreprodukcio\/wp-json\/wp\/v2\/types\/post"}],"author":[{"embeddable":true,"href":"https:\/\/semmelweis.hu\/asszisztaltreprodukcio\/wp-json\/wp\/v2\/users\/101727"}],"replies":[{"embeddable":true,"href":"https:\/\/semmelweis.hu\/asszisztaltreprodukcio\/wp-json\/wp\/v2\/comments?post=576"}],"version-history":[{"count":7,"href":"https:\/\/semmelweis.hu\/asszisztaltreprodukcio\/wp-json\/wp\/v2\/posts\/576\/revisions"}],"predecessor-version":[{"id":698,"href":"https:\/\/semmelweis.hu\/asszisztaltreprodukcio\/wp-json\/wp\/v2\/posts\/576\/revisions\/698"}],"wp:featuredmedia":[{"embeddable":true,"href":"https:\/\/semmelweis.hu\/asszisztaltreprodukcio\/wp-json\/wp\/v2\/media\/76"}],"wp:attachment":[{"href":"https:\/\/semmelweis.hu\/asszisztaltreprodukcio\/wp-json\/wp\/v2\/media?parent=576"}],"wp:term":[{"taxonomy":"category","embeddable":true,"href":"https:\/\/semmelweis.hu\/asszisztaltreprodukcio\/wp-json\/wp\/v2\/categories?post=576"},{"taxonomy":"post_tag","embeddable":true,"href":"https:\/\/semmelweis.hu\/asszisztaltreprodukcio\/wp-json\/wp\/v2\/tags?post=576"}],"curies":[{"name":"wp","href":"https:\/\/api.w.org\/{rel}","templated":true}]}}