{"id":2399,"date":"2023-12-21T15:58:39","date_gmt":"2023-12-21T14:58:39","guid":{"rendered":"https:\/\/semmelweis.hu\/asszisztaltreprodukcio\/?p=2399"},"modified":"2023-12-22T10:51:20","modified_gmt":"2023-12-22T09:51:20","slug":"termekenyseg-megorzese-daganatos-betegsegben-szenvedo-gyermekeknel","status":"publish","type":"post","link":"https:\/\/semmelweis.hu\/asszisztaltreprodukcio\/2023\/12\/21\/termekenyseg-megorzese-daganatos-betegsegben-szenvedo-gyermekeknel\/","title":{"rendered":"Term\u00e9kenys\u00e9g meg\u0151rz\u00e9se daganatos betegs\u00e9gben szenved\u0151 gyermekekn\u00e9l"},"content":{"rendered":"<p style=\"text-align: justify\">Kor\u00e1bban<a href=\"https:\/\/semmelweis.hu\/asszisztaltreprodukcio\/2023\/01\/26\/gyermekkorban-vegzett-petefeszekszovet-fagyasztas-osztalyunk-kozremukodesevel\/\"> m\u00e1r besz\u00e1moltunk honlapunkon<\/a> arr\u00f3l, hogy oszt\u00e1lyunk a Semmelweis Egyetem Gyermekgy\u00f3gy\u00e1szati Klinik\u00e1j\u00e1val egy\u00fcttm\u0171k\u00f6dve megkezdte a daganatos betegs\u00e9gben szenved\u0151 gyermekek petef\u00e9szeksz\u00f6vet fagyaszt\u00e1s\u00e1t term\u00e9kenys\u00e9g meg\u0151rz\u00e9s c\u00e9lj\u00e1b\u00f3l. A t\u00e9m\u00e1ban k\u00e9sz\u00edtett al\u00e1bbi r\u00e1di\u00f3interj\u00fa 2023. december 14-\u00e9n 14:00 \u00f3r\u00e1t\u00f3l hangzott el a Kossuth R\u00e1di\u00f3 &#8222;Felfedez\u0151&#8221; c\u00edm\u0171 m\u0171sor\u00e1ban.<\/p>\n<p>A teljes m\u0171sor a bejegyz\u00e9s v\u00e9g\u00e9n meghallgathat\u00f3:<\/p>\n<!--[if lt IE 9]><script>document.createElement('audio');<\/script><![endif]-->\n<audio class=\"wp-audio-shortcode\" id=\"audio-2399-1\" preload=\"none\" style=\"width: 100%;\" controls=\"controls\"><source type=\"audio\/mpeg\" src=\"https:\/\/semmelweis.hu\/asszisztaltreprodukcio\/files\/2023\/12\/231214-FELFEDEZO-gyermek-petefeszek-lefagyasztas.mp3?_=1\" \/><a href=\"https:\/\/semmelweis.hu\/asszisztaltreprodukcio\/files\/2023\/12\/231214-FELFEDEZO-gyermek-petefeszek-lefagyasztas.mp3\">https:\/\/semmelweis.hu\/asszisztaltreprodukcio\/files\/2023\/12\/231214-FELFEDEZO-gyermek-petefeszek-lefagyasztas.mp3<\/a><\/audio>\n","protected":false},"excerpt":{"rendered":"<p>Kossuth R\u00e1di\u00f3 &#8222;Felfedez\u0151&#8221; c. m\u0171sor\u00e1ban jelent\u00fcnk meg<\/p>\n","protected":false},"author":101727,"featured_media":2408,"comment_status":"closed","ping_status":"closed","sticky":false,"template":"","format":"standard","meta":{"_acf_changed":false,"footnotes":""},"categories":[16,38,42],"tags":[],"class_list":["post-2399","post","type-post","status-publish","format-standard","has-post-thumbnail","hentry","category-hirek-kozlemenyek","category-media","category-olvashato-publikacioink"],"acf":[],"_links":{"self":[{"href":"https:\/\/semmelweis.hu\/asszisztaltreprodukcio\/wp-json\/wp\/v2\/posts\/2399","targetHints":{"allow":["GET"]}}],"collection":[{"href":"https:\/\/semmelweis.hu\/asszisztaltreprodukcio\/wp-json\/wp\/v2\/posts"}],"about":[{"href":"https:\/\/semmelweis.hu\/asszisztaltreprodukcio\/wp-json\/wp\/v2\/types\/post"}],"author":[{"embeddable":true,"href":"https:\/\/semmelweis.hu\/asszisztaltreprodukcio\/wp-json\/wp\/v2\/users\/101727"}],"replies":[{"embeddable":true,"href":"https:\/\/semmelweis.hu\/asszisztaltreprodukcio\/wp-json\/wp\/v2\/comments?post=2399"}],"version-history":[{"count":7,"href":"https:\/\/semmelweis.hu\/asszisztaltreprodukcio\/wp-json\/wp\/v2\/posts\/2399\/revisions"}],"predecessor-version":[{"id":2411,"href":"https:\/\/semmelweis.hu\/asszisztaltreprodukcio\/wp-json\/wp\/v2\/posts\/2399\/revisions\/2411"}],"wp:featuredmedia":[{"embeddable":true,"href":"https:\/\/semmelweis.hu\/asszisztaltreprodukcio\/wp-json\/wp\/v2\/media\/2408"}],"wp:attachment":[{"href":"https:\/\/semmelweis.hu\/asszisztaltreprodukcio\/wp-json\/wp\/v2\/media?parent=2399"}],"wp:term":[{"taxonomy":"category","embeddable":true,"href":"https:\/\/semmelweis.hu\/asszisztaltreprodukcio\/wp-json\/wp\/v2\/categories?post=2399"},{"taxonomy":"post_tag","embeddable":true,"href":"https:\/\/semmelweis.hu\/asszisztaltreprodukcio\/wp-json\/wp\/v2\/tags?post=2399"}],"curies":[{"name":"wp","href":"https:\/\/api.w.org\/{rel}","templated":true}]}}