{"id":2348,"date":"2023-01-26T10:09:54","date_gmt":"2023-01-26T09:09:54","guid":{"rendered":"https:\/\/semmelweis.hu\/asszisztaltreprodukcio\/?p=2348"},"modified":"2023-12-22T10:55:40","modified_gmt":"2023-12-22T09:55:40","slug":"gyermekkorban-vegzett-petefeszekszovet-fagyasztas-osztalyunk-kozremukodesevel","status":"publish","type":"post","link":"https:\/\/semmelweis.hu\/asszisztaltreprodukcio\/2023\/01\/26\/gyermekkorban-vegzett-petefeszekszovet-fagyasztas-osztalyunk-kozremukodesevel\/","title":{"rendered":"Gyermekkorban v\u00e9gzett petef\u00e9szeksz\u00f6vet fagyaszt\u00e1s Oszt\u00e1lyunk k\u00f6zrem\u0171k\u00f6d\u00e9s\u00e9vel"},"content":{"rendered":"<p style=\"text-align: justify\">Els\u0151 alkalommal t\u00f6rt\u00e9nt Magyarorsz\u00e1gon gyermekkorban v\u00e9gzett petef\u00e9szeksz\u00f6vet fagyaszt\u00e1s a Semmelweis Egyetem II. sz. Gyermekgy\u00f3gy\u00e1szati Klinik\u00e1ja \u00e9s Assziszt\u00e1lt Reprodukci\u00f3s Oszt\u00e1lya egy\u00fcttm\u0171k\u00f6d\u00e9s\u00e9ben.<\/p>\n<p style=\"text-align: justify\">Daganatos betegs\u00e9gek eset\u00e9ben alkalmazott kemoter\u00e1pia vagy sug\u00e1rkezel\u00e9s olyan m\u00e9rt\u00e9kben k\u00e1ros\u00edthatja a petef\u00e9szek \u00e1llom\u00e1nyt, hogy az petef\u00e9szek el\u00e9gtelens\u00e9ghez \u00e9s medd\u0151s\u00e9ghez vezethet.<br \/>\nIlyen esetben a petef\u00e9szek k\u00e1ros\u00edt\u00f3 kezel\u00e9s el\u0151tt lehet\u0151s\u00e9g van arra, hogy a petef\u00e9szek egy r\u00e9sz\u00e9t elt\u00e1vol\u00edtsuk \u00e9s lefagyasszuk. A k\u00e9s\u0151bbiekben a felolvasztott sz\u00f6vetmint\u00e1kat vissza\u00fcltetve vissza\u00e1ll\u00edthat\u00f3 a beteg hormontermel\u00e9se \u00e9s term\u00e9kenys\u00e9ge.<\/p>\n<p style=\"text-align: justify\">Az elj\u00e1r\u00e1st feln\u0151tt daganatos betegek eset\u00e9ben klinik\u00e1nkon m\u00e1r 2016 \u00f3ta alkalmazzuk. Els\u0151 alkalommal v\u00e9gezt\u00fcnk azonban ilyen t\u00edpus\u00fa beavatkoz\u00e1st serd\u00fcl\u0151kor\u00fa gyermeken Magyarorsz\u00e1gon.<br \/>\nMindez \u00e9vente t\u00f6bb sz\u00e1z daganatos betegs\u00e9gben szenved\u0151 gyermeknek adhatja meg a lehet\u0151s\u00e9get, hogy feln\u0151tt\u00e9 v\u00e1lva saj\u00e1t gyermeke sz\u00fclethessen. Az err\u0151l sz\u00f3l\u00f3 szakmai besz\u00e1mol\u00f3 az<a href=\"https:\/\/semmelweis.hu\/asszisztaltreprodukcio\/files\/2023\/01\/Petefeszek-fagyasztas-gyermekkorban-OH-megjelent.pdf\"> Orvosi Hetilap has\u00e1bjain jelent meg<\/a>.<\/p>\n","protected":false},"excerpt":{"rendered":"<p>Els\u0151 alkalommal t\u00f6rt\u00e9nt Magyarorsz\u00e1gon gyermekkorban v\u00e9gzett petef\u00e9szeksz\u00f6vet fagyaszt\u00e1s<\/p>\n","protected":false},"author":101727,"featured_media":2356,"comment_status":"closed","ping_status":"closed","sticky":false,"template":"","format":"standard","meta":{"_acf_changed":false,"footnotes":""},"categories":[16],"tags":[],"class_list":["post-2348","post","type-post","status-publish","format-standard","has-post-thumbnail","hentry","category-hirek-kozlemenyek"],"acf":[],"_links":{"self":[{"href":"https:\/\/semmelweis.hu\/asszisztaltreprodukcio\/wp-json\/wp\/v2\/posts\/2348","targetHints":{"allow":["GET"]}}],"collection":[{"href":"https:\/\/semmelweis.hu\/asszisztaltreprodukcio\/wp-json\/wp\/v2\/posts"}],"about":[{"href":"https:\/\/semmelweis.hu\/asszisztaltreprodukcio\/wp-json\/wp\/v2\/types\/post"}],"author":[{"embeddable":true,"href":"https:\/\/semmelweis.hu\/asszisztaltreprodukcio\/wp-json\/wp\/v2\/users\/101727"}],"replies":[{"embeddable":true,"href":"https:\/\/semmelweis.hu\/asszisztaltreprodukcio\/wp-json\/wp\/v2\/comments?post=2348"}],"version-history":[{"count":6,"href":"https:\/\/semmelweis.hu\/asszisztaltreprodukcio\/wp-json\/wp\/v2\/posts\/2348\/revisions"}],"predecessor-version":[{"id":2415,"href":"https:\/\/semmelweis.hu\/asszisztaltreprodukcio\/wp-json\/wp\/v2\/posts\/2348\/revisions\/2415"}],"wp:featuredmedia":[{"embeddable":true,"href":"https:\/\/semmelweis.hu\/asszisztaltreprodukcio\/wp-json\/wp\/v2\/media\/2356"}],"wp:attachment":[{"href":"https:\/\/semmelweis.hu\/asszisztaltreprodukcio\/wp-json\/wp\/v2\/media?parent=2348"}],"wp:term":[{"taxonomy":"category","embeddable":true,"href":"https:\/\/semmelweis.hu\/asszisztaltreprodukcio\/wp-json\/wp\/v2\/categories?post=2348"},{"taxonomy":"post_tag","embeddable":true,"href":"https:\/\/semmelweis.hu\/asszisztaltreprodukcio\/wp-json\/wp\/v2\/tags?post=2348"}],"curies":[{"name":"wp","href":"https:\/\/api.w.org\/{rel}","templated":true}]}}