{"id":2127,"date":"2020-11-12T13:47:42","date_gmt":"2020-11-12T12:47:42","guid":{"rendered":"https:\/\/semmelweis.hu\/asszisztaltreprodukcio\/?p=2127"},"modified":"2020-11-12T13:49:45","modified_gmt":"2020-11-12T12:49:45","slug":"betegek-megjelenesi-rendje-a-covid-19-jarvany-idejen-az-asszisztalt-reprodukcios-osztalyon","status":"publish","type":"post","link":"https:\/\/semmelweis.hu\/asszisztaltreprodukcio\/2020\/11\/12\/betegek-megjelenesi-rendje-a-covid-19-jarvany-idejen-az-asszisztalt-reprodukcios-osztalyon\/","title":{"rendered":"Betegek megjelen\u00e9si rendje a COVID-19 j\u00e1rv\u00e1ny idej\u00e9n az Assziszt\u00e1lt Reprodukci\u00f3s Oszt\u00e1lyon"},"content":{"rendered":"<p style=\"text-align: justify\"><strong>Kedves Betegeink!<\/strong><\/p>\n<p style=\"text-align: justify\">Ez\u00faton t\u00e1j\u00e9koztatjuk \u00d6n\u00f6ket, hogy az \u00d6n\u00f6k szem\u00e9lyes megjelen\u00e9s\u00e9t ig\u00e9nyl\u0151 ell\u00e1t\u00e1sok a k\u00f6vetkez\u0151k\u00e9ppen alakulnak Oszt\u00e1lyunkon a COVID-19 j\u00e1rv\u00e1ny ideje alatt:<\/p>\n<ul style=\"text-align: justify\">\n<li><strong>Els\u0151 besz\u00e9lget\u00e9s<\/strong>: a p\u00e1r mindk\u00e9t tagj\u00e1nak szem\u00e9lyes megjelen\u00e9se, az egyeztetett id\u0151pont el\u0151tt <em>maximum 15 perccel<\/em> az Oszt\u00e1lyon<\/li>\n<li><strong>M\u00e1sodik besz\u00e9lget\u00e9s <\/strong>(vizsg\u00e1lati eredm\u00e9nyek megbesz\u00e9l\u00e9se): a p\u00e1r n\u0151tagj\u00e1nak megjelen\u00e9se, a megbesz\u00e9lt id\u0151pont el\u0151tt <em>maximum 15 perccel<\/em> az Oszt\u00e1lyon<\/li>\n<li><strong>Spermavizsg\u00e1lat:<\/strong> az otthon nyert mint\u00e1t a p\u00e1r b\u00e1rmelyik (de csak egyik) tagja hozza be. K\u00e9rj\u00fck, hogy<a href=\"https:\/\/semmelweis.hu\/asszisztaltreprodukcio\/covid-protokoll\/spermavizsgalat-az-asszisztalt-reprodukcios-osztalyon-covid-19-jarvany-idejen\/\"> a t\u00e1j\u00e9koztat\u00f3nak<\/a> megfelel\u0151en j\u00e1rjanak el.<\/li>\n<li><strong>Inszemin\u00e1ci\u00f3 (ond\u00f3felhelyez\u00e9s):<\/strong> az otthon nyert mint\u00e1t a p\u00e1r b\u00e1rmelyik (de csak egyik) tagja hozza be.<\/li>\n<li><strong>In Vitro Fertiliz\u00e1ci\u00f3s (\u201elombik\u201d) kezel\u00e9s:<\/strong>\n<ul>\n<li><strong>A Petesejtnyer\u00e9s napj\u00e1n:<\/strong>\n<ul>\n<li><strong style=\"font-size: 1rem\">Reggel:<\/strong><span style=\"font-size: 1rem\"> a kezel\u0151orvossal egyeztetett id\u0151pontban, a p\u00e1r n\u0151tagj\u00e1nak szem\u00e9lyes megjelen\u00e9se, az otthon nyert \u00a0spermamint\u00e1val (helysz\u00edni mintaad\u00e1s a kezel\u0151orvos d\u00f6nt\u00e9se alapj\u00e1n, csak indokolt esetben lehets\u00e9ges)<\/span><\/li>\n<li><strong style=\"font-size: 1rem\">D\u00e9lben:<\/strong><span style=\"font-size: 1rem\"> a p\u00e1r mindk\u00e9t tagj\u00e1nak szem\u00e9lyes megjelen\u00e9se az Oszt\u00e1lyon<\/span><\/li>\n<\/ul>\n<\/li>\n<\/ul>\n<\/li>\n<\/ul>\n<ul style=\"text-align: justify\">\n<li style=\"list-style-type: none\">\n<ul>\n<li><strong>Az embri\u00f3be\u00fcltet\u00e9s napj\u00e1n:<\/strong> a p\u00e1r mindk\u00e9t tagj\u00e1nak szem\u00e9lyes megjelen\u00e9se k\u00f6telez\u0151 az Oszt\u00e1lyon a telefonon egyeztetett id\u0151pontban.<\/li>\n<\/ul>\n<\/li>\n<\/ul>\n<p style=\"text-align: justify\">Ez\u00faton k\u00e9rj\u00fck \u00d6n\u00f6ket, hogy az egyeztetett id\u0151pontban (legkor\u00e1bban az azt megel\u0151z\u0151 negyed \u00f3r\u00e1ban), a fent le\u00edrtaknak megfelel\u0151en sz\u00edveskedjenek megjelenni. Esetleges akad\u00e1lyoztat\u00e1suk eset\u00e9n ezt kezel\u0151orvosuknak jelezz\u00e9k.<\/p>\n<p style=\"text-align: justify\">Sz\u00edves meg\u00e9rt\u00e9s\u00fcket \u00e9s egy\u00fcttm\u0171k\u00f6d\u00e9s\u00fcket k\u00f6sz\u00f6nj\u00fck!<\/p>\n<p style=\"text-align: justify\">Az Assziszt\u00e1lt Reprodukci\u00f3s Oszt\u00e1ly<\/p>\n<p style=\"text-align: justify\">munkat\u00e1rsai<\/p>\n","protected":false},"excerpt":{"rendered":"<p>Kedves Betegeink! Ez\u00faton t\u00e1j\u00e9koztatjuk \u00d6n\u00f6ket, hogy az \u00d6n\u00f6k szem\u00e9lyes megjelen\u00e9s\u00e9t ig\u00e9nyl\u0151 ell\u00e1t\u00e1sok a k\u00f6vetkez\u0151k\u00e9ppen alakulnak Oszt\u00e1lyunkon a COVID-19 j\u00e1rv\u00e1ny ideje alatt: Els\u0151 besz\u00e9lget\u00e9s: a p\u00e1r mindk\u00e9t tagj\u00e1nak szem\u00e9lyes megjelen\u00e9se, az egyeztetett id\u0151pont el\u0151tt maximum 15 perccel az Oszt\u00e1lyon M\u00e1sodik besz\u00e9lget\u00e9s (vizsg\u00e1lati eredm\u00e9nyek megbesz\u00e9l\u00e9se): a p\u00e1r n\u0151tagj\u00e1nak megjelen\u00e9se, a megbesz\u00e9lt id\u0151pont el\u0151tt maximum 15 perccel az &hellip;<\/p>\n","protected":false},"author":101727,"featured_media":1935,"comment_status":"closed","ping_status":"closed","sticky":false,"template":"","format":"standard","meta":{"_acf_changed":false,"footnotes":""},"categories":[16],"tags":[],"class_list":["post-2127","post","type-post","status-publish","format-standard","has-post-thumbnail","hentry","category-hirek-kozlemenyek"],"acf":[],"_links":{"self":[{"href":"https:\/\/semmelweis.hu\/asszisztaltreprodukcio\/wp-json\/wp\/v2\/posts\/2127","targetHints":{"allow":["GET"]}}],"collection":[{"href":"https:\/\/semmelweis.hu\/asszisztaltreprodukcio\/wp-json\/wp\/v2\/posts"}],"about":[{"href":"https:\/\/semmelweis.hu\/asszisztaltreprodukcio\/wp-json\/wp\/v2\/types\/post"}],"author":[{"embeddable":true,"href":"https:\/\/semmelweis.hu\/asszisztaltreprodukcio\/wp-json\/wp\/v2\/users\/101727"}],"replies":[{"embeddable":true,"href":"https:\/\/semmelweis.hu\/asszisztaltreprodukcio\/wp-json\/wp\/v2\/comments?post=2127"}],"version-history":[{"count":3,"href":"https:\/\/semmelweis.hu\/asszisztaltreprodukcio\/wp-json\/wp\/v2\/posts\/2127\/revisions"}],"predecessor-version":[{"id":2130,"href":"https:\/\/semmelweis.hu\/asszisztaltreprodukcio\/wp-json\/wp\/v2\/posts\/2127\/revisions\/2130"}],"wp:featuredmedia":[{"embeddable":true,"href":"https:\/\/semmelweis.hu\/asszisztaltreprodukcio\/wp-json\/wp\/v2\/media\/1935"}],"wp:attachment":[{"href":"https:\/\/semmelweis.hu\/asszisztaltreprodukcio\/wp-json\/wp\/v2\/media?parent=2127"}],"wp:term":[{"taxonomy":"category","embeddable":true,"href":"https:\/\/semmelweis.hu\/asszisztaltreprodukcio\/wp-json\/wp\/v2\/categories?post=2127"},{"taxonomy":"post_tag","embeddable":true,"href":"https:\/\/semmelweis.hu\/asszisztaltreprodukcio\/wp-json\/wp\/v2\/tags?post=2127"}],"curies":[{"name":"wp","href":"https:\/\/api.w.org\/{rel}","templated":true}]}}