{"id":2075,"date":"2020-06-10T12:12:30","date_gmt":"2020-06-10T10:12:30","guid":{"rendered":"https:\/\/semmelweis.hu\/asszisztaltreprodukcio\/?p=2075"},"modified":"2025-05-06T10:11:45","modified_gmt":"2025-05-06T08:11:45","slug":"tajekoztato-telefonos-idopont-egyeztetesrol","status":"publish","type":"post","link":"https:\/\/semmelweis.hu\/asszisztaltreprodukcio\/2020\/06\/10\/tajekoztato-telefonos-idopont-egyeztetesrol\/","title":{"rendered":"T\u00e1j\u00e9koztat\u00f3 telefonos id\u0151pont egyeztet\u00e9sr\u0151l"},"content":{"rendered":"<div>\n<p><span style=\"font-weight: 400\">Az Oszt\u00e1lyunkon <\/span><b>el\u0151sz\u00f6r jelentkez\u0151 p\u00e1rok az els\u0151 konzult\u00e1ci\u00f3ra <\/b><span style=\"font-weight: 400\">mostant\u00f3l kiz\u00e1r\u00f3lag az al\u00e1bbi m\u00f3dokon tudnak id\u0151pontot foglalni:\u00a0<\/span><\/p>\n<ul>\n<li style=\"font-weight: 400\"><a href=\"https:\/\/www.eeszt.gov.hu\/hu\/nyito-oldal\"><span style=\"font-weight: 400\">EESZT lakoss\u00e1gi port\u00e1l<\/span><\/a><\/li>\n<li style=\"font-weight: 400\"><span style=\"font-weight: 400\">Eg\u00e9szs\u00e9gAblak applik\u00e1ci\u00f3<\/span><\/li>\n<li style=\"font-weight: 400\"><span style=\"font-weight: 400\">1812-es telefonsz\u00e1m<\/span><\/li>\n<\/ul>\n<\/div>\n<div style=\"text-align: justify\"><span style=\"font-weight: 400\">Azon Betegeink, akik m\u00e1r kezel\u00e9s alatt \u00e1llnak Oszt\u00e1lyunkon, tov\u00e1bbra is a kor\u00e1bbiakban megszokott m\u00f3don,\u00a0<\/span><\/div>\n<div>\u00a0<\/div>\n<div style=\"text-align: justify\"><strong>h\u00e9tf\u0151, kedd, szerda, cs\u00fct\u00f6rt\u00f6k<\/strong> napokon<\/div>\n<div>\u00a0<\/div>\n<div style=\"text-align: justify\">d\u00e9lut\u00e1n<strong> 13.00 \u00e9s 15.00 \u00f3ra k\u00f6z\u00f6t<\/strong>t a<\/div>\n<div>\u00a0<\/div>\n<div style=\"text-align: justify\"><strong>06-20-825-4234 <\/strong>telefonsz\u00e1mon kereszt<span style=\"font-size: 1rem\">\u00fcl.<\/span><\/div>\n<div style=\"text-align: justify\">\u00a0<\/div>\n<div style=\"text-align: justify\">Sz\u00edves egy\u00fcttm\u0171k\u00fcd\u00e9s\u00fcket \u00e9s meg\u00e9rt\u00e9s\u00fcket k\u00f6sz\u00f6nj\u00fck!<\/div>\n","protected":false},"excerpt":{"rendered":"<p>Id\u0151pont egyeztet\u00e9s\u00e9re kiz\u00e1r\u00f3lag telefonon van lehet\u0151s\u00e9g, h\u00e9tf\u0151t\u0151l cs\u00fct\u00f6rt\u00f6kig 13.00 \u00e9s 15.30 \u00f3ra k\u00f6z\u00f6tt <\/p>\n","protected":false},"author":101727,"featured_media":76,"comment_status":"closed","ping_status":"closed","sticky":false,"template":"","format":"standard","meta":{"_acf_changed":false,"footnotes":""},"categories":[16],"tags":[],"class_list":["post-2075","post","type-post","status-publish","format-standard","has-post-thumbnail","hentry","category-hirek-kozlemenyek"],"acf":[],"_links":{"self":[{"href":"https:\/\/semmelweis.hu\/asszisztaltreprodukcio\/wp-json\/wp\/v2\/posts\/2075","targetHints":{"allow":["GET"]}}],"collection":[{"href":"https:\/\/semmelweis.hu\/asszisztaltreprodukcio\/wp-json\/wp\/v2\/posts"}],"about":[{"href":"https:\/\/semmelweis.hu\/asszisztaltreprodukcio\/wp-json\/wp\/v2\/types\/post"}],"author":[{"embeddable":true,"href":"https:\/\/semmelweis.hu\/asszisztaltreprodukcio\/wp-json\/wp\/v2\/users\/101727"}],"replies":[{"embeddable":true,"href":"https:\/\/semmelweis.hu\/asszisztaltreprodukcio\/wp-json\/wp\/v2\/comments?post=2075"}],"version-history":[{"count":7,"href":"https:\/\/semmelweis.hu\/asszisztaltreprodukcio\/wp-json\/wp\/v2\/posts\/2075\/revisions"}],"predecessor-version":[{"id":2643,"href":"https:\/\/semmelweis.hu\/asszisztaltreprodukcio\/wp-json\/wp\/v2\/posts\/2075\/revisions\/2643"}],"wp:featuredmedia":[{"embeddable":true,"href":"https:\/\/semmelweis.hu\/asszisztaltreprodukcio\/wp-json\/wp\/v2\/media\/76"}],"wp:attachment":[{"href":"https:\/\/semmelweis.hu\/asszisztaltreprodukcio\/wp-json\/wp\/v2\/media?parent=2075"}],"wp:term":[{"taxonomy":"category","embeddable":true,"href":"https:\/\/semmelweis.hu\/asszisztaltreprodukcio\/wp-json\/wp\/v2\/categories?post=2075"},{"taxonomy":"post_tag","embeddable":true,"href":"https:\/\/semmelweis.hu\/asszisztaltreprodukcio\/wp-json\/wp\/v2\/tags?post=2075"}],"curies":[{"name":"wp","href":"https:\/\/api.w.org\/{rel}","templated":true}]}}