{"id":2007,"date":"2020-04-27T12:08:36","date_gmt":"2020-04-27T10:08:36","guid":{"rendered":"https:\/\/semmelweis.hu\/asszisztaltreprodukcio\/?p=2007"},"modified":"2020-05-14T15:12:12","modified_gmt":"2020-05-14T13:12:12","slug":"kozremukodesunkrol-ordog-nora-pozitiv-c-konyveben","status":"publish","type":"post","link":"https:\/\/semmelweis.hu\/asszisztaltreprodukcio\/2020\/04\/27\/kozremukodesunkrol-ordog-nora-pozitiv-c-konyveben\/","title":{"rendered":"Oszt\u00e1lyunk k\u00f6zrem\u0171k\u00f6d\u00e9se \u00d6rd\u00f6g N\u00f3ra: Pozit\u00edv c. k\u00f6nyv\u00e9ben"},"content":{"rendered":"<p style=\"text-align: justify\">Oszt\u00e1lyunk vezet\u0151je Prof. Dr. Urbancsek J\u00e1nos szak\u00e9rt\u0151k\u00e9nt k\u00f6zrem\u0171k\u00fcd\u00f6tt \u00d6rd\u00f6g N\u00f3ra, a Libri kiad\u00f3 gondoz\u00e1s\u00e1ban, 2016-ban megjelent &#8222;Pozit\u00edv &#8211; Tudom, hogy egyszer anya leszek&#8221; c\u00edm\u0171 k\u00f6nyv\u00e9nek meg\u00edr\u00e1s\u00e1ban. A k\u00f6nyv sz\u00e1mos helyen id\u00e9zi a Professzor gondolatait is.<\/p>\n<p style=\"text-align: justify\"><img loading=\"lazy\" decoding=\"async\" class=\"size-medium wp-image-2008 alignleft\" src=\"https:\/\/semmelweis.hu\/asszisztaltreprodukcio\/files\/2020\/05\/\u00d6rd\u00f6gN\u00f3ra-310x400.jpg\" alt=\"\" width=\"310\" height=\"400\" srcset=\"https:\/\/semmelweis.hu\/asszisztaltreprodukcio\/files\/2020\/05\/\u00d6rd\u00f6gN\u00f3ra-310x400.jpg 310w, https:\/\/semmelweis.hu\/asszisztaltreprodukcio\/files\/2020\/05\/\u00d6rd\u00f6gN\u00f3ra-233x300.jpg 233w, https:\/\/semmelweis.hu\/asszisztaltreprodukcio\/files\/2020\/05\/\u00d6rd\u00f6gN\u00f3ra.jpg 400w\" sizes=\"auto, (max-width: 310px) 100vw, 310px\" \/><em>Tudom, hogy egyszer anya leszek.<\/em><br \/>\n<em>,,Egy \u00e9ven \u00e1t tart\u00f3 rem\u00e9nytelen pr\u00f3b\u00e1lkoz\u00e1ssorozat ut\u00e1n szembes\u00fclt\u00fcnk a t\u00e9nnyel, hogy az orvosok szerint medd\u0151 p\u00e1r vagyunk a f\u00e9rjemmel. K\u00f6zben meg\u00e9lt\u00fck, hogy a k\u00f6rnyezet\u00fcnkben sokaknak szinte az els\u0151 \u00e9rint\u00e9sre siker\u00fclt, csak nek\u00fcnk nem. Tudom, milyen az, amikor magadban keresed a hib\u00e1t, mert a vizsg\u00e1latok szerint nincs szervi oka a medd\u0151s\u00e9gednek. Ismerem az \u0151si f\u00e9lelmet: mi van, ha nem lehet gyerekem? \u00c9s most m\u00e1r azt is tudom, mi\u00e9rt ne mondd soha egy bab\u00e1\u00e9rt k\u00fczd\u0151 n\u0151nek, hogy ne fesz\u00fclj r\u00e1, ne g\u00f6rcs\u00f6lj, engedd el, \u00e9s menni fog. Ebben a k\u00f6nyvben ilyen tan\u00e1csot biztosan nem olvasol majd. Nem bosszantani szeretn\u00e9lek, hanem rem\u00e9nyt adni, hitet, kapaszkod\u00f3t a &#8211; saj\u00e1t t\u00f6rt\u00e9netemmel \u00e9s olyan szak\u00e9rt\u0151k gondolataival, akikkel tal\u00e1lkoztam a k\u00fczdelm\u00fcnk sor\u00e1n.<\/em><br \/>\n<em>Mindig is hittem abban, hogy egyszer anya leszek. Ugye te is hiszel?&#8221;<\/em><\/p>\n<p style=\"text-align: justify\"><img loading=\"lazy\" decoding=\"async\" class=\"wp-image-2009 alignright\" src=\"https:\/\/semmelweis.hu\/asszisztaltreprodukcio\/files\/2020\/05\/\u00f6rd\u00f6g-n\u00f3ra-al\u00e1\u00edr\u00e1s-400x187.jpg\" alt=\"\" width=\"241\" height=\"112\" srcset=\"https:\/\/semmelweis.hu\/asszisztaltreprodukcio\/files\/2020\/05\/\u00f6rd\u00f6g-n\u00f3ra-al\u00e1\u00edr\u00e1s-400x187.jpg 400w, https:\/\/semmelweis.hu\/asszisztaltreprodukcio\/files\/2020\/05\/\u00f6rd\u00f6g-n\u00f3ra-al\u00e1\u00edr\u00e1s-1024x479.jpg 1024w, https:\/\/semmelweis.hu\/asszisztaltreprodukcio\/files\/2020\/05\/\u00f6rd\u00f6g-n\u00f3ra-al\u00e1\u00edr\u00e1s-768x360.jpg 768w, https:\/\/semmelweis.hu\/asszisztaltreprodukcio\/files\/2020\/05\/\u00f6rd\u00f6g-n\u00f3ra-al\u00e1\u00edr\u00e1s-580x272.jpg 580w, https:\/\/semmelweis.hu\/asszisztaltreprodukcio\/files\/2020\/05\/\u00f6rd\u00f6g-n\u00f3ra-al\u00e1\u00edr\u00e1s-753x352.jpg 753w, https:\/\/semmelweis.hu\/asszisztaltreprodukcio\/files\/2020\/05\/\u00f6rd\u00f6g-n\u00f3ra-al\u00e1\u00edr\u00e1s.jpg 1051w\" sizes=\"auto, (max-width: 241px) 100vw, 241px\" \/><\/p>\n","protected":false},"excerpt":{"rendered":"<p>Oszt\u00e1lyunk vezet\u0151je Prof. Dr. Urbancsek J\u00e1nos szak\u00e9rt\u0151k\u00e9nt k\u00f6zrem\u0171k\u00fcd\u00f6tt \u00d6rd\u00f6g N\u00f3ra, a Libri kiad\u00f3 gondoz\u00e1s\u00e1ban, 2016-ban megjelent &#8222;Pozit\u00edv &#8211; Tudom, hogy egyszer anya leszek&#8221; c\u00edm\u0171 k\u00f6nyv\u00e9nek meg\u00edr\u00e1s\u00e1ban. A k\u00f6nyv sz\u00e1mos helyen id\u00e9zi a Professzor gondolatait is. Tudom, hogy egyszer anya leszek. ,,Egy \u00e9ven \u00e1t tart\u00f3 rem\u00e9nytelen pr\u00f3b\u00e1lkoz\u00e1ssorozat ut\u00e1n szembes\u00fclt\u00fcnk a t\u00e9nnyel, hogy az orvosok szerint medd\u0151 &hellip;<\/p>\n","protected":false},"author":101727,"featured_media":2008,"comment_status":"closed","ping_status":"closed","sticky":false,"template":"","format":"standard","meta":{"_acf_changed":false,"footnotes":""},"categories":[16,38],"tags":[],"class_list":["post-2007","post","type-post","status-publish","format-standard","has-post-thumbnail","hentry","category-hirek-kozlemenyek","category-media"],"acf":[],"_links":{"self":[{"href":"https:\/\/semmelweis.hu\/asszisztaltreprodukcio\/wp-json\/wp\/v2\/posts\/2007","targetHints":{"allow":["GET"]}}],"collection":[{"href":"https:\/\/semmelweis.hu\/asszisztaltreprodukcio\/wp-json\/wp\/v2\/posts"}],"about":[{"href":"https:\/\/semmelweis.hu\/asszisztaltreprodukcio\/wp-json\/wp\/v2\/types\/post"}],"author":[{"embeddable":true,"href":"https:\/\/semmelweis.hu\/asszisztaltreprodukcio\/wp-json\/wp\/v2\/users\/101727"}],"replies":[{"embeddable":true,"href":"https:\/\/semmelweis.hu\/asszisztaltreprodukcio\/wp-json\/wp\/v2\/comments?post=2007"}],"version-history":[{"count":10,"href":"https:\/\/semmelweis.hu\/asszisztaltreprodukcio\/wp-json\/wp\/v2\/posts\/2007\/revisions"}],"predecessor-version":[{"id":2021,"href":"https:\/\/semmelweis.hu\/asszisztaltreprodukcio\/wp-json\/wp\/v2\/posts\/2007\/revisions\/2021"}],"wp:featuredmedia":[{"embeddable":true,"href":"https:\/\/semmelweis.hu\/asszisztaltreprodukcio\/wp-json\/wp\/v2\/media\/2008"}],"wp:attachment":[{"href":"https:\/\/semmelweis.hu\/asszisztaltreprodukcio\/wp-json\/wp\/v2\/media?parent=2007"}],"wp:term":[{"taxonomy":"category","embeddable":true,"href":"https:\/\/semmelweis.hu\/asszisztaltreprodukcio\/wp-json\/wp\/v2\/categories?post=2007"},{"taxonomy":"post_tag","embeddable":true,"href":"https:\/\/semmelweis.hu\/asszisztaltreprodukcio\/wp-json\/wp\/v2\/tags?post=2007"}],"curies":[{"name":"wp","href":"https:\/\/api.w.org\/{rel}","templated":true}]}}