{"id":1265,"date":"2020-03-31T13:40:37","date_gmt":"2020-03-31T11:40:37","guid":{"rendered":"http:\/\/semmelweis.hu\/arc\/?p=1265"},"modified":"2020-03-31T13:47:53","modified_gmt":"2020-03-31T11:47:53","slug":"gondozott-betegeink-reszere-online-recept-felirasi-lehetoseg","status":"publish","type":"post","link":"https:\/\/semmelweis.hu\/arc\/2020\/03\/31\/gondozott-betegeink-reszere-online-recept-felirasi-lehetoseg\/","title":{"rendered":"Gondozott betegeink r\u00e9sz\u00e9re online recept fel\u00edr\u00e1si lehet\u0151s\u00e9g"},"content":{"rendered":"<p>Kedves P\u00e1cienseink!<img loading=\"lazy\" decoding=\"async\" class=\"size-medium wp-image-1266 alignright\" src=\"https:\/\/semmelweis.hu\/arc\/files\/2020\/03\/e-recept-400x326.png\" alt=\"\" width=\"400\" height=\"326\" srcset=\"https:\/\/semmelweis.hu\/arc\/files\/2020\/03\/e-recept-400x326.png 400w, https:\/\/semmelweis.hu\/arc\/files\/2020\/03\/e-recept-1024x835.png 1024w, https:\/\/semmelweis.hu\/arc\/files\/2020\/03\/e-recept-768x626.png 768w, https:\/\/semmelweis.hu\/arc\/files\/2020\/03\/e-recept-753x614.png 753w, https:\/\/semmelweis.hu\/arc\/files\/2020\/03\/e-recept.png 1051w\" sizes=\"auto, (max-width: 400px) 100vw, 400px\" \/><\/p>\n<p>&nbsp;<\/p>\n<p><strong>Az Assziszt\u00e1lt Reprodukci\u00f3s Centrum seg\u00edteni szeretn\u00e9 gondozott p\u00e1cienseink folyamatos gy\u00f3gyszerell\u00e1t\u00e1s\u00e1t.<\/strong><\/p>\n<p>Felaj\u00e1nljuk, hogy az <a href=\"mailto:info.arc@med.semmelweis-univ.hu\">info.arc@med.semmelweis-univ.hu<\/a> c\u00edmre k\u00fcld\u00f6tt lev\u00e9lben k\u00e9rt gy\u00f3gyszerek receptjeit egy munkanapon bel\u00fcl fel\u00edrjuk \u00e9s felk\u00fcldj\u00fck az Elektronikus Eg\u00e9szs\u00e9g\u00fcgyi Szolg\u00e1ltat\u00e1si T\u00e9rbe, \u00edgy nem kell \u00e9rte bej\u00f6nni az ARC-be, el\u00e9g a gy\u00f3gyszert\u00e1rba menni \u00e9s ott kiv\u00e1ltani.<\/p>\n<p>A lev\u00e9l t\u00e1rgya mez\u0151be k\u00e9rj\u00fck a &#8222;recept&#8221; sz\u00f3t be\u00edrni!<\/p>\n<p>K\u00e9rj\u00fck a lev\u00e9lben \u00edrj\u00e1k meg nev\u00fcket, TAJ sz\u00e1mukat, a szedett gy\u00f3gyszer pontos megnevez\u00e9s\u00e9t, hat\u00e1ser\u0151ss\u00e9g\u00e9t \u00e9s a szed\u00e9s pontos m\u00f3dj\u00e1t. (Pl. N\u00e9v, 012-345-678, L-Thyroxin 100 ug, reggel 1 tabletta)<\/p>\n<p>Magisztr\u00e1lis (a gy\u00f3gyszert\u00e1rban k\u00fcl\u00f6nb\u00f6z\u0151 komponensekb\u0151l \u00f6ssze\u00e1ll\u00edtand\u00f3) k\u00e9sz\u00edtm\u00e9nyt nem tudunk fel\u00edrni.<\/p>\n<p>Telefonon \u00e9rkez\u0151 megkeres\u00e9st nem tudunk teljes\u00edteni.<\/p>\n","protected":false},"excerpt":{"rendered":"<p>Kedves P\u00e1cienseink! &nbsp; Az Assziszt\u00e1lt Reprodukci\u00f3s Centrum seg\u00edteni szeretn\u00e9 gondozott p\u00e1cienseink folyamatos gy\u00f3gyszerell\u00e1t\u00e1s\u00e1t. Felaj\u00e1nljuk, hogy az <a href=\"mailto:info.arc@med.semmelweis-univ.hu\">info.arc@med.semmelweis-univ.hu<\/a> c\u00edmre k\u00fcld\u00f6tt lev\u00e9lben k\u00e9rt gy\u00f3gyszerek receptjeit egy munkanapon bel\u00fcl fel\u00edrjuk \u00e9s felk\u00fcldj\u00fck az Elektronikus Eg\u00e9szs\u00e9g\u00fcgyi Szolg\u00e1ltat\u00e1si T\u00e9rbe, \u00edgy nem kell \u00e9rte bej\u00f6nni az ARC-be, el\u00e9g a gy\u00f3gyszert\u00e1rba menni \u00e9s ott kiv\u00e1ltani. A lev\u00e9l t\u00e1rgya mez\u0151be k\u00e9rj\u00fck a &#8222;recept&#8221; sz\u00f3t &hellip;<\/p>\n","protected":false},"author":101648,"featured_media":1266,"comment_status":"closed","ping_status":"closed","sticky":false,"template":"","format":"standard","meta":{"_acf_changed":false,"footnotes":""},"categories":[5,1],"tags":[],"class_list":["post-1265","post","type-post","status-publish","format-standard","has-post-thumbnail","hentry","category-cikkek","category-egyeb"],"acf":[],"_links":{"self":[{"href":"https:\/\/semmelweis.hu\/arc\/wp-json\/wp\/v2\/posts\/1265","targetHints":{"allow":["GET"]}}],"collection":[{"href":"https:\/\/semmelweis.hu\/arc\/wp-json\/wp\/v2\/posts"}],"about":[{"href":"https:\/\/semmelweis.hu\/arc\/wp-json\/wp\/v2\/types\/post"}],"author":[{"embeddable":true,"href":"https:\/\/semmelweis.hu\/arc\/wp-json\/wp\/v2\/users\/101648"}],"replies":[{"embeddable":true,"href":"https:\/\/semmelweis.hu\/arc\/wp-json\/wp\/v2\/comments?post=1265"}],"version-history":[{"count":3,"href":"https:\/\/semmelweis.hu\/arc\/wp-json\/wp\/v2\/posts\/1265\/revisions"}],"predecessor-version":[{"id":1269,"href":"https:\/\/semmelweis.hu\/arc\/wp-json\/wp\/v2\/posts\/1265\/revisions\/1269"}],"wp:featuredmedia":[{"embeddable":true,"href":"https:\/\/semmelweis.hu\/arc\/wp-json\/wp\/v2\/media\/1266"}],"wp:attachment":[{"href":"https:\/\/semmelweis.hu\/arc\/wp-json\/wp\/v2\/media?parent=1265"}],"wp:term":[{"taxonomy":"category","embeddable":true,"href":"https:\/\/semmelweis.hu\/arc\/wp-json\/wp\/v2\/categories?post=1265"},{"taxonomy":"post_tag","embeddable":true,"href":"https:\/\/semmelweis.hu\/arc\/wp-json\/wp\/v2\/tags?post=1265"}],"curies":[{"name":"wp","href":"https:\/\/api.w.org\/{rel}","templated":true}]}}