{"id":31525,"date":"2024-09-17T16:01:27","date_gmt":"2024-09-17T14:01:27","guid":{"rendered":"https:\/\/semmelweis.hu\/aok\/?p=31525"},"modified":"2024-09-17T16:08:53","modified_gmt":"2024-09-17T14:08:53","slug":"palyazati-felhivas-tehetseges-hallgatok-mentoralasara-a-nemzeti-tudoskepzo-akademia-programjaban","status":"publish","type":"post","link":"https:\/\/semmelweis.hu\/aok\/2024\/09\/17\/palyazati-felhivas-tehetseges-hallgatok-mentoralasara-a-nemzeti-tudoskepzo-akademia-programjaban\/","title":{"rendered":"P\u00e1ly\u00e1zati felh\u00edv\u00e1s tehets\u00e9ges hallgat\u00f3k mentor\u00e1l\u00e1s\u00e1ra  a Nemzeti Tud\u00f3sk\u00e9pz\u0151 Akad\u00e9mia programj\u00e1ban"},"content":{"rendered":"<h2 style=\"text-align: center;\">P\u00e1ly\u00e1zati felh\u00edv\u00e1s tehets\u00e9ges hallgat\u00f3k mentor\u00e1l\u00e1s\u00e1ra a Nemzeti Tud\u00f3sk\u00e9pz\u0151 Akad\u00e9mia programj\u00e1ban<\/h2>\n<h5 style=\"text-align: center;\">a Semmelweis Egyetemen \u00e9s a K\u00eds\u00e9rleti Orvostudom\u00e1nyi Kutat\u00f3int\u00e9zetben<\/h5>\n<h5 style=\"text-align: center;\">2024.<\/h5>\n<p>A <strong>Nemzeti Tud\u00f3sk\u00e9pz\u0151 Akad\u00e9mia<\/strong> (NTA) 2021. szeptember 1-\u00e9n az Innov\u00e1ci\u00f3s \u00e9s Technol\u00f3giai Miniszt\u00e9rium t\u00e1mogat\u00e1s\u00e1val alakult meg, melynek c\u00e9lja az orvosbiol\u00f3giai tudom\u00e1nyokat magas szinten m\u0171vel\u0151 kiemelked\u0151 hallgat\u00f3k anyagi \u00e9s k\u00e9pz\u00e9si t\u00e1mogat\u00e1sa egyetemi tanulm\u00e1nyaik sor\u00e1n. A Semmelweis Egyetem (SE) \u00e9s a HUN-REN K\u00eds\u00e9rleti Orvostudom\u00e1nyi Kutat\u00f3int\u00e9zet (HUN-REN KOKI) elk\u00f6telezett az orvosbiol\u00f3giai tudom\u00e1nyokat magas szinten m\u0171velni k\u00edv\u00e1n\u00f3, kiemelked\u0151 k\u00e9pess\u00e9g\u0171 hallgat\u00f3k t\u00e1mogat\u00e1s\u00e1ban, ez\u00e9rt 2021. november\u00e9ben az int\u00e9zm\u00e9ny csatlakozott az NTA programj\u00e1hoz \u00e9s v\u00e1rja a hallgat\u00f3k jelentkez\u00e9s\u00e9t. A jelenlegi felv\u00e9teli id\u0151szakban a SE-KOKI kutat\u00f3csoportjaiba legfeljebb 15 f\u0151 felv\u00e9tel\u00e9re van lehet\u0151s\u00e9g. A Program a k\u00f6vetkez\u0151 \u00e9vekben v\u00e1rhat\u00f3an jelent\u0151sen tov\u00e1bb b\u0151v\u00fcl.<\/p>\n<p>A Program sikeress\u00e9g\u00e9ben kiemelked\u0151 szerepe van a mentor\u00e1l\u00e1st biztos\u00edt\u00f3 kutat\u00f3knak\/oktat\u00f3knak, \u00edgy az al\u00e1bbi felh\u00edv\u00e1s alapj\u00e1n v\u00e1rjuk \u00faj lehets\u00e9ges mentorok (\u00fan. Szent-Gy\u00f6rgyi Mentorok) jelentkez\u00e9s\u00e9t! A kor\u00e1bban a programba felv\u00e9telt nyert Mentoroknak nem sz\u00fcks\u00e9ges ism\u00e9t p\u00e1ly\u00e1zatot beny\u00fajtani.<\/p>\n<p>A Szent-Gy\u00f6rgyi Mentorokkal szemben t\u00e1masztott k\u00f6vetelm\u00e9nyek:<\/p>\n<ul>\n<li>PhD tudom\u00e1nyos fokozat<\/li>\n<li>prefer\u00e1ltan olyan akt\u00edv kutat\u00e1si p\u00e1ly\u00e1zat, amely a Mentor laborat\u00f3rium\u00e1ban zajl\u00f3 kutat\u00e1si tev\u00e9kenys\u00e9get finansz\u00edroz\u00f3 p\u00e1ly\u00e1zati k\u00f6lts\u00e9gvet\u00e9si forr\u00e1st is tartalmaz<\/li>\n<li>az elm\u00falt \u00f6t \u00e9vben legal\u00e1bb egy olyan <strong>eredeti levelez\u0151 szerz\u0151s\u00e9g\u0171 publik\u00e1ci\u00f3<\/strong>, amely <strong>minimum 5-\u00f6s impakt faktor\u00fa<\/strong> \u00e9s\/vagy az adott tudom\u00e1nyter\u00fclet fels\u0151 10%-\u00e1ba tartoz\u00f3 foly\u00f3iratban jelent meg (az ut\u00f3bbi csak abban a kiv\u00e9teles esetben alkalmazand\u00f3, ha az adott tudom\u00e1nyter\u00fcleten nincsenek 5-\u00f6s impakt faktor\u00fa \u00fajs\u00e1gok)<\/li>\n<\/ul>\n<p>A Szent-Gy\u00f6rgyi Mentorok f\u0151bb feladatai:<\/p>\n<ul>\n<li>lehet\u0151s\u00e9get ny\u00fajtanak a Hallgat\u00f3knak arra, hogy bekapcsol\u00f3djanak az \u00e1ltaluk vezetett kutat\u00f3csoport tev\u00e9kenys\u00e9g\u00e9be, biztos\u00edtj\u00e1k sz\u00e1mukra a kutat\u00e1si felt\u00e9teleket<\/li>\n<li>v\u00e1llalj\u00e1k, hogy a szem\u00e9lyesen is r\u00e9szt vesznek a Hallgat\u00f3k k\u00e9pz\u00e9s\u00e9ben, oktatj\u00e1k, vezetik a r\u00e1juk b\u00edzott tehets\u00e9geket<\/li>\n<li>t\u00e1mogatj\u00e1k a Hallgat\u00f3k tudom\u00e1nyos kutat\u00f3munk\u00e1ja eredm\u00e9nyeinek az egyetemi tanulm\u00e1nyok (osztott k\u00e9pz\u00e9s eset\u00e9n a BSc kezdet\u00e9t\u0151l sz\u00e1m\u00edtott) 3. \u00e9v v\u00e9g\u00e9ig t\u00e1rszerz\u0151k\u00e9nt, az egyetemi tanulm\u00e1nyok v\u00e9gezt\u00e9ig pedig els\u0151 szerz\u0151k\u00e9nt val\u00f3 beny\u00fajt\u00e1s\u00e1t egy SciMago Q1-es, legal\u00e1bb 3-as impakt faktor\u00fa nemzetk\u00f6zi foly\u00f3iratba<\/li>\n<li>el\u0151ad\u00e1sokkal \u00e9s neves k\u00fclf\u00f6ldi kollabor\u00e1ci\u00f3s partnereik (nemzetk\u00f6zi mentorok) megh\u00edv\u00e1s\u00e1val akt\u00edvan r\u00e9szt vesznek az NTA \u00f6szt\u00f6nd\u00edjasainak szervezend\u0151 szemin\u00e1rium sorozatban (a nemzetk\u00f6zi mentorok utaz\u00e1si- \u00e9s sz\u00e1ll\u00e1sk\u00f6lts\u00e9geit az NTA fedezi)<\/li>\n<li>felk\u00e9r\u00e9sre r\u00e9szt vesznek \u00e9s el\u0151ad\u00e1st tartanak az NTA rendezv\u00e9nyein, k\u00fcl\u00f6n\u00f6s tekintettel a tavaszi \u00e9s \u0151szi Nobel-d\u00edjasok \u00e9s Tehets\u00e9ges Di\u00e1kok tal\u00e1lkoz\u00f3ira<\/li>\n<\/ul>\n<p>A mentor\u00e1l\u00e1ssal kapcsolatos tov\u00e1bbi felt\u00e9telek:<\/p>\n<ul>\n<li>egy Szent-Gy\u00f6rgyi Mentornak legfeljebb k\u00e9t mentor\u00e1lt hallgat\u00f3ja lehet<\/li>\n<li>a Szent-Gy\u00f6rgyi Mentorok mentor\u00e1l\u00e1si feladataikat r\u00e9szben megoszthatj\u00e1k egy \u00e1ltaluk megnevezett junior mentorral (a junior mentoroknak PhD fokozattal kell rendelkezni\u00fck, de nem sz\u00fcks\u00e9ges teljes\u00edteni\u00fck a Szent-Gy\u00f6rgyi Mentorokkal szemben \u00e1ll\u00edtott tov\u00e1bbi k\u00f6vetelm\u00e9nyeket)<\/li>\n<\/ul>\n<p>A Szent-Gy\u00f6rgyi Mentorok f\u0151bb juttat\u00e1sai \u00e9s azok felt\u00e9telei:<\/p>\n<ul>\n<li>tev\u00e9kenys\u00e9g\u00fck ell\u00e1t\u00e1s\u00e1\u00e9rt megb\u00edz\u00e1si d\u00edj illeti meg \u0151ket, amelynek m\u00e9rt\u00e9ke mentor\u00e1lt hallgat\u00f3nk\u00e9nt brutt\u00f3 150\u00a0000 Ft\/h\u00f3<\/li>\n<li>a megb\u00edz\u00e1si d\u00edj egy r\u00e9sz\u00e9nek kifizet\u00e9se a v\u00e1llalt feladatok \u00e9s felt\u00e9telek (k\u00e9zirat beny\u00fajt\u00e1sa, hallgat\u00f3i besz\u00e1mol\u00f3 elfogad\u00e1sa, stb.) teljes\u00edt\u00e9s\u00e9hez k\u00f6t\u00f6tt<\/li>\n<li>a megb\u00edz\u00e1si d\u00edj az adott hallgat\u00f3 junior mentor\u00e1val r\u00e9szben megoszthat\u00f3<\/li>\n<\/ul>\n<p>A programba val\u00f3 beker\u00fcl\u00e9s mindaddig nem von maga ut\u00e1n k\u00f6telezetts\u00e9get, ameddig az \u00e9rintett Mentor nem rendelkezik mentor\u00e1lt Hallgat\u00f3val. Hallgat\u00f3 fogad\u00e1sa eset\u00e9n biztos\u00edtott tov\u00e1bbi juttat\u00e1sokr\u00f3l az NTA SE\/KOKI szakmai vezet\u0151j\u00e9t\u0151l k\u00e9rhet t\u00e1j\u00e9koztat\u00e1st.<\/p>\n<p>Az NTA k\u00e9pz\u00e9si programj\u00e1r\u00f3l tov\u00e1bbi inform\u00e1ci\u00f3t a <a href=\"http:\/\/www.edu-sci.org\/\">http:\/\/www.edu-sci.org\/<\/a> oldalon olvashatnak.<\/p>\n<p><strong>Jelentkez\u00e9s\u00fcket<\/strong> a fenti felt\u00e9telek alapj\u00e1n, az <strong>\u00f6n\u00e9letrajzuk<\/strong>, az <strong>akt\u00edv kutat\u00e1si t\u00e1mogat\u00e1saik <\/strong>\u00e9s az <strong>elm\u00falt \u00f6t \u00e9vben megjelent legjobb \u00f6t eredeti levelez\u0151 szerz\u0151s k\u00f6zlem\u00e9ny\u00fck param\u00e9tereinek <\/strong>(impakt faktorral egy\u00fctt) <strong>bek\u00fcld\u00e9s\u00e9vel<\/strong> <strong>2024. szeptember 30.<\/strong> napig a <a href=\"mailto:se@edu-sci.org\">se@edu-sci.org<\/a> e-mail c\u00edmre v\u00e1rjuk.<\/p>\n<p>A k\u00e9pz\u00e9si program koordin\u00e1l\u00e1s\u00e1t \u00e9s a megb\u00edz\u00e1si d\u00edj foly\u00f3s\u00edt\u00e1s\u00e1t a <strong>Nemzeti Orvosbiol\u00f3giai<\/strong> <strong>Alap\u00edtv\u00e1ny <\/strong>v\u00e9gzi a Kultur\u00e1lis \u00e9s Innov\u00e1ci\u00f3s Miniszt\u00e9rium t\u00e1mogat\u00e1s\u00e1val.<\/p>\n<p>Amennyiben komolyan \u00e9rdekl\u0151dik a kiemelked\u0151 orvosbiol\u00f3giai\/hum\u00e1n \u00e9lettudom\u00e1nyi kutat\u00e1sokat v\u00e9gz\u0151 hallgat\u00f3k mentor\u00e1l\u00e1sa ir\u00e1nt \u00e9s a fentieknek mindenben megfelel, akkor jelentkez\u00e9s\u00e9t \u00f6r\u00f6mmel v\u00e1rjuk!<\/p>\n<p>A programmal \u00e9s a jelentkez\u00e9ssel kapcsolatban \u00e9rdekl\u0151dni lehet:<\/p>\n<p>NTA \u2013 K\u00e9pz\u00e9si Iroda<\/p>\n<p>E-mail: <a href=\"mailto:se@edu-sci.org\">se@edu-sci.org<\/a><\/p>\n<p>Budapest, 2024. szeptember 06.<\/p>\n<p style=\"text-align: center;\">\u00a0\u00a0\u00a0\u00a0\u00a0\u00a0\u00a0\u00a0\u00a0\u00a0\u00a0\u00a0\u00a0\u00a0\u00a0\u00a0\u00a0\u00a0\u00a0\u00a0\u00a0\u00a0\u00a0 Dr. Varr\u00f3 Andr\u00e1s\u00a0\u00a0\u00a0\u00a0\u00a0\u00a0\u00a0\u00a0\u00a0\u00a0\u00a0\u00a0\u00a0\u00a0\u00a0\u00a0\u00a0\u00a0\u00a0\u00a0\u00a0\u00a0\u00a0\u00a0\u00a0\u00a0\u00a0\u00a0\u00a0\u00a0\u00a0\u00a0\u00a0\u00a0\u00a0\u00a0\u00a0\u00a0\u00a0\u00a0\u00a0\u00a0\u00a0\u00a0\u00a0\u00a0\u00a0\u00a0 Dr. Hegyi P\u00e9ter<br \/>\n\u00a0\u00a0\u00a0\u00a0\u00a0\u00a0\u00a0\u00a0\u00a0\u00a0\u00a0\u00a0\u00a0\u00a0\u00a0\u00a0\u00a0\u00a0\u00a0\u00a0 a Kurat\u00f3rium eln\u00f6ke\u00a0\u00a0\u00a0\u00a0\u00a0\u00a0\u00a0\u00a0\u00a0\u00a0\u00a0\u00a0\u00a0\u00a0\u00a0\u00a0\u00a0\u00a0\u00a0\u00a0\u00a0\u00a0\u00a0\u00a0\u00a0\u00a0\u00a0\u00a0\u00a0\u00a0\u00a0\u00a0\u00a0\u00a0\u00a0\u00a0\u00a0\u00a0\u00a0\u00a0\u00a0\u00a0\u00a0\u00a0 programigazgat\u00f3<\/p>\n<p style=\"text-align: center;\">Dr. Rakonczay Zolt\u00e1n<br \/>\negyetemi k\u00e9pz\u00e9si igazgat\u00f3<\/p>\n<p style=\"text-align: center;\">\u00a0\u00a0\u00a0\u00a0\u00a0\u00a0\u00a0\u00a0\u00a0\u00a0\u00a0\u00a0\u00a0\u00a0\u00a0\u00a0\u00a0\u00a0\u00a0\u00a0\u00a0\u00a0\u00a0 Dr. M\u00f3csai Attila\u00a0\u00a0\u00a0\u00a0\u00a0\u00a0\u00a0\u00a0\u00a0\u00a0\u00a0\u00a0\u00a0\u00a0\u00a0\u00a0\u00a0\u00a0\u00a0\u00a0\u00a0\u00a0\u00a0\u00a0\u00a0\u00a0\u00a0\u00a0\u00a0\u00a0\u00a0\u00a0\u00a0\u00a0\u00a0\u00a0\u00a0\u00a0\u00a0\u00a0\u00a0\u00a0\u00a0\u00a0\u00a0\u00a0\u00a0 Dr. D\u00e9nes \u00c1d\u00e1m<br \/>\n\u00a0\u00a0\u00a0\u00a0\u00a0\u00a0\u00a0\u00a0\u00a0\u00a0\u00a0\u00a0\u00a0\u00a0\u00a0\u00a0\u00a0 NTA-SE szakmai vezet\u0151 \u00a0\u00a0\u00a0\u00a0\u00a0\u00a0\u00a0\u00a0\u00a0\u00a0\u00a0\u00a0\u00a0\u00a0\u00a0\u00a0\u00a0\u00a0\u00a0\u00a0\u00a0\u00a0\u00a0\u00a0\u00a0\u00a0\u00a0\u00a0\u00a0\u00a0\u00a0 NTA-KOKI szakmai vezet\u0151<\/p>\n<p>&nbsp;<\/p>\n<p>&nbsp;<\/p>\n<p>&nbsp;<\/p>\n<p>&nbsp;<\/p>\n","protected":false},"excerpt":{"rendered":"<p>P\u00e1ly\u00e1zati felh\u00edv\u00e1s tehets\u00e9ges hallgat\u00f3k mentor\u00e1l\u00e1s\u00e1ra a Nemzeti Tud\u00f3sk\u00e9pz\u0151 Akad\u00e9mia programj\u00e1ban a Semmelweis Egyetemen \u00e9s a K\u00eds\u00e9rleti Orvostudom\u00e1nyi Kutat\u00f3int\u00e9zetben 2024. A Nemzeti Tud\u00f3sk\u00e9pz\u0151 Akad\u00e9mia (NTA) 2021. szeptember 1-\u00e9n az Innov\u00e1ci\u00f3s \u00e9s Technol\u00f3giai Miniszt\u00e9rium t\u00e1mogat\u00e1s\u00e1val alakult meg, melynek c\u00e9lja az orvosbiol\u00f3giai tudom\u00e1nyokat magas szinten m\u0171vel\u0151 kiemelked\u0151 hallgat\u00f3k anyagi \u00e9s k\u00e9pz\u00e9si t\u00e1mogat\u00e1sa egyetemi tanulm\u00e1nyaik sor\u00e1n. A Semmelweis Egyetem &hellip;<\/p>\n","protected":false},"author":101542,"featured_media":0,"comment_status":"closed","ping_status":"closed","sticky":false,"template":"","format":"standard","meta":{"_acf_changed":false,"footnotes":""},"categories":[31],"tags":[36],"class_list":["post-31525","post","type-post","status-publish","format-standard","hentry","category-palyazatok-osztondijak","tag-oktatoi-palyazat"],"acf":[],"publishpress_future_action":{"enabled":false,"date":"1970-01-01 01:00:00","action":"","terms":[],"taxonomy":"","browser_timezone_offset":0},"_links":{"self":[{"href":"https:\/\/semmelweis.hu\/aok\/wp-json\/wp\/v2\/posts\/31525","targetHints":{"allow":["GET"]}}],"collection":[{"href":"https:\/\/semmelweis.hu\/aok\/wp-json\/wp\/v2\/posts"}],"about":[{"href":"https:\/\/semmelweis.hu\/aok\/wp-json\/wp\/v2\/types\/post"}],"author":[{"embeddable":true,"href":"https:\/\/semmelweis.hu\/aok\/wp-json\/wp\/v2\/users\/101542"}],"replies":[{"embeddable":true,"href":"https:\/\/semmelweis.hu\/aok\/wp-json\/wp\/v2\/comments?post=31525"}],"version-history":[{"count":2,"href":"https:\/\/semmelweis.hu\/aok\/wp-json\/wp\/v2\/posts\/31525\/revisions"}],"predecessor-version":[{"id":33366,"href":"https:\/\/semmelweis.hu\/aok\/wp-json\/wp\/v2\/posts\/31525\/revisions\/33366"}],"wp:attachment":[{"href":"https:\/\/semmelweis.hu\/aok\/wp-json\/wp\/v2\/media?parent=31525"}],"wp:term":[{"taxonomy":"category","embeddable":true,"href":"https:\/\/semmelweis.hu\/aok\/wp-json\/wp\/v2\/categories?post=31525"},{"taxonomy":"post_tag","embeddable":true,"href":"https:\/\/semmelweis.hu\/aok\/wp-json\/wp\/v2\/tags?post=31525"}],"curies":[{"name":"wp","href":"https:\/\/api.w.org\/{rel}","templated":true}]}}